{"id":148825,"date":"2019-01-29T11:04:52","date_gmt":"2019-01-29T10:04:52","guid":{"rendered":"http:\/\/www.brundisium.net\/?p=148825"},"modified":"2019-01-29T11:04:52","modified_gmt":"2019-01-29T10:04:52","slug":"bbc-contro-lo-spreco-alimentare-evento-giovedi-a-palazzo-nervegna","status":"publish","type":"post","link":"https:\/\/www.brundisium.net\/index.php\/bbc-contro-lo-spreco-alimentare-evento-giovedi-a-palazzo-nervegna\/","title":{"rendered":"BBC contro lo spreco alimentare: evento gioved\u00ec a Palazzo Nervegna"},"content":{"rendered":"<p>Brindisi Bene Comune aderisce alla lotta allo spreco alimentare e intende perseguire il modello di Avanzi Popolo 2.0: promuovere azioni contro lo spreco di cibo costruendo reti tra i luoghi dove si produce lo spreco (famiglie, dettaglianti e ristoratori) e i luoghi del bisogno utilizzando il cibo che rischia di essere buttato e la disponibilit\u00e0 di tempo della comunit\u00e0.<br \/>\nSi mette in moto un tentativo di risposta alla povert\u00e0 estrema e di salvaguardia ambientale attraverso strumenti utilizzati nelle esperienze di economia collaborativa.<br \/>\nNe discutiamo insieme ad Antonio Spera, socio fondatore dell\u2019associazione Onlus \u201cFarina 080\u201d iscritto al progetto \u201cAvanzi Popolo 2.0\u201d di Bari.<br \/>\nGioved\u00ec 31 Gennaio 2019, ore 18.00, sala Universit\u00e0, Palazzo Nervegna. Via Duomo, Brindisi<\/p>\n","protected":false},"excerpt":{"rendered":"<p>Brindisi Bene Comune aderisce alla lotta allo spreco alimentare e intende perseguire il modello di Avanzi Popolo 2.0: promuovere azioni contro lo spreco di cibo costruendo reti tra i luoghi dove si produce lo spreco (famiglie, dettaglianti e ristoratori) e i luoghi del bisogno utilizzando il cibo che rischia di essere buttato e la disponibilit\u00e0 di tempo della comunit\u00e0. Si mette in moto un tentativo di risposta alla povert\u00e0 estrema e di salvaguardia ambientale attraverso strumenti utilizzati nelle esperienze di economia collaborativa. Ne discutiamo insieme ad Antonio Spera, socio fondatore dell\u2019associazione Onlus \u201cFarina 080\u201d iscritto al progetto \u201cAvanzi Popolo 2.0\u201d di Bari. Gioved\u00ec 31 Gennaio 2019, ore 18.00, sala Universit\u00e0, Palazzo Nervegna. Via Duomo, Brindisi<\/p>\n","protected":false},"author":2,"featured_media":109882,"comment_status":"open","ping_status":"closed","sticky":false,"template":"","format":"standard","meta":{"footnotes":""},"categories":[7],"tags":[],"class_list":["post-148825","post","type-post","status-publish","format-standard","has-post-thumbnail","hentry","category-news"],"_links":{"self":[{"href":"https:\/\/www.brundisium.net\/index.php\/wp-json\/wp\/v2\/posts\/148825","targetHints":{"allow":["GET"]}}],"collection":[{"href":"https:\/\/www.brundisium.net\/index.php\/wp-json\/wp\/v2\/posts"}],"about":[{"href":"https:\/\/www.brundisium.net\/index.php\/wp-json\/wp\/v2\/types\/post"}],"author":[{"embeddable":true,"href":"https:\/\/www.brundisium.net\/index.php\/wp-json\/wp\/v2\/users\/2"}],"replies":[{"embeddable":true,"href":"https:\/\/www.brundisium.net\/index.php\/wp-json\/wp\/v2\/comments?post=148825"}],"version-history":[{"count":1,"href":"https:\/\/www.brundisium.net\/index.php\/wp-json\/wp\/v2\/posts\/148825\/revisions"}],"predecessor-version":[{"id":148826,"href":"https:\/\/www.brundisium.net\/index.php\/wp-json\/wp\/v2\/posts\/148825\/revisions\/148826"}],"wp:featuredmedia":[{"embeddable":true,"href":"https:\/\/www.brundisium.net\/index.php\/wp-json\/wp\/v2\/media\/109882"}],"wp:attachment":[{"href":"https:\/\/www.brundisium.net\/index.php\/wp-json\/wp\/v2\/media?parent=148825"}],"wp:term":[{"taxonomy":"category","embeddable":true,"href":"https:\/\/www.brundisium.net\/index.php\/wp-json\/wp\/v2\/categories?post=148825"},{"taxonomy":"post_tag","embeddable":true,"href":"https:\/\/www.brundisium.net\/index.php\/wp-json\/wp\/v2\/tags?post=148825"}],"curies":[{"name":"wp","href":"https:\/\/api.w.org\/{rel}","templated":true}]}}