{"id":148861,"date":"2019-01-29T16:35:36","date_gmt":"2019-01-29T15:35:36","guid":{"rendered":"http:\/\/www.brundisium.net\/?p=148861"},"modified":"2019-01-29T15:31:41","modified_gmt":"2019-01-29T14:31:41","slug":"sac-la-via-traiana-presentati-i-risultati-del-progetto-che-ha-interessato-la-citta-bianca","status":"publish","type":"post","link":"https:\/\/www.brundisium.net\/index.php\/sac-la-via-traiana-presentati-i-risultati-del-progetto-che-ha-interessato-la-citta-bianca\/","title":{"rendered":"SAC \u2013 La via Traiana: presentati i risultati del progetto che ha interessato la Citt\u00e0 bianca"},"content":{"rendered":"<p><a href=\"http:\/\/www.brundisium.net\/brun\/wp-content\/uploads\/2019\/01\/SAC-La-via-Traiana-ostuni-1.jpg\"><img loading=\"lazy\" decoding=\"async\" class=\"alignleft size-medium wp-image-148871\" src=\"http:\/\/www.brundisium.net\/brun\/wp-content\/uploads\/2019\/01\/SAC-La-via-Traiana-ostuni-1-300x168.jpg\" alt=\"\" width=\"300\" height=\"168\" srcset=\"https:\/\/www.brundisium.net\/brun\/wp-content\/uploads\/2019\/01\/SAC-La-via-Traiana-ostuni-1-300x168.jpg 300w, https:\/\/www.brundisium.net\/brun\/wp-content\/uploads\/2019\/01\/SAC-La-via-Traiana-ostuni-1-768x431.jpg 768w, https:\/\/www.brundisium.net\/brun\/wp-content\/uploads\/2019\/01\/SAC-La-via-Traiana-ostuni-1-1024x574.jpg 1024w\" sizes=\"auto, (max-width: 300px) 100vw, 300px\" \/><\/a><br \/>\nIl Sistema Ambientale e Culturale integrato, costruito attorno alla Via Traiana per consentire una fruizione inedita del patrimonio storico e paesaggistico del brindisino, \u00e8 riuscito a coinvolgere un numero altissimo di visitatori. Sono stati resi pubblici nel pomeriggio di ieri (luned\u00ec 28 gennaio) con l\u2019evento InfoSAC, tenutosi presso la chiesa di San Vito Martire, prima sala espositiva del Museo di Civilt\u00e0 Preclassiche della Murgia Meridionale, i dati relativi alle attivit\u00e0 svolte sul territorio ostunese in un anno di lavoro. Organizzato dalla cooperativa \u201cSistema Museo\u201d, responsabile dei servizi erogati, l\u2019evento ha visto la partecipazione del sindaco di Ostuni Gianfranco Coppola e dell\u2019assessore alla Cultura e al Turismo Vittorio Carparelli; del presidente dell\u2019ente museale Michele Conte e del direttore scientifico, il Prof. Donato Coppola; della dirigente per la Soprintendenza BEAP \u2013 Lecce, Brindisi, Taranto, Maria Piccarreta; del direttore del Parco delle Dune Costiere, Gianfranco Ciola; dei responsabili di progetto, membri della cooperativa Sistema Museo, Simone Mirto e Chiara Mazza; dell\u2019arch. Giuseppe De Prezzo, responsabile per il CETMA (Centro di ricerche europeo di tecnologie, design e materiali) delle implementazioni tecnologiche previste dal progetto del SAC \u2013 La Via Traiana.<\/p>\n<p>&nbsp;<\/p>\n<p><a href=\"http:\/\/www.brundisium.net\/brun\/wp-content\/uploads\/2019\/01\/SAC-La-via-Traiana-ostuni-2.jpg\"><img loading=\"lazy\" decoding=\"async\" class=\"size-medium wp-image-148872 alignright\" src=\"http:\/\/www.brundisium.net\/brun\/wp-content\/uploads\/2019\/01\/SAC-La-via-Traiana-ostuni-2-300x225.jpg\" alt=\"\" width=\"300\" height=\"225\" srcset=\"https:\/\/www.brundisium.net\/brun\/wp-content\/uploads\/2019\/01\/SAC-La-via-Traiana-ostuni-2-300x225.jpg 300w, https:\/\/www.brundisium.net\/brun\/wp-content\/uploads\/2019\/01\/SAC-La-via-Traiana-ostuni-2-768x576.jpg 768w, https:\/\/www.brundisium.net\/brun\/wp-content\/uploads\/2019\/01\/SAC-La-via-Traiana-ostuni-2.jpg 960w\" sizes=\"auto, (max-width: 300px) 100vw, 300px\" \/><br \/>\n<\/a>Nell\u2019ultimo anno su tutto il territorio del SAC, sono state condotte 955 attivit\u00e0 esperienziali, laboratori didattici, allestimenti tecnologici e servizi promozionali, che in totale hanno coinvolto 12mila partecipanti. Tra Museo di Civilt\u00e0 Preclassiche e Parco d\u2019Agnano, sono state svolte ogni weekend 220 attivit\u00e0, a cui hanno aderito 2423 fruitori tra turisti e visitatori. L\u2019importanza di valorizzare, gestire e fruire in maniera integrata del patrimonio culturale locale, ha permesso a bimbi e ragazzi, studenti, famiglie e turisti di entrare in contatto con la storia di luoghi familiari, eppure, per certi versi, sconosciuti.<br \/>\n\u00abNel portare ai responsabili e ai tanti presenti il saluto della mia amministrazione \u2013 afferma il sindaco Coppola \u2013 rivolgo i miei sentiti complimenti a chi \u00e8 riuscito non solo a ideare delle attivit\u00e0 fortemente stimolanti, declinate sulle peculiarit\u00e0 del nostro territorio. Sin dall\u2019inizio abbiamo creduto fermamente nella validit\u00e0 di questo progetto e siamo sicuri che la sinergia instauratasi tra i diversi attori coinvolti, possa in futuro continuare a dare grandi soddisfazioni\u00bb.<br \/>\n\u00abUna scommessa ampiamente vinta \u2013 dichiara l\u2019assessore Carparelli \u2013 il cui successo passa attraverso gli sforzi profusi per valorizzare un patrimonio dal valore inestimabile. I numeri che oggi snoccioliamo con orgoglio, rappresentano il risultato di un lavoro puntuale, condotto in maniera esemplare, soprattutto in termini di entusiasmo\u00bb.<br \/>\n\u00abUn progetto capace non solo di potenziare la fruibilit\u00e0 dei beni culturali \u2013 spiega la dirigente Piccarreta \u2013 ma anche di supportare il lavoro delle istituzioni nel migliorare le capacit\u00e0 di pianificazione e comunicazione. Attorno alla via Traiana troviamo un tessuto connettivo che racconta luoghi e avvenimenti storici simili, eppure unici. Essere in grado di narrare l\u2019identit\u00e0 di ogni territorio credo sia il risultato pi\u00f9 importante di questo progetto, su cui la Soprintendenza continuer\u00e0 senza dubbio a credere e investire\u00bb.<\/p>\n<p>&nbsp;<\/p>\n<p>Il progetto SAC \u2013 La via Traiana ha interessato, oltre la Citt\u00e0 bianca, i comuni di Brindisi, Carovigno, Ceglie Messapica, Fasano e San Vito dei Normanni, assieme al Parco Naturale regionale delle Dune Costiere e alla Riserva Naturale statale di Torre Guaceto, enti che hanno composto la \u201crete\u201d per la valorizzazione dei beni culturali e ambientali del patrimonio locale. Raggiunto l\u2019obiettivo generale del progetto: creare un sistema di fruizione integrata, in grado di generare sviluppo e valorizzazione sull\u2019intero territorio.<br \/>\nIl progetto di valorizzazione, che vede il Comune di Ostuni capofila, andr\u00e0 avanti per il prossimo quinquennio e tutte le attivit\u00e0 sono consultabile sul portale ufficiale di riferimento https:\/\/www.laviatraiana.it\/.<\/p>\n","protected":false},"excerpt":{"rendered":"<p>Il Sistema Ambientale e Culturale integrato, costruito attorno alla Via Traiana per consentire una fruizione inedita del patrimonio storico e paesaggistico del brindisino, \u00e8 riuscito a coinvolgere un numero altissimo di visitatori. Sono stati resi pubblici nel pomeriggio di ieri (luned\u00ec 28 gennaio) con l\u2019evento InfoSAC, tenutosi presso la chiesa di San Vito Martire, prima sala espositiva del Museo di Civilt\u00e0 Preclassiche della Murgia Meridionale, i dati relativi alle attivit\u00e0 svolte sul territorio ostunese in un anno di lavoro. Organizzato dalla cooperativa \u201cSistema Museo\u201d, responsabile dei servizi erogati, l\u2019evento ha visto la partecipazione del sindaco di Ostuni Gianfranco Coppola e dell\u2019assessore alla Cultura e al Turismo Vittorio Carparelli; del presidente dell\u2019ente museale Michele Conte e del direttore scientifico, il Prof. Donato Coppola; della dirigente per la Soprintendenza BEAP \u2013 Lecce, Brindisi, Taranto, Maria Piccarreta; del direttore del Parco delle Dune Costiere, Gianfranco Ciola; dei responsabili di progetto, membri della cooperativa Sistema Museo, Simone Mirto e Chiara Mazza; dell\u2019arch. Giuseppe De Prezzo, responsabile per il CETMA (Centro di ricerche europeo di&#8230;<\/p>\n","protected":false},"author":2,"featured_media":148873,"comment_status":"open","ping_status":"closed","sticky":false,"template":"","format":"standard","meta":{"footnotes":""},"categories":[7],"tags":[],"class_list":["post-148861","post","type-post","status-publish","format-standard","has-post-thumbnail","hentry","category-news"],"_links":{"self":[{"href":"https:\/\/www.brundisium.net\/index.php\/wp-json\/wp\/v2\/posts\/148861","targetHints":{"allow":["GET"]}}],"collection":[{"href":"https:\/\/www.brundisium.net\/index.php\/wp-json\/wp\/v2\/posts"}],"about":[{"href":"https:\/\/www.brundisium.net\/index.php\/wp-json\/wp\/v2\/types\/post"}],"author":[{"embeddable":true,"href":"https:\/\/www.brundisium.net\/index.php\/wp-json\/wp\/v2\/users\/2"}],"replies":[{"embeddable":true,"href":"https:\/\/www.brundisium.net\/index.php\/wp-json\/wp\/v2\/comments?post=148861"}],"version-history":[{"count":3,"href":"https:\/\/www.brundisium.net\/index.php\/wp-json\/wp\/v2\/posts\/148861\/revisions"}],"predecessor-version":[{"id":148875,"href":"https:\/\/www.brundisium.net\/index.php\/wp-json\/wp\/v2\/posts\/148861\/revisions\/148875"}],"wp:featuredmedia":[{"embeddable":true,"href":"https:\/\/www.brundisium.net\/index.php\/wp-json\/wp\/v2\/media\/148873"}],"wp:attachment":[{"href":"https:\/\/www.brundisium.net\/index.php\/wp-json\/wp\/v2\/media?parent=148861"}],"wp:term":[{"taxonomy":"category","embeddable":true,"href":"https:\/\/www.brundisium.net\/index.php\/wp-json\/wp\/v2\/categories?post=148861"},{"taxonomy":"post_tag","embeddable":true,"href":"https:\/\/www.brundisium.net\/index.php\/wp-json\/wp\/v2\/tags?post=148861"}],"curies":[{"name":"wp","href":"https:\/\/api.w.org\/{rel}","templated":true}]}}