{"id":148893,"date":"2019-01-29T18:03:48","date_gmt":"2019-01-29T17:03:48","guid":{"rendered":"http:\/\/www.brundisium.net\/?p=148893"},"modified":"2019-01-29T22:05:27","modified_gmt":"2019-01-29T21:05:27","slug":"crisi-nella-maggioranza-alcuni-consiglieri-minacciano-la-sfiducia-lintervento-del-sindaco-coppola","status":"publish","type":"post","link":"https:\/\/www.brundisium.net\/index.php\/crisi-nella-maggioranza-alcuni-consiglieri-minacciano-la-sfiducia-lintervento-del-sindaco-coppola\/","title":{"rendered":"Crisi nella maggioranza, alcuni consiglieri minacciano la sfiducia: l\u2019intervento del sindaco Coppola"},"content":{"rendered":"<p>In un frangente in cui sembrerebbe insanabile la frattura tra il sindaco uscente della Citt\u00e0 bianca e una parte della maggioranza che lo sostiene, il primo cittadino smorza i toni del dibattito, chiarisce i fatti ed espone il suo punto di vista. Durante la conferenza stampa tenutasi a mezzogiorno di oggi, marted\u00ec 29 gennaio, a Palazzo San Francesco, il sindaco ha ribadito la sua contrariet\u00e0 a partecipare alle primarie e la disponibilit\u00e0 ad affrontare un secondo mandato.<br \/>\n\u00abDa circa una settimana, quotidianamente, la stampa locale parla del sottoscritto per bocca altrui \u2013 dichiara Gianfranco Coppola \u2013 non considerando opportuno concedermi la possibilit\u00e0 di replicare. Ringrazio gli operatori dell\u2019informazione locale oggi presenti, che ho invitato qui perch\u00e9 sento la necessit\u00e0 di chiarire alcuni aspetti fondamentali di una vicenda raccontata con toni ostinatamente piccati, che tenter\u00f2 di smorzare.<br \/>\nDopo dodici anni di militanza tra i banchi dell\u2019opposizione in Consiglio comunale, sono riuscito cinque anni fa, grazie ad un progetto politico congruo e condiviso, a portare il centrodestra a vincere le elezioni, spodestando il centrosinistra che \u00e8 stato alla guida della citt\u00e0 per ben 25 anni. Sul filo di lana e con mille difficolt\u00e0, sono stato in grado di governare, assieme a chi ha fatto parte delle compagini amministrative, riuscendo a conquistare una serie di risultati positivi e a metterne in cantiere tanti altri. Mi riferisco al progetto di riqualificazione del Porto di Villanova, al completamento del complesso residenziale di edilizia pubblica \u201cCitt\u00e0 d\u2019arte\u201d, all\u2019efficientamento energetico dei sistemi d\u2019illuminazione cittadina, al rifacimento delle strade urbane e rurali. Al di l\u00e0 dei risultati, mi fregio del merito di aver cambiato il modus operandi di chi mi ha preceduto, obiettivo che ha mosso tutta la mia carriera politica sinora. Un\u2019anatra zoppa, insomma, che \u00e8 vissuta cinque anni e che ha prodotto, a mio avviso, un lavoro apprezzabile.<br \/>\nIl motivo per cui una parte dei consiglieri di maggioranza si oppone alla mia candidatura \u2013 continua il sindaco \u2013 non \u00e8 stato spiegato. Con concretezza continuo a svolgere costantemente il mio lavoro, immaginando in prospettiva futura di offrire alla collettivit\u00e0 un nuovo progetto civico di governo, che mi permetta di concludere quanto avviato durante questo primo mandato, portando avanti anche nuovi progetti condivisi. Non ho fatto accordi con nessuno e ho interloquito \u2013 tanto a destra, quanto a sinistra \u2013 con pi\u00f9 di qualcuno. Cosa pi\u00f9 importante: non ho tradito n\u00e9 le aspettative, n\u00e9 la fiducia di nessuno. Sono stato invitato dal dott. Maffei, ex assessore della giunta tecnica, a prendere parte a un incontro informale. <\/p>\n<p>Non ho chiesto i nomi dei presenti e ho scelto di partecipare in totale trasparenza, come farei del resto sedendomi a qualsiasi tavolo. Non ho preso accordi con nessuno, n\u00e9 a sinistra, n\u00e9 tantomeno a destra, dato che a Forza Italia ho negato la volont\u00e0 di candidarmi alle primarie. Non mi spiego quale forma di tradimento mi si recrimini.<br \/>\nEscludo fermamente l\u2019ipotesi primarie e ribadisco l\u2019intenzione di voler portare avanti un progetto civico, che mi consenta di concludere gli interventi e le attivit\u00e0 previste durante il mio mandato e che ho inserito nel prossimo programma di governo. Tengo a ricordare che la scelta di aver operato politicamente in maniera trasversale, riferendomi alla parentesi amministrativa con il Pd, che ha dato origine alla giunta tecnica, all\u2019epoca \u00e8 stata condivisa da tutti i partiti e i movimenti della coalizione di centrodestra a mio sostegno. Come anche il conferimento di incarichi senza pretendere di visionare la tessera di partito, rappresenta uno dei punti su cui vi \u00e8 sempre stata massima convergenza. I miei valori rimangono gli stessi: trasparenza, legalit\u00e0 e meritocrazia. Non mi sono discostato un attimo da questi parametri e invito a replicare chi pensa il contrario. Riguardo la mozione di sfiducia minacciata da alcuni consiglieri di maggioranza, ritengo non ci siano i presupposti, dato che non c\u2019\u00e8 stata alcuna mia \u201cfuga a sinistra\u201d. In un contesto di grande confusione \u2013 conclude Coppola \u2013 invito la maggioranza a mantenere la calma e la lucidit\u00e0, considerando che evitare la restaurazione resta l\u2019unico obiettivo da perseguire. Ringrazio i tanti concittadini che mi stanno dimostrano la loro vicinanza, esortandomi ad andare avanti. \u00c8 quello che far\u00f2\u00bb. <\/p>\n","protected":false},"excerpt":{"rendered":"<p>In un frangente in cui sembrerebbe insanabile la frattura tra il sindaco uscente della Citt\u00e0 bianca e una parte della maggioranza che lo sostiene, il primo cittadino smorza i toni del dibattito, chiarisce i fatti ed espone il suo punto di vista. Durante la conferenza stampa tenutasi a mezzogiorno di oggi, marted\u00ec 29 gennaio, a Palazzo San Francesco, il sindaco ha ribadito la sua contrariet\u00e0 a partecipare alle primarie e la disponibilit\u00e0 ad affrontare un secondo mandato. \u00abDa circa una settimana, quotidianamente, la stampa locale parla del sottoscritto per bocca altrui \u2013 dichiara Gianfranco Coppola \u2013 non considerando opportuno concedermi la possibilit\u00e0 di replicare. Ringrazio gli operatori dell\u2019informazione locale oggi presenti, che ho invitato qui perch\u00e9 sento la necessit\u00e0 di chiarire alcuni aspetti fondamentali di una vicenda raccontata con toni ostinatamente piccati, che tenter\u00f2 di smorzare. Dopo dodici anni di militanza tra i banchi dell\u2019opposizione in Consiglio comunale, sono riuscito cinque anni fa, grazie ad un progetto politico congruo e condiviso, a portare il centrodestra a vincere le elezioni, spodestando&#8230;<\/p>\n","protected":false},"author":2,"featured_media":147252,"comment_status":"open","ping_status":"closed","sticky":false,"template":"","format":"standard","meta":{"footnotes":""},"categories":[7],"tags":[],"class_list":["post-148893","post","type-post","status-publish","format-standard","has-post-thumbnail","hentry","category-news"],"_links":{"self":[{"href":"https:\/\/www.brundisium.net\/index.php\/wp-json\/wp\/v2\/posts\/148893","targetHints":{"allow":["GET"]}}],"collection":[{"href":"https:\/\/www.brundisium.net\/index.php\/wp-json\/wp\/v2\/posts"}],"about":[{"href":"https:\/\/www.brundisium.net\/index.php\/wp-json\/wp\/v2\/types\/post"}],"author":[{"embeddable":true,"href":"https:\/\/www.brundisium.net\/index.php\/wp-json\/wp\/v2\/users\/2"}],"replies":[{"embeddable":true,"href":"https:\/\/www.brundisium.net\/index.php\/wp-json\/wp\/v2\/comments?post=148893"}],"version-history":[{"count":1,"href":"https:\/\/www.brundisium.net\/index.php\/wp-json\/wp\/v2\/posts\/148893\/revisions"}],"predecessor-version":[{"id":148895,"href":"https:\/\/www.brundisium.net\/index.php\/wp-json\/wp\/v2\/posts\/148893\/revisions\/148895"}],"wp:featuredmedia":[{"embeddable":true,"href":"https:\/\/www.brundisium.net\/index.php\/wp-json\/wp\/v2\/media\/147252"}],"wp:attachment":[{"href":"https:\/\/www.brundisium.net\/index.php\/wp-json\/wp\/v2\/media?parent=148893"}],"wp:term":[{"taxonomy":"category","embeddable":true,"href":"https:\/\/www.brundisium.net\/index.php\/wp-json\/wp\/v2\/categories?post=148893"},{"taxonomy":"post_tag","embeddable":true,"href":"https:\/\/www.brundisium.net\/index.php\/wp-json\/wp\/v2\/tags?post=148893"}],"curies":[{"name":"wp","href":"https:\/\/api.w.org\/{rel}","templated":true}]}}