{"id":148897,"date":"2019-01-29T19:08:56","date_gmt":"2019-01-29T18:08:56","guid":{"rendered":"http:\/\/www.brundisium.net\/?p=148897"},"modified":"2019-01-29T22:10:09","modified_gmt":"2019-01-29T21:10:09","slug":"incontro-centrodestra-e-mesagne-moderata-obiettivo-candidato-comune-aperti-a-confronto-con-altre-civiche","status":"publish","type":"post","link":"https:\/\/www.brundisium.net\/index.php\/incontro-centrodestra-e-mesagne-moderata-obiettivo-candidato-comune-aperti-a-confronto-con-altre-civiche\/","title":{"rendered":"Incontro centrodestra e Mesagne moderata: obiettivo candidato comune, aperti a confronto con altre civiche"},"content":{"rendered":"<p> In vista delle elezioni amministrative che si terranno a Mesagne prossimamente, nella giornata di ieri c&#8217;\u00e8 stato un incontro tra i dirigenti provinciali e cittadini delle forze politiche Lega, Forza Italia, Fratelli d&#8217;Italia, Direzione Italia e rappresentanti della lista civica Mesagne Moderata. L&#8217;obiettivo \u00e8 trovare un candidato comune dal quale i cittadini possano sentirsi rappresentati per competenza, passione e voglia di mettersi al lavoro per la propria comunit\u00e0. Da quanto \u00e8 emerso durante l&#8217;incontro, c&#8217;\u00e8 l&#8217;intenzione di aprire anche alle altre Liste civiche territoriali ed ai loro rappresentanti, per avere un confronto pi\u00f9 ampio e condiviso possibile sul nome del candidato.<\/p>\n<p>i coordinatori cittadini<br \/>\nWalter Zezza, On. Anna Rita Tateo ,Andrea Semeraro,Carmine Dimastrodonato, Giancarlo Facecchia,<\/p>\n","protected":false},"excerpt":{"rendered":"<p>In vista delle elezioni amministrative che si terranno a Mesagne prossimamente, nella giornata di ieri c&#8217;\u00e8 stato un incontro tra i dirigenti provinciali e cittadini delle forze politiche Lega, Forza Italia, Fratelli d&#8217;Italia, Direzione Italia e rappresentanti della lista civica Mesagne Moderata. L&#8217;obiettivo \u00e8 trovare un candidato comune dal quale i cittadini possano sentirsi rappresentati per competenza, passione e voglia di mettersi al lavoro per la propria comunit\u00e0. Da quanto \u00e8 emerso durante l&#8217;incontro, c&#8217;\u00e8 l&#8217;intenzione di aprire anche alle altre Liste civiche territoriali ed ai loro rappresentanti, per avere un confronto pi\u00f9 ampio e condiviso possibile sul nome del candidato. i coordinatori cittadini Walter Zezza, On. Anna Rita Tateo ,Andrea Semeraro,Carmine Dimastrodonato, Giancarlo Facecchia,<\/p>\n","protected":false},"author":2,"featured_media":120240,"comment_status":"open","ping_status":"closed","sticky":false,"template":"","format":"standard","meta":{"footnotes":""},"categories":[7],"tags":[],"class_list":["post-148897","post","type-post","status-publish","format-standard","has-post-thumbnail","hentry","category-news"],"_links":{"self":[{"href":"https:\/\/www.brundisium.net\/index.php\/wp-json\/wp\/v2\/posts\/148897","targetHints":{"allow":["GET"]}}],"collection":[{"href":"https:\/\/www.brundisium.net\/index.php\/wp-json\/wp\/v2\/posts"}],"about":[{"href":"https:\/\/www.brundisium.net\/index.php\/wp-json\/wp\/v2\/types\/post"}],"author":[{"embeddable":true,"href":"https:\/\/www.brundisium.net\/index.php\/wp-json\/wp\/v2\/users\/2"}],"replies":[{"embeddable":true,"href":"https:\/\/www.brundisium.net\/index.php\/wp-json\/wp\/v2\/comments?post=148897"}],"version-history":[{"count":1,"href":"https:\/\/www.brundisium.net\/index.php\/wp-json\/wp\/v2\/posts\/148897\/revisions"}],"predecessor-version":[{"id":148898,"href":"https:\/\/www.brundisium.net\/index.php\/wp-json\/wp\/v2\/posts\/148897\/revisions\/148898"}],"wp:featuredmedia":[{"embeddable":true,"href":"https:\/\/www.brundisium.net\/index.php\/wp-json\/wp\/v2\/media\/120240"}],"wp:attachment":[{"href":"https:\/\/www.brundisium.net\/index.php\/wp-json\/wp\/v2\/media?parent=148897"}],"wp:term":[{"taxonomy":"category","embeddable":true,"href":"https:\/\/www.brundisium.net\/index.php\/wp-json\/wp\/v2\/categories?post=148897"},{"taxonomy":"post_tag","embeddable":true,"href":"https:\/\/www.brundisium.net\/index.php\/wp-json\/wp\/v2\/tags?post=148897"}],"curies":[{"name":"wp","href":"https:\/\/api.w.org\/{rel}","templated":true}]}}