{"id":148919,"date":"2019-01-30T13:05:41","date_gmt":"2019-01-30T12:05:41","guid":{"rendered":"http:\/\/www.brundisium.net\/?p=148919"},"modified":"2019-01-30T13:05:41","modified_gmt":"2019-01-30T12:05:41","slug":"anche-il-csv-poiesis-al-convegno-promuovere-la-cultura-e-la-gratuita-del-dono","status":"publish","type":"post","link":"https:\/\/www.brundisium.net\/index.php\/anche-il-csv-poiesis-al-convegno-promuovere-la-cultura-e-la-gratuita-del-dono\/","title":{"rendered":"Anche il CSV Poiesis al convegno \u201cPromuovere la cultura e la gratuit\u00e0 del dono\u201d"},"content":{"rendered":"<p><a href=\"http:\/\/www.brundisium.net\/brun\/wp-content\/uploads\/2019\/01\/Convegno-Dono.jpg\"><img loading=\"lazy\" decoding=\"async\" src=\"http:\/\/www.brundisium.net\/brun\/wp-content\/uploads\/2019\/01\/Convegno-Dono-205x300.jpg\" alt=\"\" width=\"205\" height=\"300\" class=\"alignleft size-medium wp-image-148922\" srcset=\"https:\/\/www.brundisium.net\/brun\/wp-content\/uploads\/2019\/01\/Convegno-Dono-205x300.jpg 205w, https:\/\/www.brundisium.net\/brun\/wp-content\/uploads\/2019\/01\/Convegno-Dono-768x1126.jpg 768w, https:\/\/www.brundisium.net\/brun\/wp-content\/uploads\/2019\/01\/Convegno-Dono-699x1024.jpg 699w, https:\/\/www.brundisium.net\/brun\/wp-content\/uploads\/2019\/01\/Convegno-Dono.jpg 973w\" sizes=\"auto, (max-width: 205px) 100vw, 205px\" \/><\/a><br \/>\nIn preparazione della 27esima Giornata Mondiale del Malato (in programma l&#8217;11 Febbraio pv) si svolger\u00e0 domani Gioved\u00ec 31 Gennaio (inizio alle 18,00) presso l&#8217;Aula Magna del Polo Universitario &#8220;V. Valerio&#8221; dell&#8217;Ex Ospedale &#8220;Di Summa&#8221; il convegno &#8220;Promuovere la cultura della gratuit\u00e0 del dono&#8221;.<\/p>\n<p>Dopo i saluti di Andrea Gigliobianco (Direttore Sanitario ASL Brindisi), di Isabella Lettori (Assessore ai Servizi Sociali del Comune di Brindisi) e di Rino Spedicato (Presidente CSV Poiesis Brindisi) sar\u00e0 don Piero Suma (Direttore dell&#8217;Ufficio Pastorale Salute Brindisi-Ostuni) ad introdurre il tema sul quale relazioner\u00e0 Paolo Giovanni Monformoso (Antropologo Clinico e Psicoeducatore).<\/p>\n<p>Il dibattito sar\u00e0 preceduto dalla Santa Messa che lo stesso son Piero Suma celebrer\u00e0 alle ore 17,00 all&#8217;interno della cappella, situata al 1\u00b0 piano del padiglione centrale del &#8220;Di Summa&#8221;.<\/p>\n","protected":false},"excerpt":{"rendered":"<p>In preparazione della 27esima Giornata Mondiale del Malato (in programma l&#8217;11 Febbraio pv) si svolger\u00e0 domani Gioved\u00ec 31 Gennaio (inizio alle 18,00) presso l&#8217;Aula Magna del Polo Universitario &#8220;V. Valerio&#8221; dell&#8217;Ex Ospedale &#8220;Di Summa&#8221; il convegno &#8220;Promuovere la cultura della gratuit\u00e0 del dono&#8221;. Dopo i saluti di Andrea Gigliobianco (Direttore Sanitario ASL Brindisi), di Isabella Lettori (Assessore ai Servizi Sociali del Comune di Brindisi) e di Rino Spedicato (Presidente CSV Poiesis Brindisi) sar\u00e0 don Piero Suma (Direttore dell&#8217;Ufficio Pastorale Salute Brindisi-Ostuni) ad introdurre il tema sul quale relazioner\u00e0 Paolo Giovanni Monformoso (Antropologo Clinico e Psicoeducatore). Il dibattito sar\u00e0 preceduto dalla Santa Messa che lo stesso son Piero Suma celebrer\u00e0 alle ore 17,00 all&#8217;interno della cappella, situata al 1\u00b0 piano del padiglione centrale del &#8220;Di Summa&#8221;.<\/p>\n","protected":false},"author":2,"featured_media":148922,"comment_status":"open","ping_status":"closed","sticky":false,"template":"","format":"standard","meta":{"footnotes":""},"categories":[7],"tags":[],"class_list":["post-148919","post","type-post","status-publish","format-standard","has-post-thumbnail","hentry","category-news"],"_links":{"self":[{"href":"https:\/\/www.brundisium.net\/index.php\/wp-json\/wp\/v2\/posts\/148919","targetHints":{"allow":["GET"]}}],"collection":[{"href":"https:\/\/www.brundisium.net\/index.php\/wp-json\/wp\/v2\/posts"}],"about":[{"href":"https:\/\/www.brundisium.net\/index.php\/wp-json\/wp\/v2\/types\/post"}],"author":[{"embeddable":true,"href":"https:\/\/www.brundisium.net\/index.php\/wp-json\/wp\/v2\/users\/2"}],"replies":[{"embeddable":true,"href":"https:\/\/www.brundisium.net\/index.php\/wp-json\/wp\/v2\/comments?post=148919"}],"version-history":[{"count":1,"href":"https:\/\/www.brundisium.net\/index.php\/wp-json\/wp\/v2\/posts\/148919\/revisions"}],"predecessor-version":[{"id":148923,"href":"https:\/\/www.brundisium.net\/index.php\/wp-json\/wp\/v2\/posts\/148919\/revisions\/148923"}],"wp:featuredmedia":[{"embeddable":true,"href":"https:\/\/www.brundisium.net\/index.php\/wp-json\/wp\/v2\/media\/148922"}],"wp:attachment":[{"href":"https:\/\/www.brundisium.net\/index.php\/wp-json\/wp\/v2\/media?parent=148919"}],"wp:term":[{"taxonomy":"category","embeddable":true,"href":"https:\/\/www.brundisium.net\/index.php\/wp-json\/wp\/v2\/categories?post=148919"},{"taxonomy":"post_tag","embeddable":true,"href":"https:\/\/www.brundisium.net\/index.php\/wp-json\/wp\/v2\/tags?post=148919"}],"curies":[{"name":"wp","href":"https:\/\/api.w.org\/{rel}","templated":true}]}}