{"id":148926,"date":"2019-01-30T13:20:20","date_gmt":"2019-01-30T12:20:20","guid":{"rendered":"http:\/\/www.brundisium.net\/?p=148926"},"modified":"2019-01-30T13:20:20","modified_gmt":"2019-01-30T12:20:20","slug":"stagione-di-prosa-vittorio-continelli-in-scena-ad-ostuni-con-uno-spettacolo-che-alterna-la-musica-alle-parole","status":"publish","type":"post","link":"https:\/\/www.brundisium.net\/index.php\/stagione-di-prosa-vittorio-continelli-in-scena-ad-ostuni-con-uno-spettacolo-che-alterna-la-musica-alle-parole\/","title":{"rendered":"Stagione di Prosa, Vittorio Continelli in scena ad Ostuni con uno spettacolo che alterna la musica alle parole"},"content":{"rendered":"<p>\u00c8 stato definito un profeta, l\u2019Omero di Apricena, l&#8217;unico vero cantastorie italiano e l&#8217;ultimo grande poeta popolare. Matteo Salvatore vive nell\u2019interpretazione di Vittorio Continelli, autore e attore ostunese, pronto a salire sul palco dello Slow Cinema, che quest\u2019anno accoglie la Stagione di Prosa 2018\/19 messa a punto dal Comune di Ostuni \u2013 Assessorato alla Cultura e al Turismo, in collaborazione con il Teatro Pubblico Pugliese. Andr\u00e0 in scena alle ore 21 di domani, gioved\u00ec 31 gennaio, lo spettacolo \u201cMatteo Salvatore: un nome, manco un cognome\u201d, scritto a quattro mani dallo stesso Continelli e dall\u2019autrice ostunese Luana Giacovelli.<br \/>\nConsiderato dagli storici musicali e dai pi\u00f9 grandi musicisti mondiali, come il capostipite dei cantautori italiani, Matteo Salvatore ha avuto una vita rocambolesca, miserabile e fortunata, trionfale, eppure tragica. Cantore straordinario di un centinaio di melodie popolari, legate al mondo dei braccianti, dei diseredati, degli ultimi, rimasto per scelta analfabeta a vita, fu un musicista sublime e allo stesso tempo un istrionico imbroglione. Con &#8220;Matteo Salvatore: due nomi, manco un cognome&#8221; Vittorio Continelli interpreta la storia di una disfatta, o forse no. Testo, musica e canzoni si alternano, si inseguono, finiscono per mescolarsi in una messa in scena semplice e diretta: suono e parola, fame nera e successo, candore e furbizia spicciola. Ci sono vite avventurose e dolorosissime che vanno raccontate, vite che producono testimonianze senza pari di un momento storico o di un territorio particolare.<br \/>\nMatteo Salvatore \u00e8 stato molte cose e di queste cose, \u00e8 stato tutto il contrario. Cantore della classe contadina pi\u00f9 sfruttata e affamata della storia del \u2018900 e insieme simbolo di un riscatto che non arriva mai all\u2019affrancamento totale. Un sogno infranto, una corsa interrotta a un metro dal traguardo.<br \/>\nNel cartellone ideato per il Comune di Ostuni dal Teatro Pubblico Pugliese, convergono le eccellenze che il territorio regionale vanta in campo artistico. I biglietti per assistere agli spettacoli in programma, al costo unico di 10euro, sono acquistabili direttamente al botteghino dello Slow Cinema (Via Mazzini, 202) oppure online su vivaticket.it.<br \/>\nPer ulteriori informazioni \u00e8 possibile contattare il 329 208 15 02 oppure consultare la sezione dedicata alla Stagione di Prosa ostunese, sul sito del TPP. <\/p>\n","protected":false},"excerpt":{"rendered":"<p>\u00c8 stato definito un profeta, l\u2019Omero di Apricena, l&#8217;unico vero cantastorie italiano e l&#8217;ultimo grande poeta popolare. Matteo Salvatore vive nell\u2019interpretazione di Vittorio Continelli, autore e attore ostunese, pronto a salire sul palco dello Slow Cinema, che quest\u2019anno accoglie la Stagione di Prosa 2018\/19 messa a punto dal Comune di Ostuni \u2013 Assessorato alla Cultura e al Turismo, in collaborazione con il Teatro Pubblico Pugliese. Andr\u00e0 in scena alle ore 21 di domani, gioved\u00ec 31 gennaio, lo spettacolo \u201cMatteo Salvatore: un nome, manco un cognome\u201d, scritto a quattro mani dallo stesso Continelli e dall\u2019autrice ostunese Luana Giacovelli. Considerato dagli storici musicali e dai pi\u00f9 grandi musicisti mondiali, come il capostipite dei cantautori italiani, Matteo Salvatore ha avuto una vita rocambolesca, miserabile e fortunata, trionfale, eppure tragica. Cantore straordinario di un centinaio di melodie popolari, legate al mondo dei braccianti, dei diseredati, degli ultimi, rimasto per scelta analfabeta a vita, fu un musicista sublime e allo stesso tempo un istrionico imbroglione. Con &#8220;Matteo Salvatore: due nomi, manco un cognome&#8221; Vittorio Continelli&#8230;<\/p>\n","protected":false},"author":2,"featured_media":148927,"comment_status":"open","ping_status":"closed","sticky":false,"template":"","format":"standard","meta":{"footnotes":""},"categories":[7],"tags":[],"class_list":["post-148926","post","type-post","status-publish","format-standard","has-post-thumbnail","hentry","category-news"],"_links":{"self":[{"href":"https:\/\/www.brundisium.net\/index.php\/wp-json\/wp\/v2\/posts\/148926","targetHints":{"allow":["GET"]}}],"collection":[{"href":"https:\/\/www.brundisium.net\/index.php\/wp-json\/wp\/v2\/posts"}],"about":[{"href":"https:\/\/www.brundisium.net\/index.php\/wp-json\/wp\/v2\/types\/post"}],"author":[{"embeddable":true,"href":"https:\/\/www.brundisium.net\/index.php\/wp-json\/wp\/v2\/users\/2"}],"replies":[{"embeddable":true,"href":"https:\/\/www.brundisium.net\/index.php\/wp-json\/wp\/v2\/comments?post=148926"}],"version-history":[{"count":1,"href":"https:\/\/www.brundisium.net\/index.php\/wp-json\/wp\/v2\/posts\/148926\/revisions"}],"predecessor-version":[{"id":148928,"href":"https:\/\/www.brundisium.net\/index.php\/wp-json\/wp\/v2\/posts\/148926\/revisions\/148928"}],"wp:featuredmedia":[{"embeddable":true,"href":"https:\/\/www.brundisium.net\/index.php\/wp-json\/wp\/v2\/media\/148927"}],"wp:attachment":[{"href":"https:\/\/www.brundisium.net\/index.php\/wp-json\/wp\/v2\/media?parent=148926"}],"wp:term":[{"taxonomy":"category","embeddable":true,"href":"https:\/\/www.brundisium.net\/index.php\/wp-json\/wp\/v2\/categories?post=148926"},{"taxonomy":"post_tag","embeddable":true,"href":"https:\/\/www.brundisium.net\/index.php\/wp-json\/wp\/v2\/tags?post=148926"}],"curies":[{"name":"wp","href":"https:\/\/api.w.org\/{rel}","templated":true}]}}