{"id":148952,"date":"2019-01-30T20:38:04","date_gmt":"2019-01-30T19:38:04","guid":{"rendered":"http:\/\/www.brundisium.net\/?p=148952"},"modified":"2019-01-30T19:42:39","modified_gmt":"2019-01-30T18:42:39","slug":"monica-priore-presenta-a-mesagne-il-libro-il-grade-salto-storia-di-un-delfino-che-ha-spiccato-il-volo","status":"publish","type":"post","link":"https:\/\/www.brundisium.net\/index.php\/monica-priore-presenta-a-mesagne-il-libro-il-grade-salto-storia-di-un-delfino-che-ha-spiccato-il-volo\/","title":{"rendered":"Monica Priore presenta a Mesagne il libro &#8220;Il grade salto &#8211; Storia di un delfino che ha spiccato il volo&#8221;"},"content":{"rendered":"<p><a href=\"http:\/\/www.brundisium.net\/brun\/wp-content\/uploads\/2019\/01\/priore-IL-GRANDE-SALTO.jpg\"><img loading=\"lazy\" decoding=\"async\" class=\"alignleft size-medium wp-image-148953\" src=\"http:\/\/www.brundisium.net\/brun\/wp-content\/uploads\/2019\/01\/priore-IL-GRANDE-SALTO-213x300.jpg\" alt=\"\" width=\"213\" height=\"300\" srcset=\"https:\/\/www.brundisium.net\/brun\/wp-content\/uploads\/2019\/01\/priore-IL-GRANDE-SALTO-213x300.jpg 213w, https:\/\/www.brundisium.net\/brun\/wp-content\/uploads\/2019\/01\/priore-IL-GRANDE-SALTO.jpg 681w\" sizes=\"auto, (max-width: 213px) 100vw, 213px\" \/><\/a>Sabato 2 Febbraio, alle ore 18.00, presso l&#8217;auditorium del Castello di Mesagne, Monica Priore presenter\u00e0 il volume &#8220;Il grade salto &#8211; Storia di un delfino che ha spiccato il volo&#8221;. Dialoga con l&#8217;autrice la giornalista Camilla Ghedini.<\/p>\n<p>Cosi l&#8217;atleta presenta il suo libro:<\/p>\n<p><em>&#8220;Molti di voi mi conoscono, o meglio conoscono le mie imprese sportive, quest&#8217;anno ho deciso di fare qualcosa di diverso ovvero di effettuare un tour della durata di un anno per raggiungere alcune pediatrie italiane per incontrare i bimbi ricoverati e donar loro la mia favola &#8220;Il grande Salto &#8211; Storia di un delfino che ha spiccato il volo&#8221;.<\/em><\/p>\n<p><em>Ho voluto scrivere qualcosa per i pi\u00f9 piccoli, raccontando la storia del mio amato delfino alato (simbolo che mi rappresenta), con l&#8217;auspicio di stimolarli ad utilizzare la loro forza interiore per superare le avversit\u00e0 che la vita gli pone d&#8217;avanti, riuscendo cos\u00ec ad inseguire i loro sogni e a spiccare il loro GRANDE SALTO.<\/em><\/p>\n<p><em>La mia favola racconta la storia di Denny, piccolo delfino con un\u2019imperfezione fisica, che affronta un viaggio avventuroso per inseguire il suo sogno. Con l\u2019aiuto di amici sempre nuovi, vivr\u00e0 un\u2019esperienza indimenticabile, tra paure e insicurezze, ostacoli e colpi di scena. Ma la sua forza di volont\u00e0 e un eccellente lavoro di squadra, gli insegneranno ci\u00f2 che tutti dovremmo imparare: non ci sono limiti insuperabili, se lo si vuole davvero. Basta crederci!&#8221;<\/em><\/p>\n<p><em>Il progetto \u00e8 patrocinato dalla SIEDP (Societ\u00e0 Italiana di Endocrinologia e Diabetologia Pediatrica) ed \u00e8 stato possibile realizzarlo grazio al supporto non condizionante della fondazione Roche e dell&#8217;associazione A.G.D. Delfini Messapici di Francavilla Fontana.<\/em><\/p>\n<p><em>Sabato presenter\u00f2 al pubblico il mio progetto e la mia favola, sarei lieta che ci foste anche voi se nelle Vs possibilit\u00e0&#8221;.<\/em><\/p>\n<p>&nbsp;<\/p>\n","protected":false},"excerpt":{"rendered":"<p>Sabato 2 Febbraio, alle ore 18.00, presso l&#8217;auditorium del Castello di Mesagne, Monica Priore presenter\u00e0 il volume &#8220;Il grade salto &#8211; Storia di un delfino che ha spiccato il volo&#8221;. Dialoga con l&#8217;autrice la giornalista Camilla Ghedini. Cosi l&#8217;atleta presenta il suo libro: &#8220;Molti di voi mi conoscono, o meglio conoscono le mie imprese sportive, quest&#8217;anno ho deciso di fare qualcosa di diverso ovvero di effettuare un tour della durata di un anno per raggiungere alcune pediatrie italiane per incontrare i bimbi ricoverati e donar loro la mia favola &#8220;Il grande Salto &#8211; Storia di un delfino che ha spiccato il volo&#8221;. Ho voluto scrivere qualcosa per i pi\u00f9 piccoli, raccontando la storia del mio amato delfino alato (simbolo che mi rappresenta), con l&#8217;auspicio di stimolarli ad utilizzare la loro forza interiore per superare le avversit\u00e0 che la vita gli pone d&#8217;avanti, riuscendo cos\u00ec ad inseguire i loro sogni e a spiccare il loro GRANDE SALTO. La mia favola racconta la storia di Denny, piccolo delfino con un\u2019imperfezione fisica, che&#8230;<\/p>\n","protected":false},"author":2,"featured_media":148953,"comment_status":"open","ping_status":"closed","sticky":false,"template":"","format":"standard","meta":{"footnotes":""},"categories":[7],"tags":[],"class_list":["post-148952","post","type-post","status-publish","format-standard","has-post-thumbnail","hentry","category-news"],"_links":{"self":[{"href":"https:\/\/www.brundisium.net\/index.php\/wp-json\/wp\/v2\/posts\/148952","targetHints":{"allow":["GET"]}}],"collection":[{"href":"https:\/\/www.brundisium.net\/index.php\/wp-json\/wp\/v2\/posts"}],"about":[{"href":"https:\/\/www.brundisium.net\/index.php\/wp-json\/wp\/v2\/types\/post"}],"author":[{"embeddable":true,"href":"https:\/\/www.brundisium.net\/index.php\/wp-json\/wp\/v2\/users\/2"}],"replies":[{"embeddable":true,"href":"https:\/\/www.brundisium.net\/index.php\/wp-json\/wp\/v2\/comments?post=148952"}],"version-history":[{"count":1,"href":"https:\/\/www.brundisium.net\/index.php\/wp-json\/wp\/v2\/posts\/148952\/revisions"}],"predecessor-version":[{"id":148954,"href":"https:\/\/www.brundisium.net\/index.php\/wp-json\/wp\/v2\/posts\/148952\/revisions\/148954"}],"wp:featuredmedia":[{"embeddable":true,"href":"https:\/\/www.brundisium.net\/index.php\/wp-json\/wp\/v2\/media\/148953"}],"wp:attachment":[{"href":"https:\/\/www.brundisium.net\/index.php\/wp-json\/wp\/v2\/media?parent=148952"}],"wp:term":[{"taxonomy":"category","embeddable":true,"href":"https:\/\/www.brundisium.net\/index.php\/wp-json\/wp\/v2\/categories?post=148952"},{"taxonomy":"post_tag","embeddable":true,"href":"https:\/\/www.brundisium.net\/index.php\/wp-json\/wp\/v2\/tags?post=148952"}],"curies":[{"name":"wp","href":"https:\/\/api.w.org\/{rel}","templated":true}]}}