{"id":148997,"date":"2019-01-31T21:16:18","date_gmt":"2019-01-31T20:16:18","guid":{"rendered":"http:\/\/www.brundisium.net\/?p=148997"},"modified":"2019-01-31T21:16:18","modified_gmt":"2019-01-31T20:16:18","slug":"la-lega-in-piazza-anche-a-brindisi-per-chiedere-di-negare-lautorizzazione-a-procedere-per-salvini","status":"publish","type":"post","link":"https:\/\/www.brundisium.net\/index.php\/la-lega-in-piazza-anche-a-brindisi-per-chiedere-di-negare-lautorizzazione-a-procedere-per-salvini\/","title":{"rendered":"La Lega in Piazza anche a Brindisi per chiedere di negare l&#8217;autorizzazione a procedere per Salvini"},"content":{"rendered":"<p>La Lega-Salvini Premier scende in piazza anche a Brindisi per raccogliere firme dei cittadini per la petizione a sostegno del leader del Partito e Ministro dell\u2019Interno Matteo Salvini  <\/p>\n<p>Domenica 3 febbraio il gazebo della Segreteria Cittadina sar\u00e0 posizionato in pieno centro a Brindisi in Corso Roma angolo Corso Umberto, sia nel corso della mattinata con orari dalle 10:00 alle 12:30 che nel pomeriggio dalle ore 17:00 alle 19:00.<\/p>\n<p>A conferma della volont\u00e0 della Lega-Salvini Premier di stare tra la gente e di dare voce ai cittadini brindisini per accogliere proposte e confrontarsi, presso il gazebo saranno presenti il Segretario Cittadino, i Consiglieri Comunali della Lega e i componenti del Coordinamento Cittadino. <\/p>\n<p>La mobilitazione, scaturita dalla possibilit\u00e0 che Matteo Salvini possa essere processato per la nota vicenda della nave Diciotti, vedr\u00e0 il Capoluogo Adriatico in prima linea in contemporanea con tantissime realt\u00e0 locali sparse in tutto lo stivale, per ribadire l&#8217;inaccettabilit\u00e0 di questo procedimento giudiziario. I cittadini sono invitati  ad aderire alla petizione a favore del segretario federale della Lega che ha gi\u00e0 dimostrato, da Vice Premier e Ministro dell&#8217;Interno di adoperarsi costantemente per difendere il territorio nazionale da un&#8217;invasione incontrollata e il cui lavoro rischia di essere compromesso per un caso di natura squisitamente politica che non deve minimamente riguardare le aule di un tribunale.<\/p>\n<p>Ufficio Stampa Coordinamento Cittadino Brindisi &#8211; Lega Brindisi<\/p>\n","protected":false},"excerpt":{"rendered":"<p>La Lega-Salvini Premier scende in piazza anche a Brindisi per raccogliere firme dei cittadini per la petizione a sostegno del leader del Partito e Ministro dell\u2019Interno Matteo Salvini Domenica 3 febbraio il gazebo della Segreteria Cittadina sar\u00e0 posizionato in pieno centro a Brindisi in Corso Roma angolo Corso Umberto, sia nel corso della mattinata con orari dalle 10:00 alle 12:30 che nel pomeriggio dalle ore 17:00 alle 19:00. A conferma della volont\u00e0 della Lega-Salvini Premier di stare tra la gente e di dare voce ai cittadini brindisini per accogliere proposte e confrontarsi, presso il gazebo saranno presenti il Segretario Cittadino, i Consiglieri Comunali della Lega e i componenti del Coordinamento Cittadino. La mobilitazione, scaturita dalla possibilit\u00e0 che Matteo Salvini possa essere processato per la nota vicenda della nave Diciotti, vedr\u00e0 il Capoluogo Adriatico in prima linea in contemporanea con tantissime realt\u00e0 locali sparse in tutto lo stivale, per ribadire l&#8217;inaccettabilit\u00e0 di questo procedimento giudiziario. I cittadini sono invitati ad aderire alla petizione a favore del segretario federale della Lega che&#8230;<\/p>\n","protected":false},"author":2,"featured_media":148998,"comment_status":"open","ping_status":"closed","sticky":false,"template":"","format":"standard","meta":{"footnotes":""},"categories":[7],"tags":[],"class_list":["post-148997","post","type-post","status-publish","format-standard","has-post-thumbnail","hentry","category-news"],"_links":{"self":[{"href":"https:\/\/www.brundisium.net\/index.php\/wp-json\/wp\/v2\/posts\/148997","targetHints":{"allow":["GET"]}}],"collection":[{"href":"https:\/\/www.brundisium.net\/index.php\/wp-json\/wp\/v2\/posts"}],"about":[{"href":"https:\/\/www.brundisium.net\/index.php\/wp-json\/wp\/v2\/types\/post"}],"author":[{"embeddable":true,"href":"https:\/\/www.brundisium.net\/index.php\/wp-json\/wp\/v2\/users\/2"}],"replies":[{"embeddable":true,"href":"https:\/\/www.brundisium.net\/index.php\/wp-json\/wp\/v2\/comments?post=148997"}],"version-history":[{"count":1,"href":"https:\/\/www.brundisium.net\/index.php\/wp-json\/wp\/v2\/posts\/148997\/revisions"}],"predecessor-version":[{"id":148999,"href":"https:\/\/www.brundisium.net\/index.php\/wp-json\/wp\/v2\/posts\/148997\/revisions\/148999"}],"wp:featuredmedia":[{"embeddable":true,"href":"https:\/\/www.brundisium.net\/index.php\/wp-json\/wp\/v2\/media\/148998"}],"wp:attachment":[{"href":"https:\/\/www.brundisium.net\/index.php\/wp-json\/wp\/v2\/media?parent=148997"}],"wp:term":[{"taxonomy":"category","embeddable":true,"href":"https:\/\/www.brundisium.net\/index.php\/wp-json\/wp\/v2\/categories?post=148997"},{"taxonomy":"post_tag","embeddable":true,"href":"https:\/\/www.brundisium.net\/index.php\/wp-json\/wp\/v2\/tags?post=148997"}],"curies":[{"name":"wp","href":"https:\/\/api.w.org\/{rel}","templated":true}]}}