{"id":149347,"date":"2019-02-05T16:33:36","date_gmt":"2019-02-05T15:33:36","guid":{"rendered":"http:\/\/www.brundisium.net\/?p=149347"},"modified":"2019-02-05T19:35:21","modified_gmt":"2019-02-05T18:35:21","slug":"oggiano-il-sindaco-mi-dia-una-delega-in-bianco-per-il-dormitorio","status":"publish","type":"post","link":"https:\/\/www.brundisium.net\/index.php\/oggiano-il-sindaco-mi-dia-una-delega-in-bianco-per-il-dormitorio\/","title":{"rendered":"Oggiano: &#8220;il Sindaco mi dia una delega in bianco per il dormitorio&#8221;"},"content":{"rendered":"<p>Sono sconcertanti le dichiarazioni del Sindaco in merito alla richiesta di chiusura del dormitorio per extracomunitari di via prov.le per S.Vito degli Ufficiali di Polizia Giudiziaria del SISP dell\u2019ASL di Brindisi per gravissime, anzi inesistenti condizioni igienico, sanitarie e di sicurezza della struttura in questione accertate dopo il sopralluogo effettuato dagli stessi il 4 febbraio u.s..<\/p>\n<p>&nbsp;<\/p>\n<p>Pare che la sua pi\u00f9 grande preoccupazione sia quella di \u201cchiarire a noi comuni mortali\u201d che i 250 ospiti presenti, dovesse esser chiuso il dormitorio, avendo tutti un permesso di soggiorno (ha lui la certezza che tutti siano regolari con regolare permesso di soggiorno??) non abbandoneranno la Citt\u00e0! Ce ne faremo una ragione. Di contro se hanno tutti un permesso di soggiorno \u00e8 perch\u00e9 hanno un regolare contratto di lavoro e pertanto potrebbero pagarsi anche in gruppo l\u2019affitto di una casa cosi come fanno i comuni mortali italiani.<\/p>\n<p>&nbsp;<\/p>\n<p>Forse il Sindaco, in qualit\u00e0 di massima autorit\u00e0 sanitaria e di igiene pubblica in Citt\u00e0, non ha ben compreso che quello che \u00e8 stato accertato e denunciato dagli ispettori dell\u2019ASL allo stesso era ben noto da tempo e non avrebbe dovuto attendere l\u2019intervento di terzi per intervenire senza indugio, con una grave responsabilit\u00e0 quindi omissiva di un suo dovere amministrativo oltre che morale. I flebili quanto inutili tentativi del mese scorso di dare una \u201crinfrescata\u201d alla struttura e una sanificazione e messa in sicurezza della stessa, con una iniziale \u201cnormalizzazione\u201d anche nelle presenze di ospiti, ritornati nel giro di qualche settimana a circa 250 (con soldi sempre dei brindisini), hanno rappresentato solo la classica foglia di fico per lavarsi la coscienza e nascondere un problema che si sapeva in partenza sarebbe ritornato in tutta la sua virulenza pi\u00f9 grave di prima.<\/p>\n<p>&nbsp;<\/p>\n<p>Alla affermazione del sindaco Rossi \u201cnon capisco cosa si voglia ottenere con questo atteggiamento\u201d rispondo: riportare nella legalit\u00e0 e nel rispetto delle pi\u00f9 normali e comuni regole di vivibilit\u00e0 igienico-sanitaria e sicurezza una struttura che diversamente (per quanto accertato e denunciato dagli ispettori dell\u2019ASL e prima ancora dallo scrivente) rischia di diventare un luogo dove qualcuno, prima o poi, sar\u00e0 obbligato a depositare qualche corona di fiori!<\/p>\n<p>&nbsp;<\/p>\n<p>Un ultima cosa: se il Sindaco e la sua Amministrazione non sono in grado di affrontare questa emergenza, nonostante in campagna elettorale pareva avesse la soluzione in tasca, dia una delega speciale in bianco dedicata alla problematica in questione allo scrivente e il problema glielo risolve l\u2019opposizione.<\/p>\n<p>&nbsp;<\/p>\n<p>&nbsp;<\/p>\n<p><em><strong>Massimiliano Oggiano<\/strong><\/em><br \/>\n<em><strong>Capogruppo FdI<\/strong><\/em><br \/>\n<em><strong>Vicepresidente del Consiglio Comunale di Brindisi<\/strong><\/em><\/p>\n","protected":false},"excerpt":{"rendered":"<p>Sono sconcertanti le dichiarazioni del Sindaco in merito alla richiesta di chiusura del dormitorio per extracomunitari di via prov.le per S.Vito degli Ufficiali di Polizia Giudiziaria del SISP dell\u2019ASL di Brindisi per gravissime, anzi inesistenti condizioni igienico, sanitarie e di sicurezza della struttura in questione accertate dopo il sopralluogo effettuato dagli stessi il 4 febbraio u.s.. &nbsp; Pare che la sua pi\u00f9 grande preoccupazione sia quella di \u201cchiarire a noi comuni mortali\u201d che i 250 ospiti presenti, dovesse esser chiuso il dormitorio, avendo tutti un permesso di soggiorno (ha lui la certezza che tutti siano regolari con regolare permesso di soggiorno??) non abbandoneranno la Citt\u00e0! Ce ne faremo una ragione. Di contro se hanno tutti un permesso di soggiorno \u00e8 perch\u00e9 hanno un regolare contratto di lavoro e pertanto potrebbero pagarsi anche in gruppo l\u2019affitto di una casa cosi come fanno i comuni mortali italiani. &nbsp; Forse il Sindaco, in qualit\u00e0 di massima autorit\u00e0 sanitaria e di igiene pubblica in Citt\u00e0, non ha ben compreso che quello che \u00e8 stato&#8230;<\/p>\n","protected":false},"author":2,"featured_media":4582,"comment_status":"open","ping_status":"closed","sticky":false,"template":"","format":"standard","meta":{"footnotes":""},"categories":[7],"tags":[],"class_list":["post-149347","post","type-post","status-publish","format-standard","has-post-thumbnail","hentry","category-news"],"_links":{"self":[{"href":"https:\/\/www.brundisium.net\/index.php\/wp-json\/wp\/v2\/posts\/149347","targetHints":{"allow":["GET"]}}],"collection":[{"href":"https:\/\/www.brundisium.net\/index.php\/wp-json\/wp\/v2\/posts"}],"about":[{"href":"https:\/\/www.brundisium.net\/index.php\/wp-json\/wp\/v2\/types\/post"}],"author":[{"embeddable":true,"href":"https:\/\/www.brundisium.net\/index.php\/wp-json\/wp\/v2\/users\/2"}],"replies":[{"embeddable":true,"href":"https:\/\/www.brundisium.net\/index.php\/wp-json\/wp\/v2\/comments?post=149347"}],"version-history":[{"count":1,"href":"https:\/\/www.brundisium.net\/index.php\/wp-json\/wp\/v2\/posts\/149347\/revisions"}],"predecessor-version":[{"id":149348,"href":"https:\/\/www.brundisium.net\/index.php\/wp-json\/wp\/v2\/posts\/149347\/revisions\/149348"}],"wp:featuredmedia":[{"embeddable":true,"href":"https:\/\/www.brundisium.net\/index.php\/wp-json\/wp\/v2\/media\/4582"}],"wp:attachment":[{"href":"https:\/\/www.brundisium.net\/index.php\/wp-json\/wp\/v2\/media?parent=149347"}],"wp:term":[{"taxonomy":"category","embeddable":true,"href":"https:\/\/www.brundisium.net\/index.php\/wp-json\/wp\/v2\/categories?post=149347"},{"taxonomy":"post_tag","embeddable":true,"href":"https:\/\/www.brundisium.net\/index.php\/wp-json\/wp\/v2\/tags?post=149347"}],"curies":[{"name":"wp","href":"https:\/\/api.w.org\/{rel}","templated":true}]}}