{"id":152409,"date":"2019-04-01T09:07:55","date_gmt":"2019-04-01T07:07:55","guid":{"rendered":"http:\/\/www.brundisium.net\/?p=152409"},"modified":"2019-04-01T08:10:05","modified_gmt":"2019-04-01T06:10:05","slug":"pd-san-pietro-alcune-considerazioni-dopo-le-parole-pronunciate-da-emiliano","status":"publish","type":"post","link":"https:\/\/www.brundisium.net\/index.php\/pd-san-pietro-alcune-considerazioni-dopo-le-parole-pronunciate-da-emiliano\/","title":{"rendered":"Pd San Pietro: \u201cAlcune considerazioni dopo le parole pronunciate da Emiliano\u201d"},"content":{"rendered":"<p>\n\u201cNon \u00e8 intenzione di questo circolo avviare polemiche pretestuose n\u00e9 scontri politici sul tema della sanit\u00e0. Tema che, per la sua delicatezza, merita di essere sottratto ai battibecchi ed alle campagne elettorali perenni.<br \/>\nEd infatti \u00e8 proprio per questo che abbiamo proposto la speciale e allargata Commissione consiliare sul \u201cMelli\u201d in seno all\u2019assise comunale.<br \/>\nCi dispiace che il Presidente Emiliano se la sia presa per il nostro manifesto. Ma riteniamo che sia compito di un partito denunciare ritardi, disservizi, storture nel funzionamento di un sistema, quale quello sanitario, cui ogni cittadino italiano ha diritto di accedere ricevendo cure appropriate e di qualit\u00e0.<br \/>\nQuesto oggi, nella nostra provincia, ed a San Pietro, ancora non avviene ed un partito che vuole stare dalla parte dei cittadini ha il compito di dirlo, di denunciarlo, non certo di accorrere a fare la cl\u00e0que al politico di turno.<br \/>\nSarebbe troppo semplice fare un elenco di ci\u00f2 che non va nella sanit\u00e0 brindisina. Certamente merita una menzione lo stato del servizio di Emergenza-urgenza in questa nostra provincia e la congestione drammatica del Pronto soccorso del \u201cPerrino\u201d che mette a rischio operatori e pazienti, oppure lo scarso funzionamento delle sale operatorie, che costringe chi ha bisogno di essere sottoposto a intervento chirurgico a lunghe e rischiose attese e a ricoveri prolungati, cos\u00ec come \u00e8 insostenibile la situazione di alcuni reparti delicati, come la rianimazione, ancora costretti a sistemazioni logistiche provvisorie a causa di una folle lentezza negli interventi di ammodernamento e adeguamento strutturale del \u201cPerrino\u201d, oppure ancora la difficolt\u00e0 a prenotare una visita a causa delle lunghe liste d\u2019attesa. E si potrebbe continuare.<br \/>\nA cosa serve, dunque, prendersela con il circolo del PD?<br \/>\nEmiliano e Romano avrebbero fatto bene, nel loro incontro con la cittadinanza, a dare conto puntualmente del tanto che non funziona e che ricade interamente sulla responsabilit\u00e0 della Regione, senza ricercare alibi in norme nazionali che non hanno alcun impatto specifico su questo stato di cose.<br \/>\nIl DM 70 citato da Emiliano, infatti, altro non \u00e8 che l\u2019individuazione di criteri e standard qualitativi del servizio sanitario a tutela della sicurezza del paziente e pertanto contiene indicazioni valide per tutte le regioni che possono fungere solo da stimolo positivo.<br \/>\nForse \u00e8 per questo che Michele Emiliano stesso, nel corso del suo intervento, non ha potuto fare a meno di definire il DM 70 \u201cnorma saggia e condivisa\u201d.<br \/>\nUna norma, come il Presidente ha ricordato, che ha avuto una lunghissima gestazione, portata avanti da pi\u00f9 governi e non messa in discussione da quello attualmente in carica proprio perch\u00e9 utile al miglioramento del sistema sanitario e ad elevarne gli standard.<br \/>\nPer quale ragione, dunque, i parlamentari del PD avrebbero dovuto persuadere il Governo a modificare una norma che, non solo era saggia, ma da tutti voluta e auspicata anche oltre le appartenenze politiche?<br \/>\nE quand\u2019anche avessero voluto, come avrebbero potuto fare dal momento che il DM 70 non \u00e8 MAI passato dal Parlamento?<br \/>\nEd Emiliano perch\u00e9 finge di non saperlo?<br \/>\nCrediamo impossibile, infatti, gli sia sfuggito che il DM 70 \u00e8 stato scritto, approvato e condiviso da TUTTE le Regioni italiane, in Conferenza Stato Regioni, e quindi anche dalla Puglia, e solo dopo emanato direttamente dal Ministero, quale suo atto amministrativo.<br \/>\nMa forse queste puntualizzazioni sono inutili. Anche perch\u00e9 tutti sanno che il piano di riordino della Regione Puglia consentiva ampi margini di scelta tra le strutture da sacrificare.<br \/>\nSappiamo bene che quando si \u00e8 in difficolt\u00e0 rispetto agli impegni presi davanti ai cittadini pu\u00f2 essere utile cercare alibi e argomenti da gettare in pasto all\u2019ignaro pubblico per confondere le acque e deresponsabilizzarsi.<br \/>\nE quale miglior modo se non quello di nascondersi dietro a qualche imposizione normativa, in questo caso inesistente, e vestire i panni della vittima?<br \/>\nNoi vogliamo ribadire ad Emiliano alcuni semplici concetti: il primo, che sappiamo bene che lui e Romano avrebbero potuto scegliere, in occasione del piano di riordino, di trasformare il \u201cMelli\u201d di San Pietro in un ospedale di base, completandolo e potenziandolo, ma non ne hanno avuto la volont\u00e0 politica.<br \/>\nIl secondo, che sono ormai pi\u00f9 di dieci anni che, come cittadini di San Pietro, assistiamo a convegni in cui Romano e gli assessori di turno vengono a raccontarci quanto sia utile e necessario attivare la medicina territoriale, la riabilitazione, il day service, gli ambulatori, e tutte le belle cose che l\u2019altra sera sono state annunciate come fosse la prima volta. Peccato che in pi\u00f9 di dieci anni non se ne sia realizzata mezza!<br \/>\nPer questo nel nostro manifesto abbiamo scritto \u201cBASTA PAROLE!\u201d. Basta con gli annunci. Basta con le campagne elettorali. Basta con le convention e con le cl\u00e0que, e basta con gli autoincensamenti del consigliere regionale che chiede addirittura di essere ringraziato per la situazione del \u201cMelli\u201d. Uno spazio ormai vuoto, privo di servizi e di personale che attende di essere (almeno quello) riconvertito in PTA. Questa riconversione, per quanto ci riguarda, non \u00e8 una concessione politica, o il traguardo di qualcuno, ma il minimo sindacale che poteva farsi in termini di investimento su quella struttura. Un atto dovuto a fronte del tanto che ci \u00e8 stato tolto. L\u2019avvio di servizi e prestazioni di medicina territoriale, se partir\u00e0, partir\u00e0 tardissimo. Con un ritardo di anni. \u00c8 per questo che troviamo insopportabili ormai, come tutti i cittadini normali, le passerelle politiche che non siano accompagnate da dati di fatto. Da step concreti, da avanzamenti dei lavori.<br \/>\nSe e quando saranno attivati nuovi servizi e prestazioni presso il \u201cMelli\u201d ne saremo certo contenti, perch\u00e8 tutta la comunit\u00e0 sampietrana merita di accedervi, come prescrivono le leggi nazionali. Ma quando e se succeder\u00e0 sar\u00e0 grazie ai tanti che in questi anni si sono battuti perch\u00e9 l\u2019accesso alle cure di qualit\u00e0 fosse un DIRITTO, e non un FAVORE di cui rendere grazie al potente di turno.<br \/>\nCon questo spirito e con questi intenti proseguiremo la nostra battaglia in difesa di una sanit\u00e0 per tutti ed un monitoraggio attento su quanto previsto dalla Regione per il nostro \u201cMelli\u201d.<\/p>\n<p>Partito Democratico<br \/>\nCircolo di San Pietro Vernotico<\/p>\n","protected":false},"excerpt":{"rendered":"<p>\u201cNon \u00e8 intenzione di questo circolo avviare polemiche pretestuose n\u00e9 scontri politici sul tema della sanit\u00e0. Tema che, per la sua delicatezza, merita di essere sottratto ai battibecchi ed alle campagne elettorali perenni. Ed infatti \u00e8 proprio per questo che abbiamo proposto la speciale e allargata Commissione consiliare sul \u201cMelli\u201d in seno all\u2019assise comunale. Ci dispiace che il Presidente Emiliano se la sia presa per il nostro manifesto. Ma riteniamo che sia compito di un partito denunciare ritardi, disservizi, storture nel funzionamento di un sistema, quale quello sanitario, cui ogni cittadino italiano ha diritto di accedere ricevendo cure appropriate e di qualit\u00e0. Questo oggi, nella nostra provincia, ed a San Pietro, ancora non avviene ed un partito che vuole stare dalla parte dei cittadini ha il compito di dirlo, di denunciarlo, non certo di accorrere a fare la cl\u00e0que al politico di turno. Sarebbe troppo semplice fare un elenco di ci\u00f2 che non va nella sanit\u00e0 brindisina. Certamente merita una menzione lo stato del servizio di Emergenza-urgenza in questa nostra&#8230;<\/p>\n","protected":false},"author":2,"featured_media":27722,"comment_status":"open","ping_status":"closed","sticky":false,"template":"","format":"standard","meta":{"footnotes":""},"categories":[7],"tags":[],"class_list":["post-152409","post","type-post","status-publish","format-standard","has-post-thumbnail","hentry","category-news"],"_links":{"self":[{"href":"https:\/\/www.brundisium.net\/index.php\/wp-json\/wp\/v2\/posts\/152409","targetHints":{"allow":["GET"]}}],"collection":[{"href":"https:\/\/www.brundisium.net\/index.php\/wp-json\/wp\/v2\/posts"}],"about":[{"href":"https:\/\/www.brundisium.net\/index.php\/wp-json\/wp\/v2\/types\/post"}],"author":[{"embeddable":true,"href":"https:\/\/www.brundisium.net\/index.php\/wp-json\/wp\/v2\/users\/2"}],"replies":[{"embeddable":true,"href":"https:\/\/www.brundisium.net\/index.php\/wp-json\/wp\/v2\/comments?post=152409"}],"version-history":[{"count":1,"href":"https:\/\/www.brundisium.net\/index.php\/wp-json\/wp\/v2\/posts\/152409\/revisions"}],"predecessor-version":[{"id":152411,"href":"https:\/\/www.brundisium.net\/index.php\/wp-json\/wp\/v2\/posts\/152409\/revisions\/152411"}],"wp:featuredmedia":[{"embeddable":true,"href":"https:\/\/www.brundisium.net\/index.php\/wp-json\/wp\/v2\/media\/27722"}],"wp:attachment":[{"href":"https:\/\/www.brundisium.net\/index.php\/wp-json\/wp\/v2\/media?parent=152409"}],"wp:term":[{"taxonomy":"category","embeddable":true,"href":"https:\/\/www.brundisium.net\/index.php\/wp-json\/wp\/v2\/categories?post=152409"},{"taxonomy":"post_tag","embeddable":true,"href":"https:\/\/www.brundisium.net\/index.php\/wp-json\/wp\/v2\/tags?post=152409"}],"curies":[{"name":"wp","href":"https:\/\/api.w.org\/{rel}","templated":true}]}}