{"id":152455,"date":"2019-04-01T18:54:02","date_gmt":"2019-04-01T16:54:02","guid":{"rendered":"http:\/\/www.brundisium.net\/?p=152455"},"modified":"2019-04-05T21:44:48","modified_gmt":"2019-04-05T19:44:48","slug":"il-messaggio-di-saluto-del-nuovo-prefetto-di-brindisi-dott-umberto-guidato","status":"publish","type":"post","link":"https:\/\/www.brundisium.net\/index.php\/il-messaggio-di-saluto-del-nuovo-prefetto-di-brindisi-dott-umberto-guidato\/","title":{"rendered":"Il messaggio di saluto del nuovo Prefetto di Brindisi, dott. Umberto Guidato"},"content":{"rendered":"<p>Nell\u2019assumere le funzioni di Prefetto della Provincia di Brindisi, mi \u00e8 gradito rivolgere il pi\u00f9 cordiale saluto ai Parlamentari, alle Autorit\u00e0 Civili, Militari e Religiose, alla Magistratura, alle Forze dell\u2019Ordine, agli Amministratori degli Enti Locali, alle Organizzazioni Politiche e Sindacali, ai Rappresentanti del mondo della Scuola, agli Organi di Informazione, agli esponenti delle Categorie Produttive ed alla Cittadinanza tutta.<\/p>\n<p>&nbsp;<\/p>\n<p>Sono profondamente onorato di poter operare al servizio di questa terra &#8211; alla quale mi sento vicino per origini &#8211; ricca di storia, bellezze naturali, tradizioni antiche ed autentici valori.<\/p>\n<p>&nbsp;<\/p>\n<p>Inizio questa nuova esperienza professionale ed umana assicurando il massimo impegno nel compito affidatomi e cercando di svolgere il mio incarico con grande senso dello Stato, autentico spirito di servizio e passione civile per rispondere ai bisogni della comunit\u00e0 della quale sar\u00f2 attento interlocutore.<\/p>\n<p>&nbsp;<\/p>\n<p>Con lo stesso spirito perseguir\u00f2 l\u2019obiettivo di porre in essere ogni azione a tutela dell\u2019ordine e della sicurezza pubblica, della pubblica incolumit\u00e0, dell\u2019ambiente e della sicurezza del lavoro.<\/p>\n<p>&nbsp;<\/p>\n<p>Nel mio ruolo di rappresentante dello Stato sul territorio profonder\u00f2 ogni energia per favorire e consolidare tra tutti gli attori istituzionali rapporti improntati alla leale e condivisa collaborazione, nel convincimento che un dialogo aperto e costruttivo possa agevolare la soluzione dei tanti problemi che attanagliano la societ\u00e0 in questo momento storico.<\/p>\n<p>&nbsp;<\/p>\n<p>Assicuro la massima attenzione agli Organi di Informazione con i quali confido di poter improntare un rapporto cordiale e positivo.<br \/>\nUn pensiero particolare desidero rivolgere anche ai giovani, vera ricchezza della societ\u00e0, affinch\u00e8 possano trovare terreno fertile per la realizzazione delle loro legittime aspirazioni.<\/p>\n<p>Con questi sentimenti rivolgo un caloroso augurio a tutti, nell\u2019auspicio che la collaborazione e la condivisione di intenti possa promuovere le condizioni per il benessere e la prosperit\u00e0 di questa terra.<\/p>\n<p>&nbsp;<\/p>\n<p>&nbsp;<\/p>\n<p>(Umberto Guidato)<\/p>\n","protected":false},"excerpt":{"rendered":"<p>Nell\u2019assumere le funzioni di Prefetto della Provincia di Brindisi, mi \u00e8 gradito rivolgere il pi\u00f9 cordiale saluto ai Parlamentari, alle Autorit\u00e0 Civili, Militari e Religiose, alla Magistratura, alle Forze dell\u2019Ordine, agli Amministratori degli Enti Locali, alle Organizzazioni Politiche e Sindacali, ai Rappresentanti del mondo della Scuola, agli Organi di Informazione, agli esponenti delle Categorie Produttive ed alla Cittadinanza tutta. &nbsp; Sono profondamente onorato di poter operare al servizio di questa terra &#8211; alla quale mi sento vicino per origini &#8211; ricca di storia, bellezze naturali, tradizioni antiche ed autentici valori. &nbsp; Inizio questa nuova esperienza professionale ed umana assicurando il massimo impegno nel compito affidatomi e cercando di svolgere il mio incarico con grande senso dello Stato, autentico spirito di servizio e passione civile per rispondere ai bisogni della comunit\u00e0 della quale sar\u00f2 attento interlocutore. &nbsp; Con lo stesso spirito perseguir\u00f2 l\u2019obiettivo di porre in essere ogni azione a tutela dell\u2019ordine e della sicurezza pubblica, della pubblica incolumit\u00e0, dell\u2019ambiente e della sicurezza del lavoro. &nbsp; Nel mio ruolo di rappresentante&#8230;<\/p>\n","protected":false},"author":2,"featured_media":151124,"comment_status":"open","ping_status":"closed","sticky":false,"template":"","format":"standard","meta":{"footnotes":""},"categories":[7],"tags":[],"class_list":["post-152455","post","type-post","status-publish","format-standard","has-post-thumbnail","hentry","category-news"],"_links":{"self":[{"href":"https:\/\/www.brundisium.net\/index.php\/wp-json\/wp\/v2\/posts\/152455","targetHints":{"allow":["GET"]}}],"collection":[{"href":"https:\/\/www.brundisium.net\/index.php\/wp-json\/wp\/v2\/posts"}],"about":[{"href":"https:\/\/www.brundisium.net\/index.php\/wp-json\/wp\/v2\/types\/post"}],"author":[{"embeddable":true,"href":"https:\/\/www.brundisium.net\/index.php\/wp-json\/wp\/v2\/users\/2"}],"replies":[{"embeddable":true,"href":"https:\/\/www.brundisium.net\/index.php\/wp-json\/wp\/v2\/comments?post=152455"}],"version-history":[{"count":1,"href":"https:\/\/www.brundisium.net\/index.php\/wp-json\/wp\/v2\/posts\/152455\/revisions"}],"predecessor-version":[{"id":152457,"href":"https:\/\/www.brundisium.net\/index.php\/wp-json\/wp\/v2\/posts\/152455\/revisions\/152457"}],"wp:featuredmedia":[{"embeddable":true,"href":"https:\/\/www.brundisium.net\/index.php\/wp-json\/wp\/v2\/media\/151124"}],"wp:attachment":[{"href":"https:\/\/www.brundisium.net\/index.php\/wp-json\/wp\/v2\/media?parent=152455"}],"wp:term":[{"taxonomy":"category","embeddable":true,"href":"https:\/\/www.brundisium.net\/index.php\/wp-json\/wp\/v2\/categories?post=152455"},{"taxonomy":"post_tag","embeddable":true,"href":"https:\/\/www.brundisium.net\/index.php\/wp-json\/wp\/v2\/tags?post=152455"}],"curies":[{"name":"wp","href":"https:\/\/api.w.org\/{rel}","templated":true}]}}