{"id":152470,"date":"2019-04-01T22:26:29","date_gmt":"2019-04-01T20:26:29","guid":{"rendered":"http:\/\/www.brundisium.net\/?p=152470"},"modified":"2019-04-01T19:27:52","modified_gmt":"2019-04-01T17:27:52","slug":"grande-affluenza-di-studenti-nel-ricordo-delle-citta-piu-decorate-ditalia","status":"publish","type":"post","link":"https:\/\/www.brundisium.net\/index.php\/grande-affluenza-di-studenti-nel-ricordo-delle-citta-piu-decorate-ditalia\/","title":{"rendered":"Grande affluenza di studenti nel ricordo delle \u201ccitt\u00e0 pi\u00f9 decorate d\u2019Italia\u201d"},"content":{"rendered":"<p>Nella mattinata del 1\u00b0 aprile si svolto nell\u2019auditorium dell\u2019I.T.C. Marconi-Flacco di Brindisi, la Conferenza sulla presentazione del volume delle citt\u00e0 pi\u00f9 decorate d\u2019Italia al valor militare, nella Guerra di Liberazione.<br \/>\nIl Pres.dell\u2019Ass.Naz.Combattenti della Guerra di Liberazione inquadrati nei reparti regolari delle FF.AA. sez. di Brindisi Giuseppe Chirizzi ha fatto gli onori di casa e dopo una prefazione sui compiti istituzionali dell\u2019Associazione che esiste anche a Brindisi da oltre un trentennio con lo scopo di tenere in vita i ricordi della memoria, subito dopo ha passato la parola al Pres.Naz.Ambasciatore Alessandro Cortese de Bosis che ha relazionato con grande professionalit\u00e0 sui fatti accaduti nel periodo antecedente e durante la seconda guerra mondiale, soffermandosi soprattutto sulla resistenza degli italiani sull\u2019opprimente regime nazista che agiva con grande supremazia su gran parte degli stati europei.<br \/>\nSull\u2019argomento \u00e8 intervenuto anche il Prof. Giacomo Carito che ha voluto rimarcare l\u2019importante ruolo della citt\u00e0 di Brindisi nel periodo bellico come gi\u00e0 Capitale d\u2019Italia e raccontare i fatti dell\u2019epoca con i dati statistici del nostro territorio, l\u2019intervento conclusivo \u00e8 stato della dirigente scolastica prof.ssa Elvira D&#8217;Al\u00f2 che si \u00e8 soffermata sull\u2019importanza che ha la storia e del suo impatto sui giovani studenti, nel triste ricordo della memoria di chi ha perso la vita per la propria patria.<br \/>\nInfine, la suddetta Associazione ha messo in palio una borsa di studio di 1000 \u20ac tramite un concorso di scrittura sulle \u201cCitt\u00e0 pi\u00f9 decorate d\u2019Italia\u201d anche per conservare la memoria di brutti episodi dei quali tutti ci auspichiamo che non si possono ripetere mai pi\u00f9.<\/p>\n","protected":false},"excerpt":{"rendered":"<p>Nella mattinata del 1\u00b0 aprile si svolto nell\u2019auditorium dell\u2019I.T.C. Marconi-Flacco di Brindisi, la Conferenza sulla presentazione del volume delle citt\u00e0 pi\u00f9 decorate d\u2019Italia al valor militare, nella Guerra di Liberazione. Il Pres.dell\u2019Ass.Naz.Combattenti della Guerra di Liberazione inquadrati nei reparti regolari delle FF.AA. sez. di Brindisi Giuseppe Chirizzi ha fatto gli onori di casa e dopo una prefazione sui compiti istituzionali dell\u2019Associazione che esiste anche a Brindisi da oltre un trentennio con lo scopo di tenere in vita i ricordi della memoria, subito dopo ha passato la parola al Pres.Naz.Ambasciatore Alessandro Cortese de Bosis che ha relazionato con grande professionalit\u00e0 sui fatti accaduti nel periodo antecedente e durante la seconda guerra mondiale, soffermandosi soprattutto sulla resistenza degli italiani sull\u2019opprimente regime nazista che agiva con grande supremazia su gran parte degli stati europei. Sull\u2019argomento \u00e8 intervenuto anche il Prof. Giacomo Carito che ha voluto rimarcare l\u2019importante ruolo della citt\u00e0 di Brindisi nel periodo bellico come gi\u00e0 Capitale d\u2019Italia e raccontare i fatti dell\u2019epoca con i dati statistici del nostro territorio, l\u2019intervento conclusivo&#8230;<\/p>\n","protected":false},"author":2,"featured_media":152471,"comment_status":"open","ping_status":"closed","sticky":false,"template":"","format":"standard","meta":{"footnotes":""},"categories":[7],"tags":[],"class_list":["post-152470","post","type-post","status-publish","format-standard","has-post-thumbnail","hentry","category-news"],"_links":{"self":[{"href":"https:\/\/www.brundisium.net\/index.php\/wp-json\/wp\/v2\/posts\/152470","targetHints":{"allow":["GET"]}}],"collection":[{"href":"https:\/\/www.brundisium.net\/index.php\/wp-json\/wp\/v2\/posts"}],"about":[{"href":"https:\/\/www.brundisium.net\/index.php\/wp-json\/wp\/v2\/types\/post"}],"author":[{"embeddable":true,"href":"https:\/\/www.brundisium.net\/index.php\/wp-json\/wp\/v2\/users\/2"}],"replies":[{"embeddable":true,"href":"https:\/\/www.brundisium.net\/index.php\/wp-json\/wp\/v2\/comments?post=152470"}],"version-history":[{"count":1,"href":"https:\/\/www.brundisium.net\/index.php\/wp-json\/wp\/v2\/posts\/152470\/revisions"}],"predecessor-version":[{"id":152472,"href":"https:\/\/www.brundisium.net\/index.php\/wp-json\/wp\/v2\/posts\/152470\/revisions\/152472"}],"wp:featuredmedia":[{"embeddable":true,"href":"https:\/\/www.brundisium.net\/index.php\/wp-json\/wp\/v2\/media\/152471"}],"wp:attachment":[{"href":"https:\/\/www.brundisium.net\/index.php\/wp-json\/wp\/v2\/media?parent=152470"}],"wp:term":[{"taxonomy":"category","embeddable":true,"href":"https:\/\/www.brundisium.net\/index.php\/wp-json\/wp\/v2\/categories?post=152470"},{"taxonomy":"post_tag","embeddable":true,"href":"https:\/\/www.brundisium.net\/index.php\/wp-json\/wp\/v2\/tags?post=152470"}],"curies":[{"name":"wp","href":"https:\/\/api.w.org\/{rel}","templated":true}]}}