{"id":152663,"date":"2019-04-04T15:22:58","date_gmt":"2019-04-04T13:22:58","guid":{"rendered":"http:\/\/www.brundisium.net\/?p=152663"},"modified":"2019-04-04T14:31:53","modified_gmt":"2019-04-04T12:31:53","slug":"torna-a-san-donaci-la-fiera-di-san-vincenzo-ferrer","status":"publish","type":"post","link":"https:\/\/www.brundisium.net\/index.php\/torna-a-san-donaci-la-fiera-di-san-vincenzo-ferrer\/","title":{"rendered":"Torna a San Donaci la Fiera di San Vincenzo Ferrer"},"content":{"rendered":"<p><a href=\"http:\/\/www.brundisium.net\/brun\/wp-content\/uploads\/2019\/04\/locandina-fiera-San-Vincenzo-Ferrer-2.jpg\"><img loading=\"lazy\" decoding=\"async\" class=\"alignleft size-medium wp-image-152668\" src=\"http:\/\/www.brundisium.net\/brun\/wp-content\/uploads\/2019\/04\/locandina-fiera-San-Vincenzo-Ferrer-2-210x300.jpg\" alt=\"\" width=\"210\" height=\"300\" srcset=\"https:\/\/www.brundisium.net\/brun\/wp-content\/uploads\/2019\/04\/locandina-fiera-San-Vincenzo-Ferrer-2-210x300.jpg 210w, https:\/\/www.brundisium.net\/brun\/wp-content\/uploads\/2019\/04\/locandina-fiera-San-Vincenzo-Ferrer-2-768x1097.jpg 768w, https:\/\/www.brundisium.net\/brun\/wp-content\/uploads\/2019\/04\/locandina-fiera-San-Vincenzo-Ferrer-2-717x1024.jpg 717w, https:\/\/www.brundisium.net\/brun\/wp-content\/uploads\/2019\/04\/locandina-fiera-San-Vincenzo-Ferrer-2.jpg 1120w\" sizes=\"auto, (max-width: 210px) 100vw, 210px\" \/><br \/>\n<\/a>E\u2019 tutto pronto a San Donaci per l\u2019appuntamento con la tradizione e la cultura del territorio. Sabato 6 aprile, infatti, dalle ore 09.00 alle ore 18:00, si terr\u00e0 la 97ma edizione della Fiera di San Vincenzo Ferrer che quest\u2019anno si avvale della collaborazione del Distretto Urbano del Commercio, DUC Terre del Negroamaro, che ha deciso di affiancare il Comune di San Donaci nella sua opera di valorizzazione di una fiera tradizionale ormai prossima al traguardo delle centro candeline.<\/p>\n<p>La citt\u00e0 e la sua comunit\u00e0 sono da sempre legate alla figura San Vincenzo Ferrer, Santo domenicano, predicatore di origine spagnola, il quale \u00e8 patrono di San Donaci al pari di Santa Maria delle Grazie.<\/p>\n<p>La ricorrenza viene festeggiata, secondo la consuetudine, con una campionaria fortemente rappresentativa dei valori e delle tradizioni contadine di San Donaci.<br \/>\nNasce infatti come fiera del bestiame, rinomata in tutta la Puglia, e si evolve in una rassegna di prodotti tipici, lavori artigianali, attrezzi agricoli e altri prodotti legati alla tradizione rurale, offrendo alle imprese locali anche un\u2019importante occasione di promozione e visibilit\u00e0.<\/p>\n<p>Investire in questo evento vuol dire aumentarne anche la godibilit\u00e0 attraverso una serie di iniziative rivolte alle famiglie ed ai bambini. Non mancheranno, infatti, gli artisti di strada, gli animatori, un\u2019area gioco attrezzata con i gonfiabili, ed attesissimo dai pi\u00f9 piccoli lo spettacolo di Oreste Castagna, alias Gipo di Rai YoYo.<br \/>\nAd onorare la tradizione una suggestiva sfilata di cavalli, ma ci sar\u00e0 anche un Torneo di calcio che vedr\u00e0 protagonisti i quattro rioni di San Donaci. Nella scuola materna di via Umberto sar\u00e0 allestita anche una mostra di fotografie antiche e pittura.<\/p>\n<p>Il programma, concentrato in un\u2019unica giornata, \u00e8 ricco e punta a soddisfare le esigenze di un pubblico eterogeneo. Tutte le iniziative si concentreranno nell\u2019area mercatale.<\/p>\n<p>Si parte alle ore 9:00 con il momento dell\u2019inaugurazione, taglio del nastro e benedizione della fiera. Poi<br \/>\n\u2022 Ore 10:30 Spettacolo di danza del ventre a cura di Verdiana Miccoli<br \/>\n\u2022 Ore 11:00 Le Storie di Gipo il Cartastorie a cura di Oreste Castagna<br \/>\n\u2022 Ore 15:30 Sfilata di cavalli per le vie del paese<br \/>\n\u2022 Ore 15:30 Torneo di calcio a 5 con i quattro rioni del paese<br \/>\n\u2022 Ore 9:00\/18:00 Area ludica a cura de Il Trenino dei divertimenti<\/p>\n","protected":false},"excerpt":{"rendered":"<p>E\u2019 tutto pronto a San Donaci per l\u2019appuntamento con la tradizione e la cultura del territorio. Sabato 6 aprile, infatti, dalle ore 09.00 alle ore 18:00, si terr\u00e0 la 97ma edizione della Fiera di San Vincenzo Ferrer che quest\u2019anno si avvale della collaborazione del Distretto Urbano del Commercio, DUC Terre del Negroamaro, che ha deciso di affiancare il Comune di San Donaci nella sua opera di valorizzazione di una fiera tradizionale ormai prossima al traguardo delle centro candeline. La citt\u00e0 e la sua comunit\u00e0 sono da sempre legate alla figura San Vincenzo Ferrer, Santo domenicano, predicatore di origine spagnola, il quale \u00e8 patrono di San Donaci al pari di Santa Maria delle Grazie. La ricorrenza viene festeggiata, secondo la consuetudine, con una campionaria fortemente rappresentativa dei valori e delle tradizioni contadine di San Donaci. Nasce infatti come fiera del bestiame, rinomata in tutta la Puglia, e si evolve in una rassegna di prodotti tipici, lavori artigianali, attrezzi agricoli e altri prodotti legati alla tradizione rurale, offrendo alle imprese locali anche&#8230;<\/p>\n","protected":false},"author":2,"featured_media":152669,"comment_status":"open","ping_status":"closed","sticky":false,"template":"","format":"standard","meta":{"footnotes":""},"categories":[7],"tags":[],"class_list":["post-152663","post","type-post","status-publish","format-standard","has-post-thumbnail","hentry","category-news"],"_links":{"self":[{"href":"https:\/\/www.brundisium.net\/index.php\/wp-json\/wp\/v2\/posts\/152663","targetHints":{"allow":["GET"]}}],"collection":[{"href":"https:\/\/www.brundisium.net\/index.php\/wp-json\/wp\/v2\/posts"}],"about":[{"href":"https:\/\/www.brundisium.net\/index.php\/wp-json\/wp\/v2\/types\/post"}],"author":[{"embeddable":true,"href":"https:\/\/www.brundisium.net\/index.php\/wp-json\/wp\/v2\/users\/2"}],"replies":[{"embeddable":true,"href":"https:\/\/www.brundisium.net\/index.php\/wp-json\/wp\/v2\/comments?post=152663"}],"version-history":[{"count":1,"href":"https:\/\/www.brundisium.net\/index.php\/wp-json\/wp\/v2\/posts\/152663\/revisions"}],"predecessor-version":[{"id":152670,"href":"https:\/\/www.brundisium.net\/index.php\/wp-json\/wp\/v2\/posts\/152663\/revisions\/152670"}],"wp:featuredmedia":[{"embeddable":true,"href":"https:\/\/www.brundisium.net\/index.php\/wp-json\/wp\/v2\/media\/152669"}],"wp:attachment":[{"href":"https:\/\/www.brundisium.net\/index.php\/wp-json\/wp\/v2\/media?parent=152663"}],"wp:term":[{"taxonomy":"category","embeddable":true,"href":"https:\/\/www.brundisium.net\/index.php\/wp-json\/wp\/v2\/categories?post=152663"},{"taxonomy":"post_tag","embeddable":true,"href":"https:\/\/www.brundisium.net\/index.php\/wp-json\/wp\/v2\/tags?post=152663"}],"curies":[{"name":"wp","href":"https:\/\/api.w.org\/{rel}","templated":true}]}}