{"id":152691,"date":"2019-04-04T18:40:07","date_gmt":"2019-04-04T16:40:07","guid":{"rendered":"http:\/\/www.brundisium.net\/?p=152691"},"modified":"2019-04-04T18:40:07","modified_gmt":"2019-04-04T16:40:07","slug":"nigro-filcams-cgil-preoccupati-per-le-sorti-di-14-lavoratori-della-santa-teresa-domani-sit-in","status":"publish","type":"post","link":"https:\/\/www.brundisium.net\/index.php\/nigro-filcams-cgil-preoccupati-per-le-sorti-di-14-lavoratori-della-santa-teresa-domani-sit-in\/","title":{"rendered":"Nigro (Filcams Cgil): &#8220;preoccupati per le sorti di 14 lavoratori della Santa Teresa. Domani sit-in&#8221;"},"content":{"rendered":"<p>La Filcams Cgil di Brindisi esprime preoccupazione per le sorti dei 14 lavoratori dipendenti della Santa Teresa S.p.A., societ\u00e0 multiservizi della Provincia di Brindisi, verso i quali, la stessa, ha attivato la procedura per riduzione di personale ai sensi degli art 4 e 24 della Legge n. 223\/1991, lo scorso 31 gennaio 2019.<\/p>\n<p>Attualmente le lavoratrici e i lavoratori sono di fatto esonerati dal servizio , privati di stipendio e di qualunque ammortizzatore sociale e ad oggi non si hanno notizie sulle prospettive proposte in sede di Comitato SEPAC in data 14 marzo 2019.<\/p>\n<p>Sebbene il 27 dicembre 2018 la Santa Teresa S.p.A. avesse ritirato la procedura di mobilit\u00e0 per tutto il personale , raccogliendo l\u2019invito della Task Force a fronte della ripresa delle attivit\u00e0 dell\u2019Azienda e della stesura del nuovo Piano Industriale, il 31 gennaio 2019 avvia la procedura per riduzione di personale esclusivamente rivolta ai dipendenti impiegati sino al 30 giugno 2018 nei servizi non pi\u00f9 in capo alla Provincia di Brindisi per effetto di revoca della delega ora in capo a Regione Puglia, ovvero il Servizio di assistenza tecnico\u2013amministrativa al Mercato del Lavoro e Formazione Professionale e ai Centri per l\u2019Impiego ed anche il Servizio di pulizia dei locali dei Centri per l\u2019impiego della Provincia di Brindisi.<\/p>\n<p>Duole costatare che ai suddetti lavoratori \u00e8 stata negata la possibilit\u00e0 di partecipare a 2 bandi di mobilit\u00e0 interna (per operai e impiegati), esclusione non motivata e che non tiene conto del principio della fungibilit\u00e0 delle mansioni, creando precedenti pregiudizievoli nei loro confronti.<\/p>\n<p>Per quanto appena esposto, la Filcams Cgil di Brindisi, ritiene nulla la procedura per riduzione di personale attivata dalla Santa Teresa S.p.A. in quanto non conforme ai criteri previsti dalle legge 223\/1991 e quindi discriminatoria verso dipendenti che, nel corso della loro carriera lavorativa presso la partecipata, sono stati assegnati, anche temporaneamente, a Servizi non pi\u00f9 in capo alla Provincia ma non assunti esclusivamente per tali impieghi.<\/p>\n<p>&nbsp;<\/p>\n<p>Alla luce del silenzio assordante di Santa Teresa S.p.A., di Provincia di Brindisi e di Regione Puglia dopo l\u2019incontro tenutosi il 14 Marzo 2019 , dove si \u00e8 paventata, tra l\u2019altro, l\u2019ipotesi di assegnazione della delega di funzioni collegate al Mercato del Lavoro alla Provincia di Brindisi, e non avendo tutt\u2019oggi notizie su come verranno impiegati tali lavoratori e su quali risorse finanziarie far ricadere la loro continuit\u00e0 lavorativa e retributiva, si chiede alla Santa Teresa S.P.A, anche a fronte dell\u2019approssimarsi della scadenza della procedura stessa prevista per il 15 aprile 2019 dopo la quale si avvieranno i licenziamenti, l&#8217;erogazione di un anticipo in conto a future indennit\u00e0, ammortizzatori sociali e\/o Tfr per alleviare la problematica situazione economica che i lavoratori stanno attraversando senza che questo possa mettere gli stessi nelle condizioni di sottoscrivere accordi capestro.<\/p>\n<p>La Filcams Cgil di Brindisi invita Santa Teresa S.p.A. e le Istituzioni tutte a produrre ogni sforzo al fine di garantire soluzioni definitive per la salvaguardia occupazionale e la garanzia di reddito in una citt\u00e0, come Brindisi, martoriata dall\u2019alto tasso di disoccupazione.<\/p>\n<p>&nbsp;<\/p>\n<p>Domani mattina 05 aprile 2019 alle ore 11:00 la Filcams Cgil insieme alle lavoratrici e ai lavoratori si mobiliteranno e si riuniranno in sit-in nei pressi della Provincia di Brindisi .<\/p>\n<p>&nbsp;<\/p>\n<p>Claudia Nigro<br \/>\nSegr.Gen.Filcams Cgil Brindisi<\/p>\n","protected":false},"excerpt":{"rendered":"<p>La Filcams Cgil di Brindisi esprime preoccupazione per le sorti dei 14 lavoratori dipendenti della Santa Teresa S.p.A., societ\u00e0 multiservizi della Provincia di Brindisi, verso i quali, la stessa, ha attivato la procedura per riduzione di personale ai sensi degli art 4 e 24 della Legge n. 223\/1991, lo scorso 31 gennaio 2019. Attualmente le lavoratrici e i lavoratori sono di fatto esonerati dal servizio , privati di stipendio e di qualunque ammortizzatore sociale e ad oggi non si hanno notizie sulle prospettive proposte in sede di Comitato SEPAC in data 14 marzo 2019. Sebbene il 27 dicembre 2018 la Santa Teresa S.p.A. avesse ritirato la procedura di mobilit\u00e0 per tutto il personale , raccogliendo l\u2019invito della Task Force a fronte della ripresa delle attivit\u00e0 dell\u2019Azienda e della stesura del nuovo Piano Industriale, il 31 gennaio 2019 avvia la procedura per riduzione di personale esclusivamente rivolta ai dipendenti impiegati sino al 30 giugno 2018 nei servizi non pi\u00f9 in capo alla Provincia di Brindisi per effetto di revoca della delega&#8230;<\/p>\n","protected":false},"author":2,"featured_media":152692,"comment_status":"open","ping_status":"closed","sticky":false,"template":"","format":"standard","meta":{"footnotes":""},"categories":[7],"tags":[],"class_list":["post-152691","post","type-post","status-publish","format-standard","has-post-thumbnail","hentry","category-news"],"_links":{"self":[{"href":"https:\/\/www.brundisium.net\/index.php\/wp-json\/wp\/v2\/posts\/152691","targetHints":{"allow":["GET"]}}],"collection":[{"href":"https:\/\/www.brundisium.net\/index.php\/wp-json\/wp\/v2\/posts"}],"about":[{"href":"https:\/\/www.brundisium.net\/index.php\/wp-json\/wp\/v2\/types\/post"}],"author":[{"embeddable":true,"href":"https:\/\/www.brundisium.net\/index.php\/wp-json\/wp\/v2\/users\/2"}],"replies":[{"embeddable":true,"href":"https:\/\/www.brundisium.net\/index.php\/wp-json\/wp\/v2\/comments?post=152691"}],"version-history":[{"count":1,"href":"https:\/\/www.brundisium.net\/index.php\/wp-json\/wp\/v2\/posts\/152691\/revisions"}],"predecessor-version":[{"id":152693,"href":"https:\/\/www.brundisium.net\/index.php\/wp-json\/wp\/v2\/posts\/152691\/revisions\/152693"}],"wp:featuredmedia":[{"embeddable":true,"href":"https:\/\/www.brundisium.net\/index.php\/wp-json\/wp\/v2\/media\/152692"}],"wp:attachment":[{"href":"https:\/\/www.brundisium.net\/index.php\/wp-json\/wp\/v2\/media?parent=152691"}],"wp:term":[{"taxonomy":"category","embeddable":true,"href":"https:\/\/www.brundisium.net\/index.php\/wp-json\/wp\/v2\/categories?post=152691"},{"taxonomy":"post_tag","embeddable":true,"href":"https:\/\/www.brundisium.net\/index.php\/wp-json\/wp\/v2\/tags?post=152691"}],"curies":[{"name":"wp","href":"https:\/\/api.w.org\/{rel}","templated":true}]}}