{"id":152847,"date":"2019-04-07T15:39:36","date_gmt":"2019-04-07T13:39:36","guid":{"rendered":"http:\/\/www.brundisium.net\/?p=152847"},"modified":"2019-04-07T17:44:07","modified_gmt":"2019-04-07T15:44:07","slug":"parco-buscicchio-gazzaneo-otan-bene-liniziativa-del-comitato-intenzionato-a-partecipare-al-bando-per-la-gestione","status":"publish","type":"post","link":"https:\/\/www.brundisium.net\/index.php\/parco-buscicchio-gazzaneo-otan-bene-liniziativa-del-comitato-intenzionato-a-partecipare-al-bando-per-la-gestione\/","title":{"rendered":"Parco Buscicchio, Gazzaneo (Otan): &#8220;bene l&#8217;iniziativa del comitato intenzionato a partecipare al bando per la gestione&#8221;"},"content":{"rendered":"<p>Accolgo con estrema positivit\u00e0 la notizia diffusa a mezzo stampa della costituzione di un comitato di cittadini, associazioni ed enti territoriali legato al recupero ed alla futura gestione del Parco Comunale Buscicchio, situato nel cuore del quartiere Sant\u2019Elia.<br \/>\nFa male infatti, vedere il Parco Buscicchio nelle condizioni di totale abbandono in cui attualmente versa, quando potrebbe essere un volano di sviluppo per il quartiere sia sotto il profilo culturale che economico, ed un punto di riferimento per giovani, anziani e famiglie.<\/p>\n<p>Questa iniziativa rappresenta un esempio positivo di sviluppo di processi sociali dal basso mirati alla crescita del territorio ed a fornire risposte ai bisogni di tutta la cittadinanza. Un progetto capace di contrastare la povert\u00e0 educativa, culturale ed economica attraverso la valorizzazione di un bene collettivo e il coinvolgimento attivo del quartiere ed in particolare dei giovani.<\/p>\n<p>Sono certo della bont\u00e0 dell\u2019iniziativa gi\u00e0 solo venendo a conoscenza dei promotori della stessa: l\u2019istituto comprensivo Sant\u2019Elia-Commenda, la UISP, l\u2019Associazione Vivere insieme, la Asl ed i Carabinieri Forestali, rappresentano istituzioni, enti e forze sociali da sempre impegnati per la promozione del territorio, dello sport, della cultura, della salute, inquadrati in percorsi di sviluppo di cittadinanza attiva, cultura della legalit\u00e0 e cura verso la propria citt\u00e0. Il progetto assume ancora pi\u00f9 validit\u00e0 nell\u2019essere sviluppato e presentato, oltre che da queste note realt\u00e0, da un comitato di cittadini e residenti che hanno a cuore le sorti del parco e vogliono mettersi al servizio del quartiere per il suo rilancio.<\/p>\n<p>Mi sento di accogliere e sostenere pertanto, le richieste fatte dai rappresentanti del comitato al Sindaco Riccardo Rossi, in particolare mi impegner\u00f2 affinch\u00e9 sia confermato nel prossimo bilancio lo stanziamento di \u20ac98.330,00 gi\u00e0 impegnati dal commissario Giuffr\u00e8 per interventi di ristrutturazione e recupero del Parco Buscicchio mai realizzati.<\/p>\n<p>L\u2019iniziativa promossa dal comitato si inquadra facilmente in quanto previsto dal \u201cRegolamento sulla collaborazione tra cittadini e amministrazione comunale per la cura e la rigenerazione dei beni comuni urbani\u201d, approvato dal consiglio comunale il 19\/12\/2014, che permette l\u2019affidamento di beni comunali a gruppi di cittadini e\/o associazioni ed enti promotori di progetti di recupero e rigenerazione degli stessi e dalla valenza sociale.<\/p>\n<p>Ulteriore strumento applicabile al caso \u00e8 rappresentato dal D.L. 185\/2015 (L. 9\/2016: art. 15, co. 6) che prevede che: \u201cle associazioni e societ\u00e0 sportive senza fini di lucro possono presentare all&#8217;ente locale sul cui territorio \u00e8 presente l&#8217;impianto sportivo interessato un progetto preliminare per la rigenerazione, la riqualificazione e l&#8217;ammodernamento dell&#8217;impianto, accompagnato da un piano di fattibilit\u00e0 economico-finanziaria, che comprende anche la gestione dell&#8217;impianto e il suo utilizzo finalizzato a favorire l&#8217;aggregazione sociale e giovanile. Nel caso in cui l&#8217;ente locale riconosca l&#8217;interesse pubblico del progetto, la gestione dell&#8217;impianto \u00e8 affidata gratuitamente all&#8217;associazione o alla societ\u00e0 sportiva per una durata proporzionalmente corrispondente al valore dell&#8217;intervento e comunque non inferiore a 5 anni.\u201d<\/p>\n<p>Nello sposare a pieno lo spirito dell\u2019iniziativa e ritenendo che ci siano tutti gli strumenti amministrativi atti a garantirne la realizzazione, far\u00f2 il possibile affinch\u00e9 l\u2019amministrazione cooprogetti insieme con il comitato il futuro di Parco Buscicchio. Sostenere questa idea progettuale pu\u00f2 permettere di recuperare un bene comunale dall\u2019esponenziale valore sociale, oltre che abbattere per il futuro gli oneri a carico del Comune per la sua gestione e manutenzione.<\/p>\n<p>Giulio Gazzaneo<br \/>\nCapogruppo \u201cOra tocca a noi\u201d<\/p>\n<p>&#8212;&#8212;&#8212;&#8212;&#8212;&#8212;&#8212;&#8212;&#8212;&#8212;&#8212;&#8212;&#8212;&#8212;&#8212;&#8212;&#8212;&#8212;&#8212;&#8212;&#8212;&#8212;&#8212;&#8212;&#8212;&#8212;&#8211;<br \/>\nAnteprima allegati:Carica tutte le foto in Facebook<br \/>\n1 di 2 allegato\/i<\/p>\n<p>Giulio Gazzaneo2.jpg (Ridimensionato a 41%, Visualizza dimensione attuale)<\/p>\n<p>Invia per e-mail questa foto   |   <\/p>\n","protected":false},"excerpt":{"rendered":"<p>Accolgo con estrema positivit\u00e0 la notizia diffusa a mezzo stampa della costituzione di un comitato di cittadini, associazioni ed enti territoriali legato al recupero ed alla futura gestione del Parco Comunale Buscicchio, situato nel cuore del quartiere Sant\u2019Elia. Fa male infatti, vedere il Parco Buscicchio nelle condizioni di totale abbandono in cui attualmente versa, quando potrebbe essere un volano di sviluppo per il quartiere sia sotto il profilo culturale che economico, ed un punto di riferimento per giovani, anziani e famiglie. Questa iniziativa rappresenta un esempio positivo di sviluppo di processi sociali dal basso mirati alla crescita del territorio ed a fornire risposte ai bisogni di tutta la cittadinanza. Un progetto capace di contrastare la povert\u00e0 educativa, culturale ed economica attraverso la valorizzazione di un bene collettivo e il coinvolgimento attivo del quartiere ed in particolare dei giovani. Sono certo della bont\u00e0 dell\u2019iniziativa gi\u00e0 solo venendo a conoscenza dei promotori della stessa: l\u2019istituto comprensivo Sant\u2019Elia-Commenda, la UISP, l\u2019Associazione Vivere insieme, la Asl ed i Carabinieri Forestali, rappresentano istituzioni, enti e&#8230;<\/p>\n","protected":false},"author":2,"featured_media":140102,"comment_status":"open","ping_status":"closed","sticky":false,"template":"","format":"standard","meta":{"footnotes":""},"categories":[7],"tags":[],"class_list":["post-152847","post","type-post","status-publish","format-standard","has-post-thumbnail","hentry","category-news"],"_links":{"self":[{"href":"https:\/\/www.brundisium.net\/index.php\/wp-json\/wp\/v2\/posts\/152847","targetHints":{"allow":["GET"]}}],"collection":[{"href":"https:\/\/www.brundisium.net\/index.php\/wp-json\/wp\/v2\/posts"}],"about":[{"href":"https:\/\/www.brundisium.net\/index.php\/wp-json\/wp\/v2\/types\/post"}],"author":[{"embeddable":true,"href":"https:\/\/www.brundisium.net\/index.php\/wp-json\/wp\/v2\/users\/2"}],"replies":[{"embeddable":true,"href":"https:\/\/www.brundisium.net\/index.php\/wp-json\/wp\/v2\/comments?post=152847"}],"version-history":[{"count":1,"href":"https:\/\/www.brundisium.net\/index.php\/wp-json\/wp\/v2\/posts\/152847\/revisions"}],"predecessor-version":[{"id":152851,"href":"https:\/\/www.brundisium.net\/index.php\/wp-json\/wp\/v2\/posts\/152847\/revisions\/152851"}],"wp:featuredmedia":[{"embeddable":true,"href":"https:\/\/www.brundisium.net\/index.php\/wp-json\/wp\/v2\/media\/140102"}],"wp:attachment":[{"href":"https:\/\/www.brundisium.net\/index.php\/wp-json\/wp\/v2\/media?parent=152847"}],"wp:term":[{"taxonomy":"category","embeddable":true,"href":"https:\/\/www.brundisium.net\/index.php\/wp-json\/wp\/v2\/categories?post=152847"},{"taxonomy":"post_tag","embeddable":true,"href":"https:\/\/www.brundisium.net\/index.php\/wp-json\/wp\/v2\/tags?post=152847"}],"curies":[{"name":"wp","href":"https:\/\/api.w.org\/{rel}","templated":true}]}}