{"id":15293,"date":"2014-06-11T17:27:10","date_gmt":"2014-06-11T15:27:10","guid":{"rendered":"http:\/\/www.brundisium.net\/brun\/?p=15293"},"modified":"2014-06-11T17:27:10","modified_gmt":"2014-06-11T15:27:10","slug":"partita-col-vento-giusto-la-regata-internazionale-brindisi-corfu-2014","status":"publish","type":"post","link":"https:\/\/www.brundisium.net\/index.php\/partita-col-vento-giusto-la-regata-internazionale-brindisi-corfu-2014\/","title":{"rendered":"Partita col vento giusto la Regata Internazionale Brindisi-Corf\u00f9 2014"},"content":{"rendered":"<p>Quindici nodi di maestrale, come da previsioni, onda formata ma non fastidiosa, splendida giornale di sole. Start alle 13 in punto per la flotta, ritardato di 10 minuti per maxi e multiscafi, e 32 ore di tempo massimo per tagliare la linea di arrivo a Kassiopi. Si sono guadagnati condizioni ideali di partenza, i 94 equipaggi che si sono presentati al via, sui 101 iscritti.<\/p>\n<p>Quasi tutti i timonieri hanno scelto il lato sopravvento, dove la pressione era maggiore, a ridosso della diga di Punta Riso dove si sono radunati gli spettatori giunti in bici o trasportati da una navetta. Grande spettacolo pochi minuti dopo, quando si sono aperti tutti i gennaker e gli spi, sulla rotta verso la meda di svincolo, al Trombillo.<\/p>\n<p>&nbsp;<\/p>\n<p>Da quel momento in poi la regata si \u00e8 divisa in due: verso il centro del Canale d\u2019Otranto la maggior parte delle imbarcazioni in gara, verso il cancello e la boa di Tricase Porto i maxi, che percorreranno venti o trenta miglia in pi\u00f9 degli altri.<\/p>\n<p>In testa dopo il Trombillo, l\u2019ex maxi Moonshine della Lni Pesaro, il Cori 52 gi\u00e0 vittorioso alla Brindisi-Corf\u00f9, quest\u2019anno passato alla classe Orc 1 dalle modifiche introdotte dall\u2019Uvai. Senza il suo armatore Edoardo Ziccarelli, ma con equipaggio deciso a dare battaglia sino in fondo. Tra i maxi la partita sar\u00e0 tra Idrusa del Montefusco Sailing Project, Chica Magnum e Team Sistiana.<\/p>\n<p>In gara barcje di sei diverse nazioni, Italia compresa, e con la novit\u00e0 della partecipazione di un equipaggio ungherese. L\u2019armatore ha giurato che sar\u00e0 della partita anche l\u2019anno prossimo colpito dal fascino dell\u2019evento.<\/p>\n<p>&nbsp;<\/p>\n\n\t\t<style type=\"text\/css\">\n\t\t\t#gallery-1 {\n\t\t\t\tmargin: auto;\n\t\t\t}\n\t\t\t#gallery-1 .gallery-item {\n\t\t\t\tfloat: left;\n\t\t\t\tmargin-top: 10px;\n\t\t\t\ttext-align: center;\n\t\t\t\twidth: 25%;\n\t\t\t}\n\t\t\t#gallery-1 img {\n\t\t\t\tborder: 2px solid #cfcfcf;\n\t\t\t}\n\t\t\t#gallery-1 .gallery-caption {\n\t\t\t\tmargin-left: 0;\n\t\t\t}\n\t\t\t\/* see gallery_shortcode() in wp-includes\/media.php *\/\n\t\t<\/style>\n\t\t<div id='gallery-1' class='gallery galleryid-15293 gallery-columns-4 gallery-size-thumbnail'><dl class='gallery-item'>\n\t\t\t<dt class='gallery-icon landscape'>\n\t\t\t\t<a href='https:\/\/www.brundisium.net\/index.php\/partita-col-vento-giusto-la-regata-internazionale-brindisi-corfu-2014\/teo-titi-presidente-del-circolo-della-vela-brindisi-con-mino-taveri\/'><img loading=\"lazy\" decoding=\"async\" width=\"150\" height=\"150\" src=\"https:\/\/www.brundisium.net\/brun\/wp-content\/uploads\/2014\/06\/Teo-Titi-presidente-del-Circolo-della-Vela-Brindisi-con-Mino-Taveri-150x150.jpg\" class=\"attachment-thumbnail size-thumbnail\" alt=\"\" srcset=\"https:\/\/www.brundisium.net\/brun\/wp-content\/uploads\/2014\/06\/Teo-Titi-presidente-del-Circolo-della-Vela-Brindisi-con-Mino-Taveri-150x150.jpg 150w, https:\/\/www.brundisium.net\/brun\/wp-content\/uploads\/2014\/06\/Teo-Titi-presidente-del-Circolo-della-Vela-Brindisi-con-Mino-Taveri-600x600.jpg 600w, https:\/\/www.brundisium.net\/brun\/wp-content\/uploads\/2014\/06\/Teo-Titi-presidente-del-Circolo-della-Vela-Brindisi-con-Mino-Taveri-60x60.jpg 60w\" sizes=\"auto, (max-width: 150px) 100vw, 150px\" \/><\/a>\n\t\t\t<\/dt><\/dl><dl class='gallery-item'>\n\t\t\t<dt class='gallery-icon landscape'>\n\t\t\t\t<a href='https:\/\/www.brundisium.net\/index.php\/partita-col-vento-giusto-la-regata-internazionale-brindisi-corfu-2014\/paola-moschetti-e-vania-ardito-mogli-di-massiliano-latorre-e-salvatore-girone\/'><img loading=\"lazy\" decoding=\"async\" width=\"150\" height=\"150\" src=\"https:\/\/www.brundisium.net\/brun\/wp-content\/uploads\/2014\/06\/Paola-Moschetti-e-Vania-Ardito-mogli-di-Massiliano-Latorre-e-Salvatore-Girone-150x150.jpg\" class=\"attachment-thumbnail size-thumbnail\" alt=\"\" srcset=\"https:\/\/www.brundisium.net\/brun\/wp-content\/uploads\/2014\/06\/Paola-Moschetti-e-Vania-Ardito-mogli-di-Massiliano-Latorre-e-Salvatore-Girone-150x150.jpg 150w, https:\/\/www.brundisium.net\/brun\/wp-content\/uploads\/2014\/06\/Paola-Moschetti-e-Vania-Ardito-mogli-di-Massiliano-Latorre-e-Salvatore-Girone-600x600.jpg 600w, https:\/\/www.brundisium.net\/brun\/wp-content\/uploads\/2014\/06\/Paola-Moschetti-e-Vania-Ardito-mogli-di-Massiliano-Latorre-e-Salvatore-Girone-60x60.jpg 60w\" sizes=\"auto, (max-width: 150px) 100vw, 150px\" \/><\/a>\n\t\t\t<\/dt><\/dl><dl class='gallery-item'>\n\t\t\t<dt class='gallery-icon landscape'>\n\t\t\t\t<a href='https:\/\/www.brundisium.net\/index.php\/partita-col-vento-giusto-la-regata-internazionale-brindisi-corfu-2014\/artificio-per-la-regata\/'><img loading=\"lazy\" decoding=\"async\" width=\"150\" height=\"150\" src=\"https:\/\/www.brundisium.net\/brun\/wp-content\/uploads\/2014\/06\/artificio-per-la-regata-150x150.jpg\" class=\"attachment-thumbnail size-thumbnail\" alt=\"\" srcset=\"https:\/\/www.brundisium.net\/brun\/wp-content\/uploads\/2014\/06\/artificio-per-la-regata-150x150.jpg 150w, https:\/\/www.brundisium.net\/brun\/wp-content\/uploads\/2014\/06\/artificio-per-la-regata-600x600.jpg 600w, https:\/\/www.brundisium.net\/brun\/wp-content\/uploads\/2014\/06\/artificio-per-la-regata-60x60.jpg 60w\" sizes=\"auto, (max-width: 150px) 100vw, 150px\" \/><\/a>\n\t\t\t<\/dt><\/dl><dl class='gallery-item'>\n\t\t\t<dt class='gallery-icon landscape'>\n\t\t\t\t<a href='https:\/\/www.brundisium.net\/index.php\/partita-col-vento-giusto-la-regata-internazionale-brindisi-corfu-2014\/barche-sul-lungomare-di-brindisi\/'><img loading=\"lazy\" decoding=\"async\" width=\"150\" height=\"150\" src=\"https:\/\/www.brundisium.net\/brun\/wp-content\/uploads\/2014\/06\/Barche-sul-lungomare-di-Brindisi-150x150.jpg\" class=\"attachment-thumbnail size-thumbnail\" alt=\"\" srcset=\"https:\/\/www.brundisium.net\/brun\/wp-content\/uploads\/2014\/06\/Barche-sul-lungomare-di-Brindisi-150x150.jpg 150w, https:\/\/www.brundisium.net\/brun\/wp-content\/uploads\/2014\/06\/Barche-sul-lungomare-di-Brindisi-600x600.jpg 600w, https:\/\/www.brundisium.net\/brun\/wp-content\/uploads\/2014\/06\/Barche-sul-lungomare-di-Brindisi-60x60.jpg 60w\" sizes=\"auto, (max-width: 150px) 100vw, 150px\" \/><\/a>\n\t\t\t<\/dt><\/dl><br style=\"clear: both\" \/>\n\t\t<\/div>\n\n\n\t\t<style type=\"text\/css\">\n\t\t\t#gallery-2 {\n\t\t\t\tmargin: auto;\n\t\t\t}\n\t\t\t#gallery-2 .gallery-item {\n\t\t\t\tfloat: left;\n\t\t\t\tmargin-top: 10px;\n\t\t\t\ttext-align: center;\n\t\t\t\twidth: 25%;\n\t\t\t}\n\t\t\t#gallery-2 img {\n\t\t\t\tborder: 2px solid #cfcfcf;\n\t\t\t}\n\t\t\t#gallery-2 .gallery-caption {\n\t\t\t\tmargin-left: 0;\n\t\t\t}\n\t\t\t\/* see gallery_shortcode() in wp-includes\/media.php *\/\n\t\t<\/style>\n\t\t<div id='gallery-2' class='gallery galleryid-15293 gallery-columns-4 gallery-size-thumbnail'><dl class='gallery-item'>\n\t\t\t<dt class='gallery-icon landscape'>\n\t\t\t\t<a href='https:\/\/www.brundisium.net\/index.php\/partita-col-vento-giusto-la-regata-internazionale-brindisi-corfu-2014\/2014-br-cor-ftaccola-135941_fto8782-copia\/'><img loading=\"lazy\" decoding=\"async\" width=\"150\" height=\"150\" src=\"https:\/\/www.brundisium.net\/brun\/wp-content\/uploads\/2014\/06\/2014.Br-Cor.fTaccola.135941_FTO8782-copia-150x150.jpg\" class=\"attachment-thumbnail size-thumbnail\" alt=\"\" srcset=\"https:\/\/www.brundisium.net\/brun\/wp-content\/uploads\/2014\/06\/2014.Br-Cor.fTaccola.135941_FTO8782-copia-150x150.jpg 150w, https:\/\/www.brundisium.net\/brun\/wp-content\/uploads\/2014\/06\/2014.Br-Cor.fTaccola.135941_FTO8782-copia-600x600.jpg 600w, https:\/\/www.brundisium.net\/brun\/wp-content\/uploads\/2014\/06\/2014.Br-Cor.fTaccola.135941_FTO8782-copia-60x60.jpg 60w\" sizes=\"auto, (max-width: 150px) 100vw, 150px\" \/><\/a>\n\t\t\t<\/dt><\/dl><dl class='gallery-item'>\n\t\t\t<dt class='gallery-icon landscape'>\n\t\t\t\t<a href='https:\/\/www.brundisium.net\/index.php\/partita-col-vento-giusto-la-regata-internazionale-brindisi-corfu-2014\/2014-br-cor-ftaccola-133633_fto8679-copia\/'><img loading=\"lazy\" decoding=\"async\" width=\"150\" height=\"150\" src=\"https:\/\/www.brundisium.net\/brun\/wp-content\/uploads\/2014\/06\/2014.Br-Cor.fTaccola.133633_FTO8679-copia-150x150.jpg\" class=\"attachment-thumbnail size-thumbnail\" alt=\"\" srcset=\"https:\/\/www.brundisium.net\/brun\/wp-content\/uploads\/2014\/06\/2014.Br-Cor.fTaccola.133633_FTO8679-copia-150x150.jpg 150w, https:\/\/www.brundisium.net\/brun\/wp-content\/uploads\/2014\/06\/2014.Br-Cor.fTaccola.133633_FTO8679-copia-60x60.jpg 60w\" sizes=\"auto, (max-width: 150px) 100vw, 150px\" \/><\/a>\n\t\t\t<\/dt><\/dl><dl class='gallery-item'>\n\t\t\t<dt class='gallery-icon landscape'>\n\t\t\t\t<a href='https:\/\/www.brundisium.net\/index.php\/partita-col-vento-giusto-la-regata-internazionale-brindisi-corfu-2014\/2014-br-cor-ftaccola-133412_ftl6824-copia\/'><img loading=\"lazy\" decoding=\"async\" width=\"150\" height=\"150\" src=\"https:\/\/www.brundisium.net\/brun\/wp-content\/uploads\/2014\/06\/2014.Br-Cor.fTaccola.133412_FTL6824-copia-150x150.jpg\" class=\"attachment-thumbnail size-thumbnail\" alt=\"\" srcset=\"https:\/\/www.brundisium.net\/brun\/wp-content\/uploads\/2014\/06\/2014.Br-Cor.fTaccola.133412_FTL6824-copia-150x150.jpg 150w, https:\/\/www.brundisium.net\/brun\/wp-content\/uploads\/2014\/06\/2014.Br-Cor.fTaccola.133412_FTL6824-copia-600x600.jpg 600w, https:\/\/www.brundisium.net\/brun\/wp-content\/uploads\/2014\/06\/2014.Br-Cor.fTaccola.133412_FTL6824-copia-60x60.jpg 60w\" sizes=\"auto, (max-width: 150px) 100vw, 150px\" \/><\/a>\n\t\t\t<\/dt><\/dl><dl class='gallery-item'>\n\t\t\t<dt class='gallery-icon landscape'>\n\t\t\t\t<a href='https:\/\/www.brundisium.net\/index.php\/partita-col-vento-giusto-la-regata-internazionale-brindisi-corfu-2014\/2014-br-cor-ftaccola-130459_fto8345-copia\/'><img loading=\"lazy\" decoding=\"async\" width=\"150\" height=\"150\" src=\"https:\/\/www.brundisium.net\/brun\/wp-content\/uploads\/2014\/06\/2014.Br-Cor.fTaccola.130459_FTO8345-copia-150x150.jpg\" class=\"attachment-thumbnail size-thumbnail\" alt=\"\" srcset=\"https:\/\/www.brundisium.net\/brun\/wp-content\/uploads\/2014\/06\/2014.Br-Cor.fTaccola.130459_FTO8345-copia-150x150.jpg 150w, https:\/\/www.brundisium.net\/brun\/wp-content\/uploads\/2014\/06\/2014.Br-Cor.fTaccola.130459_FTO8345-copia-600x600.jpg 600w, https:\/\/www.brundisium.net\/brun\/wp-content\/uploads\/2014\/06\/2014.Br-Cor.fTaccola.130459_FTO8345-copia-1500x1500.jpg 1500w, https:\/\/www.brundisium.net\/brun\/wp-content\/uploads\/2014\/06\/2014.Br-Cor.fTaccola.130459_FTO8345-copia-60x60.jpg 60w\" sizes=\"auto, (max-width: 150px) 100vw, 150px\" \/><\/a>\n\t\t\t<\/dt><\/dl><br style=\"clear: both\" \/><dl class='gallery-item'>\n\t\t\t<dt class='gallery-icon landscape'>\n\t\t\t\t<a href='https:\/\/www.brundisium.net\/index.php\/partita-col-vento-giusto-la-regata-internazionale-brindisi-corfu-2014\/2014-br-cor-ftaccola-130652_fto8383-copia\/'><img loading=\"lazy\" decoding=\"async\" width=\"150\" height=\"150\" src=\"https:\/\/www.brundisium.net\/brun\/wp-content\/uploads\/2014\/06\/2014.Br-Cor.fTaccola.130652_FTO8383-copia-150x150.jpg\" class=\"attachment-thumbnail size-thumbnail\" alt=\"\" srcset=\"https:\/\/www.brundisium.net\/brun\/wp-content\/uploads\/2014\/06\/2014.Br-Cor.fTaccola.130652_FTO8383-copia-150x150.jpg 150w, https:\/\/www.brundisium.net\/brun\/wp-content\/uploads\/2014\/06\/2014.Br-Cor.fTaccola.130652_FTO8383-copia-600x600.jpg 600w, https:\/\/www.brundisium.net\/brun\/wp-content\/uploads\/2014\/06\/2014.Br-Cor.fTaccola.130652_FTO8383-copia-1500x1500.jpg 1500w, https:\/\/www.brundisium.net\/brun\/wp-content\/uploads\/2014\/06\/2014.Br-Cor.fTaccola.130652_FTO8383-copia-60x60.jpg 60w\" sizes=\"auto, (max-width: 150px) 100vw, 150px\" \/><\/a>\n\t\t\t<\/dt><\/dl><dl class='gallery-item'>\n\t\t\t<dt class='gallery-icon landscape'>\n\t\t\t\t<a href='https:\/\/www.brundisium.net\/index.php\/partita-col-vento-giusto-la-regata-internazionale-brindisi-corfu-2014\/2014-br-cor-ftaccola-130715_ftl6699-copia\/'><img loading=\"lazy\" decoding=\"async\" width=\"150\" height=\"150\" src=\"https:\/\/www.brundisium.net\/brun\/wp-content\/uploads\/2014\/06\/2014.Br-Cor.fTaccola.130715_FTL6699-copia-150x150.jpg\" class=\"attachment-thumbnail size-thumbnail\" alt=\"\" srcset=\"https:\/\/www.brundisium.net\/brun\/wp-content\/uploads\/2014\/06\/2014.Br-Cor.fTaccola.130715_FTL6699-copia-150x150.jpg 150w, https:\/\/www.brundisium.net\/brun\/wp-content\/uploads\/2014\/06\/2014.Br-Cor.fTaccola.130715_FTL6699-copia-600x600.jpg 600w, https:\/\/www.brundisium.net\/brun\/wp-content\/uploads\/2014\/06\/2014.Br-Cor.fTaccola.130715_FTL6699-copia-60x60.jpg 60w\" sizes=\"auto, (max-width: 150px) 100vw, 150px\" \/><\/a>\n\t\t\t<\/dt><\/dl><dl class='gallery-item'>\n\t\t\t<dt class='gallery-icon landscape'>\n\t\t\t\t<a href='https:\/\/www.brundisium.net\/index.php\/partita-col-vento-giusto-la-regata-internazionale-brindisi-corfu-2014\/2014-br-cor-ftaccola-132426_fto8531-copia\/'><img loading=\"lazy\" decoding=\"async\" width=\"150\" height=\"150\" src=\"https:\/\/www.brundisium.net\/brun\/wp-content\/uploads\/2014\/06\/2014.Br-Cor.fTaccola.132426_FTO8531-copia-150x150.jpg\" class=\"attachment-thumbnail size-thumbnail\" alt=\"\" srcset=\"https:\/\/www.brundisium.net\/brun\/wp-content\/uploads\/2014\/06\/2014.Br-Cor.fTaccola.132426_FTO8531-copia-150x150.jpg 150w, https:\/\/www.brundisium.net\/brun\/wp-content\/uploads\/2014\/06\/2014.Br-Cor.fTaccola.132426_FTO8531-copia-600x600.jpg 600w, https:\/\/www.brundisium.net\/brun\/wp-content\/uploads\/2014\/06\/2014.Br-Cor.fTaccola.132426_FTO8531-copia-60x60.jpg 60w\" sizes=\"auto, (max-width: 150px) 100vw, 150px\" \/><\/a>\n\t\t\t<\/dt><\/dl><dl class='gallery-item'>\n\t\t\t<dt class='gallery-icon landscape'>\n\t\t\t\t<a href='https:\/\/www.brundisium.net\/index.php\/partita-col-vento-giusto-la-regata-internazionale-brindisi-corfu-2014\/2014-br-cor-ftaccola-133059_fto8596-copia\/'><img loading=\"lazy\" decoding=\"async\" width=\"150\" height=\"150\" src=\"https:\/\/www.brundisium.net\/brun\/wp-content\/uploads\/2014\/06\/2014.Br-Cor.fTaccola.133059_FTO8596-copia-150x150.jpg\" class=\"attachment-thumbnail size-thumbnail\" alt=\"\" srcset=\"https:\/\/www.brundisium.net\/brun\/wp-content\/uploads\/2014\/06\/2014.Br-Cor.fTaccola.133059_FTO8596-copia-150x150.jpg 150w, https:\/\/www.brundisium.net\/brun\/wp-content\/uploads\/2014\/06\/2014.Br-Cor.fTaccola.133059_FTO8596-copia-600x600.jpg 600w, https:\/\/www.brundisium.net\/brun\/wp-content\/uploads\/2014\/06\/2014.Br-Cor.fTaccola.133059_FTO8596-copia-60x60.jpg 60w\" sizes=\"auto, (max-width: 150px) 100vw, 150px\" \/><\/a>\n\t\t\t<\/dt><\/dl><br style=\"clear: both\" \/><dl class='gallery-item'>\n\t\t\t<dt class='gallery-icon landscape'>\n\t\t\t\t<a href='https:\/\/www.brundisium.net\/index.php\/partita-col-vento-giusto-la-regata-internazionale-brindisi-corfu-2014\/2014-br-cor-ftaccola-130445_ftc5249-copia\/'><img loading=\"lazy\" decoding=\"async\" width=\"150\" height=\"150\" src=\"https:\/\/www.brundisium.net\/brun\/wp-content\/uploads\/2014\/06\/2014.Br-Cor.fTaccola.130445_FTC5249-copia-150x150.jpg\" class=\"attachment-thumbnail size-thumbnail\" alt=\"\" srcset=\"https:\/\/www.brundisium.net\/brun\/wp-content\/uploads\/2014\/06\/2014.Br-Cor.fTaccola.130445_FTC5249-copia-150x150.jpg 150w, https:\/\/www.brundisium.net\/brun\/wp-content\/uploads\/2014\/06\/2014.Br-Cor.fTaccola.130445_FTC5249-copia-600x600.jpg 600w, https:\/\/www.brundisium.net\/brun\/wp-content\/uploads\/2014\/06\/2014.Br-Cor.fTaccola.130445_FTC5249-copia-1500x1500.jpg 1500w, https:\/\/www.brundisium.net\/brun\/wp-content\/uploads\/2014\/06\/2014.Br-Cor.fTaccola.130445_FTC5249-copia-60x60.jpg 60w\" sizes=\"auto, (max-width: 150px) 100vw, 150px\" \/><\/a>\n\t\t\t<\/dt><\/dl><dl class='gallery-item'>\n\t\t\t<dt class='gallery-icon landscape'>\n\t\t\t\t<a href='https:\/\/www.brundisium.net\/index.php\/partita-col-vento-giusto-la-regata-internazionale-brindisi-corfu-2014\/2014-br-cor-ftaccola-130231_fto8302-copia\/'><img loading=\"lazy\" decoding=\"async\" width=\"150\" height=\"150\" src=\"https:\/\/www.brundisium.net\/brun\/wp-content\/uploads\/2014\/06\/2014.Br-Cor.fTaccola.130231_FTO8302-copia-150x150.jpg\" class=\"attachment-thumbnail size-thumbnail\" alt=\"\" srcset=\"https:\/\/www.brundisium.net\/brun\/wp-content\/uploads\/2014\/06\/2014.Br-Cor.fTaccola.130231_FTO8302-copia-150x150.jpg 150w, https:\/\/www.brundisium.net\/brun\/wp-content\/uploads\/2014\/06\/2014.Br-Cor.fTaccola.130231_FTO8302-copia-600x600.jpg 600w, https:\/\/www.brundisium.net\/brun\/wp-content\/uploads\/2014\/06\/2014.Br-Cor.fTaccola.130231_FTO8302-copia-1500x1500.jpg 1500w, https:\/\/www.brundisium.net\/brun\/wp-content\/uploads\/2014\/06\/2014.Br-Cor.fTaccola.130231_FTO8302-copia-60x60.jpg 60w\" sizes=\"auto, (max-width: 150px) 100vw, 150px\" \/><\/a>\n\t\t\t<\/dt><\/dl>\n\t\t\t<br style='clear: both' \/>\n\t\t<\/div>\n\n<p>&nbsp;<\/p>\n<p>Telecamere di \u201cLinea Blu\u201d e del Tg Rai di Bari puntate sulla partenza, tutto \u00e8 filato liscio.<\/p>\n<p>Si spera che il vento regga almeno sino all\u2019alba (si teme il famigerato \u201cbuco\u201d davanti a Corf\u00f9, che secondo gli equipaggi greci dovrebbe colpire ancora, mentre secondo le previsioni dovrebbe esserci abbastanza vento per non vanificare la galoppata notturna delle barche pi\u00f9 veloci. A Kassiopi da stasera sar\u00e0 operativo il gruppo dei giudici di arrivo.<\/p>\n<p>Teo Titi, nuovo presidente del Circolo della Vela Brindisi, alla sua prima Brindisi-Corf\u00f9 nelle vesti di responsabile del comitato organizzatore, finalmente ha potuto tirare un sospiro di sollievo. Venerd\u00ec la cerimonia di premiazione al Marina di Gouvia, preceduta da un wine party per gli equipaggi e seguita da una festa tradizionale greca. Poi un paio di mesi di pausa, prima di passare alla lunga preparazione della regata del trentennale.<\/p>\n<p>&nbsp;<\/p>\n<p>Ricordiamo che si pu\u00f2 seguire la regata in tempo reale grazie al servizio di tracking finanziato dal Circolo della Vela Brindisi e tecnicamente gestito dal circolo Assonautica locale. Dal pc si pu\u00f2 accedere direttamente al tracking dal sito <a href=\"http:\/\/www.brindisi-corfu.it\/\">www.brindisi-corfu.it<\/a>, mentre gli utilizzatori di apparati mobili dovranno scaricare una apposita app Yellowbrick dal sito, al costo di due euro.<\/p>\n<p>Il tracking fornisce in tempo reale posizione, rotta, velocit\u00e0 della barca e condizioni meteo relative a quel punto nave. \u00a0La regata quest\u2019anno \u00e8 dedicata anche alla campagna per il ritorno a casa dei mar\u00f2 Massimiliano Latorre e Salvatore Girone detenuti in India da due anni e mezzo. Al maxi Idrusa \u00e8 stata consegnata dalla mogli dei due mar\u00f2 la bandiera della Brigata Marina San Marco, di stanza a Brindisi, dove prestano servizio Girone e Latorre.<\/p>\n<p>&nbsp;<\/p>\n<p>&nbsp;<\/p>\n<p><strong>Il Circolo della Vela Brindisi<\/strong><\/p>\n<p><strong>\u00a0<\/strong><\/p>\n<p><em>(Le foto della partenza sono di Fabio Taccola)<\/em><\/p>\n<p>&nbsp;<\/p>\n","protected":false},"excerpt":{"rendered":"<p>Quindici nodi di maestrale, come da previsioni, onda formata ma non fastidiosa, splendida giornale di sole. Start alle 13 in punto per la flotta, ritardato di 10 minuti per maxi e multiscafi, e 32 ore di tempo massimo per tagliare la linea di arrivo a Kassiopi. Si sono guadagnati condizioni ideali di partenza, i 94 equipaggi che si sono presentati al via, sui 101 iscritti. Quasi tutti i timonieri hanno scelto il lato sopravvento, dove la pressione era maggiore, a ridosso della diga di Punta Riso dove si sono radunati gli spettatori giunti in bici o trasportati da una navetta. Grande spettacolo pochi minuti dopo, quando si sono aperti tutti i gennaker e gli spi, sulla rotta verso la meda di svincolo, al Trombillo. &nbsp; Da quel momento in poi la regata si \u00e8 divisa in due: verso il centro del Canale d\u2019Otranto la maggior parte delle imbarcazioni in gara, verso il cancello e la boa di Tricase Porto i maxi, che percorreranno venti o trenta miglia in pi\u00f9 degli&#8230;<\/p>\n","protected":false},"author":2,"featured_media":15299,"comment_status":"open","ping_status":"open","sticky":false,"template":"","format":"standard","meta":{"footnotes":""},"categories":[8,1232],"tags":[],"class_list":["post-15293","post","type-post","status-publish","format-standard","has-post-thumbnail","hentry","category-sport","category-vela"],"_links":{"self":[{"href":"https:\/\/www.brundisium.net\/index.php\/wp-json\/wp\/v2\/posts\/15293","targetHints":{"allow":["GET"]}}],"collection":[{"href":"https:\/\/www.brundisium.net\/index.php\/wp-json\/wp\/v2\/posts"}],"about":[{"href":"https:\/\/www.brundisium.net\/index.php\/wp-json\/wp\/v2\/types\/post"}],"author":[{"embeddable":true,"href":"https:\/\/www.brundisium.net\/index.php\/wp-json\/wp\/v2\/users\/2"}],"replies":[{"embeddable":true,"href":"https:\/\/www.brundisium.net\/index.php\/wp-json\/wp\/v2\/comments?post=15293"}],"version-history":[{"count":1,"href":"https:\/\/www.brundisium.net\/index.php\/wp-json\/wp\/v2\/posts\/15293\/revisions"}],"predecessor-version":[{"id":15309,"href":"https:\/\/www.brundisium.net\/index.php\/wp-json\/wp\/v2\/posts\/15293\/revisions\/15309"}],"wp:featuredmedia":[{"embeddable":true,"href":"https:\/\/www.brundisium.net\/index.php\/wp-json\/wp\/v2\/media\/15299"}],"wp:attachment":[{"href":"https:\/\/www.brundisium.net\/index.php\/wp-json\/wp\/v2\/media?parent=15293"}],"wp:term":[{"taxonomy":"category","embeddable":true,"href":"https:\/\/www.brundisium.net\/index.php\/wp-json\/wp\/v2\/categories?post=15293"},{"taxonomy":"post_tag","embeddable":true,"href":"https:\/\/www.brundisium.net\/index.php\/wp-json\/wp\/v2\/tags?post=15293"}],"curies":[{"name":"wp","href":"https:\/\/api.w.org\/{rel}","templated":true}]}}