{"id":152995,"date":"2019-04-09T19:44:03","date_gmt":"2019-04-09T17:44:03","guid":{"rendered":"http:\/\/www.brundisium.net\/?p=152995"},"modified":"2019-04-09T18:50:35","modified_gmt":"2019-04-09T16:50:35","slug":"caffetteria-letteraria-nervegna-giovedi-11-ivana-salvemini-presenta-lamore-e-la-risposta-con-alessandro-cobianchi","status":"publish","type":"post","link":"https:\/\/www.brundisium.net\/index.php\/caffetteria-letteraria-nervegna-giovedi-11-ivana-salvemini-presenta-lamore-e-la-risposta-con-alessandro-cobianchi\/","title":{"rendered":"Caffetteria Letteraria Nervegna: gioved\u00ec 11 Ivana Salvemini presenta &#8220;L&#8217;amore \u00e8 la risposta&#8221; con Alessandro Cobianchi"},"content":{"rendered":"<p><a href=\"http:\/\/www.brundisium.net\/brun\/wp-content\/uploads\/2019\/04\/lamore-e-la-risposta.jpg\"><img loading=\"lazy\" decoding=\"async\" class=\"alignleft size-medium wp-image-152996\" src=\"http:\/\/www.brundisium.net\/brun\/wp-content\/uploads\/2019\/04\/lamore-e-la-risposta-169x300.jpg\" alt=\"\" width=\"169\" height=\"300\" srcset=\"https:\/\/www.brundisium.net\/brun\/wp-content\/uploads\/2019\/04\/lamore-e-la-risposta-169x300.jpg 169w, https:\/\/www.brundisium.net\/brun\/wp-content\/uploads\/2019\/04\/lamore-e-la-risposta.jpg 385w\" sizes=\"auto, (max-width: 169px) 100vw, 169px\" \/><\/a>Sfogliando la rassegna letteraria del mese di Aprile 2019, Petali di rosa, di Caffetteria Letteraria Nervegna, si giunge alla scrittrice Ivana Salvemini.<\/p>\n<p>Gioved\u00ec 11 Aprile 2019 presenter\u00e0 il suo libro &#8220;L&#8217;amore \u00e8 la risposta.&#8221;<br \/>\nA dialogare con l&#8217;autrice sara&#8217; Alessandro Cobianchi.<\/p>\n<p>&nbsp;<\/p>\n<p>L&#8217;Amore \u00e8 la risposta.<br \/>\nQuante persone abitano una citt\u00e0? Tante, troppe perch\u00e9 possano incrociarsi e conoscersi, ma esistono delle strade in cui pu\u00f2 succedere di scontrarsi, esistono dei momenti in cui pu\u00f2 succedere di svegliarsi, di piangere e di sperare e innamorarsi, senza sapere ci\u00f2 che accadr\u00e0. Vito, Nadia, Stefano, Giulia sono alcuni dei protagonisti del romanzo di esordio di Ivana Salvemini, legati tutti da un incidente che cambia il corso della propria giornata, se non \u2013 addirittura \u2013 della propria vita.<\/p>\n<p>Con un linguaggio limpido, accompagnato da citazioni musicali e poetiche che, come una colonna sonora, ne scandiscono il ritmo e lo completano, l\u2019autrice fotografa squarci di quotidianit\u00e0 differenti, segnati \u2013 ciascuno da una prospettiva diversa \u2013 da un evento inatteso che induce il lettore a domandarsi se la nostra esistenza sia condizionata dal caso o se, al contrario, siamo davvero liberi di influire sul nostro destino.<br \/>\nUn copione, era un copione quello che stavano vivendo? E per colpa di chi? Avrebbero potuto accorgersene? Avrebbe dovuto accorgersene?<\/p>\n<p>&nbsp;<\/p>\n<p>Ivana Salvemini \u00e8 nata nel 1973 a Bari, dove vive. Avvocato.<br \/>\nQuesto \u00e8 il suo primo romanzo.<\/p>\n","protected":false},"excerpt":{"rendered":"<p>Sfogliando la rassegna letteraria del mese di Aprile 2019, Petali di rosa, di Caffetteria Letteraria Nervegna, si giunge alla scrittrice Ivana Salvemini. Gioved\u00ec 11 Aprile 2019 presenter\u00e0 il suo libro &#8220;L&#8217;amore \u00e8 la risposta.&#8221; A dialogare con l&#8217;autrice sara&#8217; Alessandro Cobianchi. &nbsp; L&#8217;Amore \u00e8 la risposta. Quante persone abitano una citt\u00e0? Tante, troppe perch\u00e9 possano incrociarsi e conoscersi, ma esistono delle strade in cui pu\u00f2 succedere di scontrarsi, esistono dei momenti in cui pu\u00f2 succedere di svegliarsi, di piangere e di sperare e innamorarsi, senza sapere ci\u00f2 che accadr\u00e0. Vito, Nadia, Stefano, Giulia sono alcuni dei protagonisti del romanzo di esordio di Ivana Salvemini, legati tutti da un incidente che cambia il corso della propria giornata, se non \u2013 addirittura \u2013 della propria vita. Con un linguaggio limpido, accompagnato da citazioni musicali e poetiche che, come una colonna sonora, ne scandiscono il ritmo e lo completano, l\u2019autrice fotografa squarci di quotidianit\u00e0 differenti, segnati \u2013 ciascuno da una prospettiva diversa \u2013 da un evento inatteso che induce il lettore a domandarsi&#8230;<\/p>\n","protected":false},"author":2,"featured_media":152997,"comment_status":"open","ping_status":"closed","sticky":false,"template":"","format":"standard","meta":{"footnotes":""},"categories":[7],"tags":[],"class_list":["post-152995","post","type-post","status-publish","format-standard","has-post-thumbnail","hentry","category-news"],"_links":{"self":[{"href":"https:\/\/www.brundisium.net\/index.php\/wp-json\/wp\/v2\/posts\/152995","targetHints":{"allow":["GET"]}}],"collection":[{"href":"https:\/\/www.brundisium.net\/index.php\/wp-json\/wp\/v2\/posts"}],"about":[{"href":"https:\/\/www.brundisium.net\/index.php\/wp-json\/wp\/v2\/types\/post"}],"author":[{"embeddable":true,"href":"https:\/\/www.brundisium.net\/index.php\/wp-json\/wp\/v2\/users\/2"}],"replies":[{"embeddable":true,"href":"https:\/\/www.brundisium.net\/index.php\/wp-json\/wp\/v2\/comments?post=152995"}],"version-history":[{"count":1,"href":"https:\/\/www.brundisium.net\/index.php\/wp-json\/wp\/v2\/posts\/152995\/revisions"}],"predecessor-version":[{"id":152998,"href":"https:\/\/www.brundisium.net\/index.php\/wp-json\/wp\/v2\/posts\/152995\/revisions\/152998"}],"wp:featuredmedia":[{"embeddable":true,"href":"https:\/\/www.brundisium.net\/index.php\/wp-json\/wp\/v2\/media\/152997"}],"wp:attachment":[{"href":"https:\/\/www.brundisium.net\/index.php\/wp-json\/wp\/v2\/media?parent=152995"}],"wp:term":[{"taxonomy":"category","embeddable":true,"href":"https:\/\/www.brundisium.net\/index.php\/wp-json\/wp\/v2\/categories?post=152995"},{"taxonomy":"post_tag","embeddable":true,"href":"https:\/\/www.brundisium.net\/index.php\/wp-json\/wp\/v2\/tags?post=152995"}],"curies":[{"name":"wp","href":"https:\/\/api.w.org\/{rel}","templated":true}]}}