{"id":153126,"date":"2019-04-11T19:31:55","date_gmt":"2019-04-11T17:31:55","guid":{"rendered":"http:\/\/www.brundisium.net\/?p=153126"},"modified":"2019-04-11T19:31:55","modified_gmt":"2019-04-11T17:31:55","slug":"matera-capitale-europea-della-cultura-2019-ospita-i-riti-della-settimana-santa-di-francavilla-fontana","status":"publish","type":"post","link":"https:\/\/www.brundisium.net\/index.php\/matera-capitale-europea-della-cultura-2019-ospita-i-riti-della-settimana-santa-di-francavilla-fontana\/","title":{"rendered":"Matera, Capitale Europea della Cultura 2019, ospita i Riti della Settimana Santa di Francavilla Fontana"},"content":{"rendered":"<p><a href=\"http:\/\/www.brundisium.net\/brun\/wp-content\/uploads\/2019\/04\/MANIFESTO-MOSTRA.jpg\"><img loading=\"lazy\" decoding=\"async\" class=\"alignleft size-medium wp-image-153129\" src=\"http:\/\/www.brundisium.net\/brun\/wp-content\/uploads\/2019\/04\/MANIFESTO-MOSTRA-210x300.jpg\" alt=\"\" width=\"210\" height=\"300\" srcset=\"https:\/\/www.brundisium.net\/brun\/wp-content\/uploads\/2019\/04\/MANIFESTO-MOSTRA-210x300.jpg 210w, https:\/\/www.brundisium.net\/brun\/wp-content\/uploads\/2019\/04\/MANIFESTO-MOSTRA-768x1097.jpg 768w, https:\/\/www.brundisium.net\/brun\/wp-content\/uploads\/2019\/04\/MANIFESTO-MOSTRA-717x1024.jpg 717w, https:\/\/www.brundisium.net\/brun\/wp-content\/uploads\/2019\/04\/MANIFESTO-MOSTRA.jpg 1120w\" sizes=\"auto, (max-width: 210px) 100vw, 210px\" \/><\/a><\/p>\n<p>&nbsp;<\/p>\n<p>Matera, Capitale Europea della Cultura 2019, ospiter\u00e0 a partire da sabato 13 aprile i Riti della Settimana Santa di Francavilla Fontana. Una ospitalit\u00e0 non solo artistica, con le immagini dei Riti che saranno accolte nello splendido ex Ospedale San Rocco, ma anche spirituale, con una Via Crucis guidata da Don Andrea Santoro e seguita da dodici coppie di Pappamusci, tre Crociferi e Confratelli di tutte le congregazioni cittadine, che dalle 17.00 toccher\u00e0 le pi\u00f9 significative chiese lungo le vie del centro di Matera coinvolgendo i fedeli lucani. Il Cammino, che partir\u00e0 dalla Chiesa del Carmine, si concluder\u00e0 nella magnifica chiesa del Cristo Flagellato all\u2019interno dell\u2019ex Ospedale San Rocco.<\/p>\n<p>&nbsp;<\/p>\n<p>\u201cAbbiamo accolto con grande attenzione l\u2019invito ad essere presenti a Matera in concomitanza della mostra sui Riti della Settimana Santa per vivere con la confraternita e alcune famiglie un pellegrinaggio su luoghi carichi di storia e spiritualit\u00e0. \u2013 dichiara don Andrea Santoro &#8211; La pratica devozionale della Via Crucis sar\u00e0 un\u2019ulteriore occasione per prepararsi a vivere in spirito di fede reale, concreta, incarnata nelle antiche pratiche religiose della nostra citt\u00e0. Con discrezione e come pellegrini penitenti andiamo a Matera per far crescere la nostra adesione di fede nel Cristo sofferente per noi tutti, per l\u2019umanit\u00e0 intera\u201d.<\/p>\n<p>&nbsp;<\/p>\n<p><a href=\"http:\/\/www.brundisium.net\/brun\/wp-content\/uploads\/2019\/04\/LASORSA-70X50-ROMA-2.jpg\"><img loading=\"lazy\" decoding=\"async\" class=\"size-medium wp-image-153128 alignright\" src=\"http:\/\/www.brundisium.net\/brun\/wp-content\/uploads\/2019\/04\/LASORSA-70X50-ROMA-2-214x300.jpg\" alt=\"\" width=\"214\" height=\"300\" srcset=\"https:\/\/www.brundisium.net\/brun\/wp-content\/uploads\/2019\/04\/LASORSA-70X50-ROMA-2-214x300.jpg 214w, https:\/\/www.brundisium.net\/brun\/wp-content\/uploads\/2019\/04\/LASORSA-70X50-ROMA-2-768x1075.jpg 768w, https:\/\/www.brundisium.net\/brun\/wp-content\/uploads\/2019\/04\/LASORSA-70X50-ROMA-2-731x1024.jpg 731w, https:\/\/www.brundisium.net\/brun\/wp-content\/uploads\/2019\/04\/LASORSA-70X50-ROMA-2.jpg 1200w\" sizes=\"auto, (max-width: 214px) 100vw, 214px\" \/><br \/>\n<\/a>I Pappamusci, incappucciati e scalzi, sono pellegrini penitenti che tra il Gioved\u00ec ed il Venerd\u00ec Santo, seguendo un percorso uguale da secoli, si recano in coppia nelle chiese di Francavilla Fontana per pregare sui Santi Sepolcri. I Crociferi, con i loro camici neri, rossi o bianchi, anche loro a piedi scalzi, nella imponente processione del Venerd\u00ec Santo accompagnano la statua del Cristo che cade sotto il peso della croce e, in segno di penitenza e di aiuto nell\u2019ascesa verso il Golgota, trascinano delle pesanti croci in legno.<br \/>\nAl termine della Via Crucis, che sar\u00e0 scandita dallo sbatacchiare della trenula, alle 19.00 nella Chiesa del Cristo Flagellato, si terr\u00e0 la cerimonia inaugurale della mostra sui Riti della Settimana Santa. Il racconto \u00e8 affidato agli scatti fotografici di Antimo Altavilla, Gabriele Fanelli, Enrico Lasorsa, Giuseppe Lombardi, Alessandro Rodia e Rita Sardelli. All\u2019evento interverranno i primi cittadini di Matera e Francavilla Fontana, l\u2019Assessora alla Cultura di Francavilla Fontana, don Andrea Santoro e il portavoce del Sindaco di Francavilla Fontana.<\/p>\n<p>&nbsp;<\/p>\n<p><a href=\"http:\/\/www.brundisium.net\/brun\/wp-content\/uploads\/2019\/04\/FANELLI-50X70.jpg\"><img loading=\"lazy\" decoding=\"async\" class=\"alignleft size-medium wp-image-153127\" src=\"http:\/\/www.brundisium.net\/brun\/wp-content\/uploads\/2019\/04\/FANELLI-50X70-214x300.jpg\" alt=\"\" width=\"214\" height=\"300\" srcset=\"https:\/\/www.brundisium.net\/brun\/wp-content\/uploads\/2019\/04\/FANELLI-50X70-214x300.jpg 214w, https:\/\/www.brundisium.net\/brun\/wp-content\/uploads\/2019\/04\/FANELLI-50X70-768x1075.jpg 768w, https:\/\/www.brundisium.net\/brun\/wp-content\/uploads\/2019\/04\/FANELLI-50X70-731x1024.jpg 731w, https:\/\/www.brundisium.net\/brun\/wp-content\/uploads\/2019\/04\/FANELLI-50X70.jpg 1200w\" sizes=\"auto, (max-width: 214px) 100vw, 214px\" \/><br \/>\n<\/a>Tra le Citt\u00e0 di Matera e Francavilla Fontana negli scorsi mesi \u00e8 stato sottoscritto un protocollo di intesa finalizzato alla sperimentazione di forme di valorizzazione integrata negli ambiti della cultura e del turismo. Matera, che nel 2019 \u00e8 il centro della cultura europea, rappresenta una vetrina importante per l&#8217;intero meridione che ha l&#8217;opportunit\u00e0 di sdoganare una immagine fortemente stereotipata. La mostra \u00e8 patrocinata, oltre che dai Comuni di Matera e Francavilla Fontana, dalla Regione Puglia, dalla Provincia di Brindisi, da Matera2019 e Puglia Promozione.<\/p>\n<p>&nbsp;<\/p>\n<p>&nbsp;<\/p>\n<p>c.s.<\/p>\n","protected":false},"excerpt":{"rendered":"<p>&nbsp; Matera, Capitale Europea della Cultura 2019, ospiter\u00e0 a partire da sabato 13 aprile i Riti della Settimana Santa di Francavilla Fontana. Una ospitalit\u00e0 non solo artistica, con le immagini dei Riti che saranno accolte nello splendido ex Ospedale San Rocco, ma anche spirituale, con una Via Crucis guidata da Don Andrea Santoro e seguita da dodici coppie di Pappamusci, tre Crociferi e Confratelli di tutte le congregazioni cittadine, che dalle 17.00 toccher\u00e0 le pi\u00f9 significative chiese lungo le vie del centro di Matera coinvolgendo i fedeli lucani. Il Cammino, che partir\u00e0 dalla Chiesa del Carmine, si concluder\u00e0 nella magnifica chiesa del Cristo Flagellato all\u2019interno dell\u2019ex Ospedale San Rocco. &nbsp; \u201cAbbiamo accolto con grande attenzione l\u2019invito ad essere presenti a Matera in concomitanza della mostra sui Riti della Settimana Santa per vivere con la confraternita e alcune famiglie un pellegrinaggio su luoghi carichi di storia e spiritualit\u00e0. \u2013 dichiara don Andrea Santoro &#8211; La pratica devozionale della Via Crucis sar\u00e0 un\u2019ulteriore occasione per prepararsi a vivere in spirito di fede&#8230;<\/p>\n","protected":false},"author":2,"featured_media":153130,"comment_status":"open","ping_status":"closed","sticky":false,"template":"","format":"standard","meta":{"footnotes":""},"categories":[7],"tags":[],"class_list":["post-153126","post","type-post","status-publish","format-standard","has-post-thumbnail","hentry","category-news"],"_links":{"self":[{"href":"https:\/\/www.brundisium.net\/index.php\/wp-json\/wp\/v2\/posts\/153126","targetHints":{"allow":["GET"]}}],"collection":[{"href":"https:\/\/www.brundisium.net\/index.php\/wp-json\/wp\/v2\/posts"}],"about":[{"href":"https:\/\/www.brundisium.net\/index.php\/wp-json\/wp\/v2\/types\/post"}],"author":[{"embeddable":true,"href":"https:\/\/www.brundisium.net\/index.php\/wp-json\/wp\/v2\/users\/2"}],"replies":[{"embeddable":true,"href":"https:\/\/www.brundisium.net\/index.php\/wp-json\/wp\/v2\/comments?post=153126"}],"version-history":[{"count":1,"href":"https:\/\/www.brundisium.net\/index.php\/wp-json\/wp\/v2\/posts\/153126\/revisions"}],"predecessor-version":[{"id":153131,"href":"https:\/\/www.brundisium.net\/index.php\/wp-json\/wp\/v2\/posts\/153126\/revisions\/153131"}],"wp:featuredmedia":[{"embeddable":true,"href":"https:\/\/www.brundisium.net\/index.php\/wp-json\/wp\/v2\/media\/153130"}],"wp:attachment":[{"href":"https:\/\/www.brundisium.net\/index.php\/wp-json\/wp\/v2\/media?parent=153126"}],"wp:term":[{"taxonomy":"category","embeddable":true,"href":"https:\/\/www.brundisium.net\/index.php\/wp-json\/wp\/v2\/categories?post=153126"},{"taxonomy":"post_tag","embeddable":true,"href":"https:\/\/www.brundisium.net\/index.php\/wp-json\/wp\/v2\/tags?post=153126"}],"curies":[{"name":"wp","href":"https:\/\/api.w.org\/{rel}","templated":true}]}}