{"id":153182,"date":"2019-04-12T10:00:04","date_gmt":"2019-04-12T08:00:04","guid":{"rendered":"http:\/\/www.brundisium.net\/?p=153182"},"modified":"2019-04-12T01:07:34","modified_gmt":"2019-04-11T23:07:34","slug":"stasera-angelo-de-stefano-presenta-il-libro-di-poesie-dia-grammi-alla-caffetteria-letteraria-nervegna","status":"publish","type":"post","link":"https:\/\/www.brundisium.net\/index.php\/stasera-angelo-de-stefano-presenta-il-libro-di-poesie-dia-grammi-alla-caffetteria-letteraria-nervegna\/","title":{"rendered":"Stasera Angelo De Stefano presenta il libro di poesie &#8220;Dia &#8211; grammi&#8221; alla Caffetteria Letteraria Nervegna"},"content":{"rendered":"<p>La Caffetteria Letteraria Nervegna, nella rassegna letteraria di Aprile, propone un ospite fuori regione.<\/p>\n<p>Angelo De Stefano di Napoli che presenter\u00e0 il suo libro di poesie &#8220;Dia &#8211; grammi&#8221; , venerd\u00ec 12 Aprile alle ore 19.00.<\/p>\n<p>&nbsp;<\/p>\n<p>Dia-grammi \u00e8 l\u2019istanza, e quindi l\u2019istante, di un accadimento abbastanza comune: la separazione.<br \/>\nMa che sia quella amorosa, quella familiare, quella idiomatica (propria) di ogni lingua che lascia solo e senza custodia chi parla, come il poeta, attraverso di essa, l\u2019istanza ha sempre in s\u00e9 un gesto di preghiera, di apertura, di invocazione all\u2019Altro dell\u2019Altro. Non esiste istanza senza una referenza, un rivolgersi a, che sia il padre, l\u2019amato, lo straniero, lo Stesso.<\/p>\n<p>E\u2019 ci\u00f2 che ho voluto tentare di dar voce in questa raccolta, dove il filo conduttore \u2013 ammesso che esista e ammesso che abbia la forza di procedere come conduttore (cosa di per s\u00e9 problematica) \u2013 \u00e8 il dipanarsi\u00a0di queste separazioni, diastemi, grammatica (gramma) delle divisioni. Da quella assolutamente singolare della perdita del Padre a quella pi\u00f9 generale dell\u2019amato, fino a quella di ci\u00f2 che \u00e8 assolutamente Altro, il clandestino.<br \/>\nMa l\u2019istanza \u00e8 anche un fatto giuridico, e come tale investe quello che \u00e8 il problema infinito, strutturalmente infinito, della testimonianza.<br \/>\nE con esso del debito e della colpa. La scrittura nasce probabilmente come il riconoscimento di un debito e, come diceva H\u00f6lderlin, il linguaggio, \u201cil pi\u00f9 pericoloso dei beni\u201d, ci \u00e8 stato dato per testimoniare su questa terra.<\/p>\n<p>Angelo De Stefano \u00e8 nato a Napoli il 08\/04\/1976. Intrapresi gli studi classici, si \u00e8 laureato nel 2001 all\u2019Istituto Universitario Orientale con una tesi sul problema della testimonianza e il tempo a partire dalla lettura della Camera chiara di R. Barthes, con l\u2019ausilio dei testi di Huesserl, Heiddeger, Levinas, Derrida.<br \/>\nAttualmente si occupa di riabilitazione del linguaggio.<\/p>\n<p>&nbsp;<\/p>\n<p>A dialogare con l&#8217;autore sar\u00e0 il prof. Mimmo Tardio. La presentazione infatti \u00e8 frutto di una collaborazione tra Caffetteria Nervegna e Associazione Societ\u00e0 Dante Alighieri di Brindisi.<\/p>\n","protected":false},"excerpt":{"rendered":"<p>La Caffetteria Letteraria Nervegna, nella rassegna letteraria di Aprile, propone un ospite fuori regione. Angelo De Stefano di Napoli che presenter\u00e0 il suo libro di poesie &#8220;Dia &#8211; grammi&#8221; , venerd\u00ec 12 Aprile alle ore 19.00. &nbsp; Dia-grammi \u00e8 l\u2019istanza, e quindi l\u2019istante, di un accadimento abbastanza comune: la separazione. Ma che sia quella amorosa, quella familiare, quella idiomatica (propria) di ogni lingua che lascia solo e senza custodia chi parla, come il poeta, attraverso di essa, l\u2019istanza ha sempre in s\u00e9 un gesto di preghiera, di apertura, di invocazione all\u2019Altro dell\u2019Altro. Non esiste istanza senza una referenza, un rivolgersi a, che sia il padre, l\u2019amato, lo straniero, lo Stesso. E\u2019 ci\u00f2 che ho voluto tentare di dar voce in questa raccolta, dove il filo conduttore \u2013 ammesso che esista e ammesso che abbia la forza di procedere come conduttore (cosa di per s\u00e9 problematica) \u2013 \u00e8 il dipanarsi\u00a0di queste separazioni, diastemi, grammatica (gramma) delle divisioni. Da quella assolutamente singolare della perdita del Padre a quella pi\u00f9 generale dell\u2019amato, fino&#8230;<\/p>\n","protected":false},"author":2,"featured_media":153183,"comment_status":"open","ping_status":"closed","sticky":false,"template":"","format":"standard","meta":{"footnotes":""},"categories":[7],"tags":[],"class_list":["post-153182","post","type-post","status-publish","format-standard","has-post-thumbnail","hentry","category-news"],"_links":{"self":[{"href":"https:\/\/www.brundisium.net\/index.php\/wp-json\/wp\/v2\/posts\/153182","targetHints":{"allow":["GET"]}}],"collection":[{"href":"https:\/\/www.brundisium.net\/index.php\/wp-json\/wp\/v2\/posts"}],"about":[{"href":"https:\/\/www.brundisium.net\/index.php\/wp-json\/wp\/v2\/types\/post"}],"author":[{"embeddable":true,"href":"https:\/\/www.brundisium.net\/index.php\/wp-json\/wp\/v2\/users\/2"}],"replies":[{"embeddable":true,"href":"https:\/\/www.brundisium.net\/index.php\/wp-json\/wp\/v2\/comments?post=153182"}],"version-history":[{"count":1,"href":"https:\/\/www.brundisium.net\/index.php\/wp-json\/wp\/v2\/posts\/153182\/revisions"}],"predecessor-version":[{"id":153184,"href":"https:\/\/www.brundisium.net\/index.php\/wp-json\/wp\/v2\/posts\/153182\/revisions\/153184"}],"wp:featuredmedia":[{"embeddable":true,"href":"https:\/\/www.brundisium.net\/index.php\/wp-json\/wp\/v2\/media\/153183"}],"wp:attachment":[{"href":"https:\/\/www.brundisium.net\/index.php\/wp-json\/wp\/v2\/media?parent=153182"}],"wp:term":[{"taxonomy":"category","embeddable":true,"href":"https:\/\/www.brundisium.net\/index.php\/wp-json\/wp\/v2\/categories?post=153182"},{"taxonomy":"post_tag","embeddable":true,"href":"https:\/\/www.brundisium.net\/index.php\/wp-json\/wp\/v2\/tags?post=153182"}],"curies":[{"name":"wp","href":"https:\/\/api.w.org\/{rel}","templated":true}]}}