{"id":153237,"date":"2019-04-12T17:22:20","date_gmt":"2019-04-12T15:22:20","guid":{"rendered":"http:\/\/www.brundisium.net\/?p=153237"},"modified":"2019-04-12T20:24:45","modified_gmt":"2019-04-12T18:24:45","slug":"voci-visioni-orizzonti-culture-idee-i-giovani-imprenditori-di-confindustria-a-confronto-su-europa-e-politica-industriale","status":"publish","type":"post","link":"https:\/\/www.brundisium.net\/index.php\/voci-visioni-orizzonti-culture-idee-i-giovani-imprenditori-di-confindustria-a-confronto-su-europa-e-politica-industriale\/","title":{"rendered":"VOCI &#8211; Visioni, Orizzonti, Culture, Idee: i giovani imprenditori di Confindustria a confronto su Europa e politica industriale"},"content":{"rendered":"<p>Il futuro del Paese e dell\u2019Europa, come cambier\u00e0 la politica industriale, in che modo l\u2019intelligenza artificiale trasformer\u00e0 il lavoro e cosa verr\u00e0 dopo la globalizzazione.<\/p>\n<p>Sono stati questi i temi sui quali si sono confrontati pi\u00f9 di seicento giovani imprenditori di Confindustria con le pi\u00f9 autorevoli firme del giornalismo italiano, in Puglia, a Fasano,  nell\u2019evento &#8220;VOCI &#8211; Visioni, Orizzonti, Culture, Idee&#8221;, ideato e organizzato dai Giovani Imprenditori di Confindustria Puglia.<\/p>\n<p>&#8220;VOCI&#8221; \u00e8 stata l&#8217;occasione per intraprendere un dialogo tra economia reale e mondo dell\u2019informazione in un\u2019arena aperta per costruire insieme le basi di un dibattito pubblico a misura di impresa.<\/p>\n<p>\u201cQuesta di VOCI  \u00e8 una iniziativa nuova e innovativa &#8211; ha dichiarato Alessio Rossi, Presidente dei Giovani Imprenditori di Confindustria &#8211; in cui vogliamo confrontarci con alcuni dei Direttori delle principali testate per fornire una visione del futuro, un dibattito aperto tra di noi e di confronto tra i giovani. Siamo al Sud, in Puglia, perch\u00e9 \u00e8 da qui che deve ripartire il Paese e dove \u00e8 necessario portare l\u2019attenzione. L\u2019evento VOCI collabora con Stavoltavoto, la campagna che pone l\u2019accento sull\u2019importanza di andare a votare in un momento di disaffezione verso la politica e le istituzioni\u201d.<\/p>\n<p>  \u201cCi troviamo in un momento storico &#8211; ha sottolineato Gabriele Menotti Lippolis, Presidente dei Giovani Imprenditori di Confindustria Puglia &#8211; in cui il confronto \u00e8 veramente cruciale: tra nord e sud, tra Italia ed Europa, tra Europa e resto del mondo, tra le nuove generazioni. Al nostro territorio il dialogo fa bene. Il Sud e la Puglia dimostrano ogni giorno di essere un territorio moderno e con importanti energie imprenditoriali. La condizione economica e l\u2019evolversi dei fattori competitivi focalizzano la nostra attenzione sull\u2019importanza di mantenere forte e competitivo tutto il sistema produttivo, le sue imprese e la volont\u00e0 di affermarsi sui mercati internazionali, accrescendone il peso nella considerazione e nelle decisioni del Governo nazionale\u201d.<\/p>\n","protected":false},"excerpt":{"rendered":"<p>Il futuro del Paese e dell\u2019Europa, come cambier\u00e0 la politica industriale, in che modo l\u2019intelligenza artificiale trasformer\u00e0 il lavoro e cosa verr\u00e0 dopo la globalizzazione. Sono stati questi i temi sui quali si sono confrontati pi\u00f9 di seicento giovani imprenditori di Confindustria con le pi\u00f9 autorevoli firme del giornalismo italiano, in Puglia, a Fasano, nell\u2019evento &#8220;VOCI &#8211; Visioni, Orizzonti, Culture, Idee&#8221;, ideato e organizzato dai Giovani Imprenditori di Confindustria Puglia. &#8220;VOCI&#8221; \u00e8 stata l&#8217;occasione per intraprendere un dialogo tra economia reale e mondo dell\u2019informazione in un\u2019arena aperta per costruire insieme le basi di un dibattito pubblico a misura di impresa. \u201cQuesta di VOCI \u00e8 una iniziativa nuova e innovativa &#8211; ha dichiarato Alessio Rossi, Presidente dei Giovani Imprenditori di Confindustria &#8211; in cui vogliamo confrontarci con alcuni dei Direttori delle principali testate per fornire una visione del futuro, un dibattito aperto tra di noi e di confronto tra i giovani. Siamo al Sud, in Puglia, perch\u00e9 \u00e8 da qui che deve ripartire il Paese e dove \u00e8 necessario portare l\u2019attenzione&#8230;.<\/p>\n","protected":false},"author":2,"featured_media":153239,"comment_status":"open","ping_status":"closed","sticky":false,"template":"","format":"standard","meta":{"footnotes":""},"categories":[7],"tags":[],"class_list":["post-153237","post","type-post","status-publish","format-standard","has-post-thumbnail","hentry","category-news"],"_links":{"self":[{"href":"https:\/\/www.brundisium.net\/index.php\/wp-json\/wp\/v2\/posts\/153237","targetHints":{"allow":["GET"]}}],"collection":[{"href":"https:\/\/www.brundisium.net\/index.php\/wp-json\/wp\/v2\/posts"}],"about":[{"href":"https:\/\/www.brundisium.net\/index.php\/wp-json\/wp\/v2\/types\/post"}],"author":[{"embeddable":true,"href":"https:\/\/www.brundisium.net\/index.php\/wp-json\/wp\/v2\/users\/2"}],"replies":[{"embeddable":true,"href":"https:\/\/www.brundisium.net\/index.php\/wp-json\/wp\/v2\/comments?post=153237"}],"version-history":[{"count":1,"href":"https:\/\/www.brundisium.net\/index.php\/wp-json\/wp\/v2\/posts\/153237\/revisions"}],"predecessor-version":[{"id":153240,"href":"https:\/\/www.brundisium.net\/index.php\/wp-json\/wp\/v2\/posts\/153237\/revisions\/153240"}],"wp:featuredmedia":[{"embeddable":true,"href":"https:\/\/www.brundisium.net\/index.php\/wp-json\/wp\/v2\/media\/153239"}],"wp:attachment":[{"href":"https:\/\/www.brundisium.net\/index.php\/wp-json\/wp\/v2\/media?parent=153237"}],"wp:term":[{"taxonomy":"category","embeddable":true,"href":"https:\/\/www.brundisium.net\/index.php\/wp-json\/wp\/v2\/categories?post=153237"},{"taxonomy":"post_tag","embeddable":true,"href":"https:\/\/www.brundisium.net\/index.php\/wp-json\/wp\/v2\/tags?post=153237"}],"curies":[{"name":"wp","href":"https:\/\/api.w.org\/{rel}","templated":true}]}}