{"id":153347,"date":"2019-04-14T18:15:41","date_gmt":"2019-04-14T16:15:41","guid":{"rendered":"http:\/\/www.brundisium.net\/?p=153347"},"modified":"2019-04-14T18:15:41","modified_gmt":"2019-04-14T16:15:41","slug":"inaugurata-la-mostra-sulla-settimana-santa-di-francavilla-fontana-nellex-ospedale-san-rocco","status":"publish","type":"post","link":"https:\/\/www.brundisium.net\/index.php\/inaugurata-la-mostra-sulla-settimana-santa-di-francavilla-fontana-nellex-ospedale-san-rocco\/","title":{"rendered":"Inaugurata la mostra sulla Settimana Santa di Francavilla Fontana nell\u2019ex Ospedale San Rocco"},"content":{"rendered":"<p>Fede, emozione e stupore, questa in sintesi la reazione dei materani e dei numerosi turisti presenti davanti alla mostra \u201cRiti Sacri\u201d che immortala, con gli scatti di Antimo Altavilla, Gabriele Fanelli, Enrico Lasorsa, Giuseppe Lombardi, Alessandro Rodia e Rita Sardelli, i momenti salienti della Settimana Santa di Francavilla Fontana.<\/p>\n<p>La mostra, ospitata nell\u2019ex Ospedale San Rocco nel pieno centro di Matera, \u00e8 stata inaugurata sabato 13 aprile nell\u2019annessa e affascinante chiesa del Cristo Flagellato.<\/p>\n<p>\u201cI Pappamusci, i fedeli delle confraternite, non sono dei soggetti di cui si cibano i turisti, ma persone che testimoniano il credo religioso \u2013 ha spiegato il Sindaco di Matera \u2013 E lo testimoniano attraverso una presenza, per la prima volta a Matera, che racchiude centinaia di anni di tradizione. Sono testimonianze forti del valore spirituale del Mezzogiorno. Noi siamo onorati e fieri della loro presenza in un momento storico particolare, importante, in cui Matera parla al mondo intero. E oggi, a quel mondo, ha parlato attraverso le centenarie tradizioni francavillesi. La cultura \u00e8 diffusione e scambio. Noi meridionali che viviamo questo territorio da millenni siamo portatori di queste contaminazioni profonde che oggi hanno fecondato Matera\u201d.<\/p>\n<p>&nbsp;<\/p>\n<p>Prima della cerimonia inaugurale, per la prima volta nella storia dei Riti della Settimana Santa di Francavilla Fontana, Pappamusci e Crociferi hanno varcato i confini cittadini per partecipare, insieme ai Confratelli di tutte le congregazioni cittadine, all\u2019intensa Via Crucis, guidata da Don Andrea Santoro, che ha attraversato le vie del centro di Matera coinvolgendo nelle sue stazioni i fedeli lucani.<br \/>\n\u201cConfesso la mia emozione, nei panni di amministratore e di francavillese, nel vedere i Pappamusci in processione per le strade di Matera \u2013 ha raccontato nel suo intervento il Sindaco di Francavilla Fontana \u2013 siamo orgogliosi e onorati di questa accoglienza. Abbiamo fatto questa scelta per esportare a Matera non un prodotto, ma il nostro bagaglio religioso, portando un tassello fondamentale del nostro patrimonio culturale, con le immagini delle nostre tradizioni e delle nostre Chiese. Oggi, abbiamo raccontato una citt\u00e0 che esiste, che esiste davvero, mostrata con grande ed infinito orgoglio.\u201d<\/p>\n<p>&nbsp;<\/p>\n<p>I Pappamusci, incappucciati e scalzi, sono pellegrini penitenti che tra il Gioved\u00ec ed il Venerd\u00ec Santo, seguendo un percorso uguale da secoli, si recano in coppia nelle chiese di Francavilla Fontana per pregare sui Santi Sepolcri. I Crociferi, con i loro camici neri, rossi o bianchi e anche loro a piedi scalzi, nella imponente processione del Venerd\u00ec Santo accompagnano la statua del Cristo che cade sotto il peso della croce e, in segno di penitenza e di aiuto nell\u2019ascesa verso il Golgota, trascinano delle pesanti croci in legno.<br \/>\nLa Settimana Santa di Francavilla Fontana rappresenta una genuina sintesi di fede, storia, cultura e tradizione ed \u00e8 il legame pi\u00f9 autentico della comunit\u00e0 con le proprie radici. Nella mostra si sviluppa il racconto per immagini dei momenti pi\u00f9 suggestivi dei riti ed \u00e8 possibile cogliere lo slancio di fede che spinge centinaia di persone ad intraprendere il proprio cammino di devozione.<br \/>\nLa mostra \u00e8 visitabile ogni giorno dalle 10.00 alle 13.00 e dalle 16.00 alle 20.00. L\u2019ingresso sino al 19 aprile sar\u00e0 con un contributo libero. Dal 20 aprile, con l\u2019apertura della mostra al piano superiore dedicata ai riti della Settimana Santa in Basilicata, \u00e8 previsto un ticket di 3 euro, ridotto per i francavillesi a 1 euro.<\/p>\n<p>&nbsp;<\/p>\n<p>La mostra \u00e8 patrocinata, oltre che dai Comuni di Matera e Francavilla Fontana, dalla Regione Puglia, dalla Provincia di Brindisi, da Matera2019 e Puglia Promozione.<\/p>\n<p>&nbsp;<\/p>\n<p>Matera &#8211; Francavilla Fontana, 14 aprile 2019<\/p>\n","protected":false},"excerpt":{"rendered":"<p>Fede, emozione e stupore, questa in sintesi la reazione dei materani e dei numerosi turisti presenti davanti alla mostra \u201cRiti Sacri\u201d che immortala, con gli scatti di Antimo Altavilla, Gabriele Fanelli, Enrico Lasorsa, Giuseppe Lombardi, Alessandro Rodia e Rita Sardelli, i momenti salienti della Settimana Santa di Francavilla Fontana. La mostra, ospitata nell\u2019ex Ospedale San Rocco nel pieno centro di Matera, \u00e8 stata inaugurata sabato 13 aprile nell\u2019annessa e affascinante chiesa del Cristo Flagellato. \u201cI Pappamusci, i fedeli delle confraternite, non sono dei soggetti di cui si cibano i turisti, ma persone che testimoniano il credo religioso \u2013 ha spiegato il Sindaco di Matera \u2013 E lo testimoniano attraverso una presenza, per la prima volta a Matera, che racchiude centinaia di anni di tradizione. Sono testimonianze forti del valore spirituale del Mezzogiorno. Noi siamo onorati e fieri della loro presenza in un momento storico particolare, importante, in cui Matera parla al mondo intero. E oggi, a quel mondo, ha parlato attraverso le centenarie tradizioni francavillesi. La cultura \u00e8 diffusione e&#8230;<\/p>\n","protected":false},"author":2,"featured_media":151864,"comment_status":"open","ping_status":"closed","sticky":false,"template":"","format":"standard","meta":{"footnotes":""},"categories":[7],"tags":[],"class_list":["post-153347","post","type-post","status-publish","format-standard","has-post-thumbnail","hentry","category-news"],"_links":{"self":[{"href":"https:\/\/www.brundisium.net\/index.php\/wp-json\/wp\/v2\/posts\/153347","targetHints":{"allow":["GET"]}}],"collection":[{"href":"https:\/\/www.brundisium.net\/index.php\/wp-json\/wp\/v2\/posts"}],"about":[{"href":"https:\/\/www.brundisium.net\/index.php\/wp-json\/wp\/v2\/types\/post"}],"author":[{"embeddable":true,"href":"https:\/\/www.brundisium.net\/index.php\/wp-json\/wp\/v2\/users\/2"}],"replies":[{"embeddable":true,"href":"https:\/\/www.brundisium.net\/index.php\/wp-json\/wp\/v2\/comments?post=153347"}],"version-history":[{"count":1,"href":"https:\/\/www.brundisium.net\/index.php\/wp-json\/wp\/v2\/posts\/153347\/revisions"}],"predecessor-version":[{"id":153348,"href":"https:\/\/www.brundisium.net\/index.php\/wp-json\/wp\/v2\/posts\/153347\/revisions\/153348"}],"wp:featuredmedia":[{"embeddable":true,"href":"https:\/\/www.brundisium.net\/index.php\/wp-json\/wp\/v2\/media\/151864"}],"wp:attachment":[{"href":"https:\/\/www.brundisium.net\/index.php\/wp-json\/wp\/v2\/media?parent=153347"}],"wp:term":[{"taxonomy":"category","embeddable":true,"href":"https:\/\/www.brundisium.net\/index.php\/wp-json\/wp\/v2\/categories?post=153347"},{"taxonomy":"post_tag","embeddable":true,"href":"https:\/\/www.brundisium.net\/index.php\/wp-json\/wp\/v2\/tags?post=153347"}],"curies":[{"name":"wp","href":"https:\/\/api.w.org\/{rel}","templated":true}]}}