{"id":153697,"date":"2019-04-19T19:30:12","date_gmt":"2019-04-19T17:30:12","guid":{"rendered":"http:\/\/www.brundisium.net\/?p=153697"},"modified":"2019-04-20T09:29:53","modified_gmt":"2019-04-20T07:29:53","slug":"provincia-le-opposizioni-si-spaccano-fdi-da-un-lato-lega-e-fi-dallaltro","status":"publish","type":"post","link":"https:\/\/www.brundisium.net\/index.php\/provincia-le-opposizioni-si-spaccano-fdi-da-un-lato-lega-e-fi-dallaltro\/","title":{"rendered":"Provincia, le opposizioni si spaccano. Fdi da un lato, Lega e FI dall&#8217;altro"},"content":{"rendered":"<p>Oggi 19 Aprile Fratelli d&#8217;Italia ha costituto il gruppo consiliare alla provincia di Brindisi, afferma il neo consigliere provinciale capogruppo Ciccio Conte di Oria che cos\u00ec si esprime:&#8217; Ho ritenuto indispensabile e inevitabile prendere questa decisione perch\u00e9 la metodologia, con la quale i consiglieri provinciali di Forza Italia e Lega hanno scelto la figura del capogruppo del Centro Destra Unito, non \u00e8 stata da me condivisa e ,soprattutto, perch\u00e9 \u00e8 stata fatta senza il coinvolgimento degli organi provinciali dei partiti interessati. Fino a quando le segreterie provinciali dei partiti di Centro Destra non si incontreranno per discutere di questo, come anche della linea politica da perseguire,svolgero&#8217; il ruolo politico istituzionale in nome e per conto di Fratelli D&#8217;Italia attuando una politica che guarda ai principi e ai valori della Destra sovranista italiana che a livello nazionale si rif\u00e0 direttamente alla presidente Giorgia Meloni.&#8217;<\/p>\n<p>Ciccio Conte<br \/>\nconsigliere provinciale e capogruppo di Fratelli d&#8217;Italia<\/p>\n","protected":false},"excerpt":{"rendered":"<p>Oggi 19 Aprile Fratelli d&#8217;Italia ha costituto il gruppo consiliare alla provincia di Brindisi, afferma il neo consigliere provinciale capogruppo Ciccio Conte di Oria che cos\u00ec si esprime:&#8217; Ho ritenuto indispensabile e inevitabile prendere questa decisione perch\u00e9 la metodologia, con la quale i consiglieri provinciali di Forza Italia e Lega hanno scelto la figura del capogruppo del Centro Destra Unito, non \u00e8 stata da me condivisa e ,soprattutto, perch\u00e9 \u00e8 stata fatta senza il coinvolgimento degli organi provinciali dei partiti interessati. Fino a quando le segreterie provinciali dei partiti di Centro Destra non si incontreranno per discutere di questo, come anche della linea politica da perseguire,svolgero&#8217; il ruolo politico istituzionale in nome e per conto di Fratelli D&#8217;Italia attuando una politica che guarda ai principi e ai valori della Destra sovranista italiana che a livello nazionale si rif\u00e0 direttamente alla presidente Giorgia Meloni.&#8217; Ciccio Conte consigliere provinciale e capogruppo di Fratelli d&#8217;Italia<\/p>\n","protected":false},"author":2,"featured_media":153685,"comment_status":"open","ping_status":"closed","sticky":false,"template":"","format":"standard","meta":{"footnotes":""},"categories":[7],"tags":[],"class_list":["post-153697","post","type-post","status-publish","format-standard","has-post-thumbnail","hentry","category-news"],"_links":{"self":[{"href":"https:\/\/www.brundisium.net\/index.php\/wp-json\/wp\/v2\/posts\/153697","targetHints":{"allow":["GET"]}}],"collection":[{"href":"https:\/\/www.brundisium.net\/index.php\/wp-json\/wp\/v2\/posts"}],"about":[{"href":"https:\/\/www.brundisium.net\/index.php\/wp-json\/wp\/v2\/types\/post"}],"author":[{"embeddable":true,"href":"https:\/\/www.brundisium.net\/index.php\/wp-json\/wp\/v2\/users\/2"}],"replies":[{"embeddable":true,"href":"https:\/\/www.brundisium.net\/index.php\/wp-json\/wp\/v2\/comments?post=153697"}],"version-history":[{"count":1,"href":"https:\/\/www.brundisium.net\/index.php\/wp-json\/wp\/v2\/posts\/153697\/revisions"}],"predecessor-version":[{"id":153716,"href":"https:\/\/www.brundisium.net\/index.php\/wp-json\/wp\/v2\/posts\/153697\/revisions\/153716"}],"wp:featuredmedia":[{"embeddable":true,"href":"https:\/\/www.brundisium.net\/index.php\/wp-json\/wp\/v2\/media\/153685"}],"wp:attachment":[{"href":"https:\/\/www.brundisium.net\/index.php\/wp-json\/wp\/v2\/media?parent=153697"}],"wp:term":[{"taxonomy":"category","embeddable":true,"href":"https:\/\/www.brundisium.net\/index.php\/wp-json\/wp\/v2\/categories?post=153697"},{"taxonomy":"post_tag","embeddable":true,"href":"https:\/\/www.brundisium.net\/index.php\/wp-json\/wp\/v2\/tags?post=153697"}],"curies":[{"name":"wp","href":"https:\/\/api.w.org\/{rel}","templated":true}]}}