{"id":154518,"date":"2019-05-05T22:03:20","date_gmt":"2019-05-05T20:03:20","guid":{"rendered":"http:\/\/www.brundisium.net\/?p=154518"},"modified":"2019-05-05T20:07:40","modified_gmt":"2019-05-05T18:07:40","slug":"giovedi-9-si-presenta-rachele-e-il-silenzio-del-ragno-il-secondo-romanzo-della-sanvitese-vita-iaia","status":"publish","type":"post","link":"https:\/\/www.brundisium.net\/index.php\/giovedi-9-si-presenta-rachele-e-il-silenzio-del-ragno-il-secondo-romanzo-della-sanvitese-vita-iaia\/","title":{"rendered":"Gioved\u00ec 9 si presenta &#8220;Rachele e il silenzio del ragno&#8221;, il secondo romanzo della sanvitese Vita Iaia"},"content":{"rendered":"<p><a href=\"http:\/\/www.brundisium.net\/brun\/wp-content\/uploads\/2019\/05\/copertina-Rachele3.jpg\"><img loading=\"lazy\" decoding=\"async\" class=\"alignleft size-medium wp-image-154521\" src=\"http:\/\/www.brundisium.net\/brun\/wp-content\/uploads\/2019\/05\/copertina-Rachele3-183x300.jpg\" alt=\"\" width=\"183\" height=\"300\" srcset=\"https:\/\/www.brundisium.net\/brun\/wp-content\/uploads\/2019\/05\/copertina-Rachele3-183x300.jpg 183w, https:\/\/www.brundisium.net\/brun\/wp-content\/uploads\/2019\/05\/copertina-Rachele3-768x1258.jpg 768w, https:\/\/www.brundisium.net\/brun\/wp-content\/uploads\/2019\/05\/copertina-Rachele3-625x1024.jpg 625w, https:\/\/www.brundisium.net\/brun\/wp-content\/uploads\/2019\/05\/copertina-Rachele3.jpg 1653w\" sizes=\"auto, (max-width: 183px) 100vw, 183px\" \/><\/a>Si terr\u00e0 il prossimo Gioved\u00ec 9 Maggio alle ore 18.00, presso il Chiostro dei Domenicani in via Mazzini a San Vito dei Normanni, la prima presentazione diRachele e il silenzio del ragno, Augh Edizioni, romanzo scritto da Vita Iaia, giovane autrice sanvitese alle prese con la sua seconda gestazione letteraria. Ricordiamo il suo esordio con Nel Profumo dei Gigli, edito da Lupo Editore.<\/p>\n<p>&nbsp;<\/p>\n<p>Dialogher\u00e0 con la scrittrice la giornalista Silvia Di Dio, mentre le letture saranno affidate alla voce di Maria Conte.<\/p>\n<p>&nbsp;<\/p>\n<p>Anni cinquanta. Rachele \u00e8 una bambina che vive in un paese del sud e lavora nei campi. Intorno a lei le sorelle, Michela e Isabella, e il loro difficile rapporto con l&#8217;amore, \u201cparola difficile da masticare, dalla grafia sconosciuta\u201d. La prima sceglier\u00e0 un marito da una foto in bianco e nero, l&#8217;altra si ritrover\u00e0 a fronteggiare il difficile compito della genitorialit\u00e0 e il dramma dell&#8217;emigrazione. Poi Mercede, madre silenziosa e distaccata, capace di mascherare i pensieri come i sentimenti, e Vincenzo, simpatico barbiere e musicista, con un segreto appuntato sul cuore. Rachele, mite e taciturna, si aggira in questo universo lento, scandito dal bollore dei cibi sul fuoco e dal caldo alito della terra, fino a quando non giunger\u00e0 nella sua vita una novit\u00e0: la Signora. Sar\u00e0 questo il punto di rottura, la variabile esistenziale che capovolger\u00e0 gli equilibri di una vita semplice e senza sogni<\/p>\n","protected":false},"excerpt":{"rendered":"<p>Si terr\u00e0 il prossimo Gioved\u00ec 9 Maggio alle ore 18.00, presso il Chiostro dei Domenicani in via Mazzini a San Vito dei Normanni, la prima presentazione diRachele e il silenzio del ragno, Augh Edizioni, romanzo scritto da Vita Iaia, giovane autrice sanvitese alle prese con la sua seconda gestazione letteraria. Ricordiamo il suo esordio con Nel Profumo dei Gigli, edito da Lupo Editore. &nbsp; Dialogher\u00e0 con la scrittrice la giornalista Silvia Di Dio, mentre le letture saranno affidate alla voce di Maria Conte. &nbsp; Anni cinquanta. Rachele \u00e8 una bambina che vive in un paese del sud e lavora nei campi. Intorno a lei le sorelle, Michela e Isabella, e il loro difficile rapporto con l&#8217;amore, \u201cparola difficile da masticare, dalla grafia sconosciuta\u201d. La prima sceglier\u00e0 un marito da una foto in bianco e nero, l&#8217;altra si ritrover\u00e0 a fronteggiare il difficile compito della genitorialit\u00e0 e il dramma dell&#8217;emigrazione. Poi Mercede, madre silenziosa e distaccata, capace di mascherare i pensieri come i sentimenti, e Vincenzo, simpatico barbiere e musicista, con&#8230;<\/p>\n","protected":false},"author":2,"featured_media":154521,"comment_status":"open","ping_status":"closed","sticky":false,"template":"","format":"standard","meta":{"footnotes":""},"categories":[7],"tags":[],"class_list":["post-154518","post","type-post","status-publish","format-standard","has-post-thumbnail","hentry","category-news"],"_links":{"self":[{"href":"https:\/\/www.brundisium.net\/index.php\/wp-json\/wp\/v2\/posts\/154518","targetHints":{"allow":["GET"]}}],"collection":[{"href":"https:\/\/www.brundisium.net\/index.php\/wp-json\/wp\/v2\/posts"}],"about":[{"href":"https:\/\/www.brundisium.net\/index.php\/wp-json\/wp\/v2\/types\/post"}],"author":[{"embeddable":true,"href":"https:\/\/www.brundisium.net\/index.php\/wp-json\/wp\/v2\/users\/2"}],"replies":[{"embeddable":true,"href":"https:\/\/www.brundisium.net\/index.php\/wp-json\/wp\/v2\/comments?post=154518"}],"version-history":[{"count":1,"href":"https:\/\/www.brundisium.net\/index.php\/wp-json\/wp\/v2\/posts\/154518\/revisions"}],"predecessor-version":[{"id":154522,"href":"https:\/\/www.brundisium.net\/index.php\/wp-json\/wp\/v2\/posts\/154518\/revisions\/154522"}],"wp:featuredmedia":[{"embeddable":true,"href":"https:\/\/www.brundisium.net\/index.php\/wp-json\/wp\/v2\/media\/154521"}],"wp:attachment":[{"href":"https:\/\/www.brundisium.net\/index.php\/wp-json\/wp\/v2\/media?parent=154518"}],"wp:term":[{"taxonomy":"category","embeddable":true,"href":"https:\/\/www.brundisium.net\/index.php\/wp-json\/wp\/v2\/categories?post=154518"},{"taxonomy":"post_tag","embeddable":true,"href":"https:\/\/www.brundisium.net\/index.php\/wp-json\/wp\/v2\/tags?post=154518"}],"curies":[{"name":"wp","href":"https:\/\/api.w.org\/{rel}","templated":true}]}}