{"id":154560,"date":"2019-05-06T12:03:03","date_gmt":"2019-05-06T10:03:03","guid":{"rendered":"http:\/\/www.brundisium.net\/?p=154560"},"modified":"2019-05-06T12:03:03","modified_gmt":"2019-05-06T10:03:03","slug":"europee-il-movimento-39-incontra-il-candidato-della-lega-vincenzo-sofo","status":"publish","type":"post","link":"https:\/\/www.brundisium.net\/index.php\/europee-il-movimento-39-incontra-il-candidato-della-lega-vincenzo-sofo\/","title":{"rendered":"Europee: il Movimento +39 incontra il candidato della Lega Vincenzo Sofo"},"content":{"rendered":"<p>Il Movimento +39, in occasione delle elezioni europee, annuncia il suo sostegno al candidato della Lega Vincenzo Sofo e comunica l&#8217;organizzazione di un incontro pubblico che si terr\u00e0 a Brindisi mercoled\u00ec 8 maggio alle ore 18:30, in via Giulio Cesare 60, dove il candidato della Lega sar\u00e0 presentato agli elettori.<br \/>\nLe ragioni della scelta di sostenere Vincenzo Sofo sono principalmente dettate dalla coerenza del Movimento +39 con gli ideali sovranisti e identitari. Il Movimento +39 pertanto sceglie candidati, come Vincenzo Sofo, che sono realmente espressione di una politica identitaria e che hanno testimoniato sul campo un&#8217;elevata statura culturale. Il sovranismo, tema sul quale il Movimento +39 ha gi\u00e0 insistito attraverso diversi convegni, va preservato nel suo significato pi\u00f9 nobile dal rischio di derive sia nazionalistiche sia  opportunistiche dei soliti riciclati della politica. Altrettanto, il sovranismo, istituzionalmente, va affidato a chi sia politicamente pi\u00f9 idoneo, anche per storia personale, a rappresentarlo in sede europea.<br \/>\nA tal proposito siamo sempre pi\u00f9 convinti che l&#8217;unico modo per impedire il dissolvimento dell&#8217;identit\u00e0 dei popoli europei e di conseguenza della dignit\u00e0 della persona, sia quello di contribuire all&#8217;interno dei partiti di ispirazione sovranista, alla formazione di una classe dirigente vera e adeguata ma soprattutto in contatto con altri leader europei che possano creare una rete internazionale che possegga gli stessi ideali e progetti. Vincenzo Sofo sta operando, da protagonista, alla costruzione di una Lega come forza nazionale legata ad altre forze identitarie, in particolar modo a quelle francesi guidate da Marion Le Pen. Se la Lega non sar\u00e0 identitaria non sar\u00e0 la Lega ma diventer\u00e0, purtroppo, un contenitore per molti trasformisti della politica.<\/p>\n<p>Movimento +39<\/p>\n","protected":false},"excerpt":{"rendered":"<p>Il Movimento +39, in occasione delle elezioni europee, annuncia il suo sostegno al candidato della Lega Vincenzo Sofo e comunica l&#8217;organizzazione di un incontro pubblico che si terr\u00e0 a Brindisi mercoled\u00ec 8 maggio alle ore 18:30, in via Giulio Cesare 60, dove il candidato della Lega sar\u00e0 presentato agli elettori. Le ragioni della scelta di sostenere Vincenzo Sofo sono principalmente dettate dalla coerenza del Movimento +39 con gli ideali sovranisti e identitari. Il Movimento +39 pertanto sceglie candidati, come Vincenzo Sofo, che sono realmente espressione di una politica identitaria e che hanno testimoniato sul campo un&#8217;elevata statura culturale. Il sovranismo, tema sul quale il Movimento +39 ha gi\u00e0 insistito attraverso diversi convegni, va preservato nel suo significato pi\u00f9 nobile dal rischio di derive sia nazionalistiche sia opportunistiche dei soliti riciclati della politica. Altrettanto, il sovranismo, istituzionalmente, va affidato a chi sia politicamente pi\u00f9 idoneo, anche per storia personale, a rappresentarlo in sede europea. A tal proposito siamo sempre pi\u00f9 convinti che l&#8217;unico modo per impedire il dissolvimento dell&#8217;identit\u00e0 dei popoli&#8230;<\/p>\n","protected":false},"author":2,"featured_media":154561,"comment_status":"open","ping_status":"closed","sticky":false,"template":"","format":"standard","meta":{"footnotes":""},"categories":[7],"tags":[],"class_list":["post-154560","post","type-post","status-publish","format-standard","has-post-thumbnail","hentry","category-news"],"_links":{"self":[{"href":"https:\/\/www.brundisium.net\/index.php\/wp-json\/wp\/v2\/posts\/154560","targetHints":{"allow":["GET"]}}],"collection":[{"href":"https:\/\/www.brundisium.net\/index.php\/wp-json\/wp\/v2\/posts"}],"about":[{"href":"https:\/\/www.brundisium.net\/index.php\/wp-json\/wp\/v2\/types\/post"}],"author":[{"embeddable":true,"href":"https:\/\/www.brundisium.net\/index.php\/wp-json\/wp\/v2\/users\/2"}],"replies":[{"embeddable":true,"href":"https:\/\/www.brundisium.net\/index.php\/wp-json\/wp\/v2\/comments?post=154560"}],"version-history":[{"count":1,"href":"https:\/\/www.brundisium.net\/index.php\/wp-json\/wp\/v2\/posts\/154560\/revisions"}],"predecessor-version":[{"id":154562,"href":"https:\/\/www.brundisium.net\/index.php\/wp-json\/wp\/v2\/posts\/154560\/revisions\/154562"}],"wp:featuredmedia":[{"embeddable":true,"href":"https:\/\/www.brundisium.net\/index.php\/wp-json\/wp\/v2\/media\/154561"}],"wp:attachment":[{"href":"https:\/\/www.brundisium.net\/index.php\/wp-json\/wp\/v2\/media?parent=154560"}],"wp:term":[{"taxonomy":"category","embeddable":true,"href":"https:\/\/www.brundisium.net\/index.php\/wp-json\/wp\/v2\/categories?post=154560"},{"taxonomy":"post_tag","embeddable":true,"href":"https:\/\/www.brundisium.net\/index.php\/wp-json\/wp\/v2\/tags?post=154560"}],"curies":[{"name":"wp","href":"https:\/\/api.w.org\/{rel}","templated":true}]}}