{"id":154587,"date":"2019-05-06T20:31:24","date_gmt":"2019-05-06T18:31:24","guid":{"rendered":"http:\/\/www.brundisium.net\/?p=154587"},"modified":"2019-05-06T23:34:57","modified_gmt":"2019-05-06T21:34:57","slug":"casa-del-popolo-siamo-davvero-del-e-per-il-popolo","status":"publish","type":"post","link":"https:\/\/www.brundisium.net\/index.php\/casa-del-popolo-siamo-davvero-del-e-per-il-popolo\/","title":{"rendered":"Casa del Popolo: &#8220;siamo davvero DEL e PER il Popolo!&#8221;"},"content":{"rendered":"<p>Leggendo il comunicato che il consigliere Mevoli ha mandato alla stampa nei giorni scorsi, si ha l&#8217;impressione che questi si sia svegliato solo ora da un lungo sonno; dimostra di avere scarsa conoscenza del quadro politico cittadino ed \u00e8 evidente che parli di una realt\u00e0 che non conosce.<\/p>\n<p>&nbsp;<\/p>\n<p>La \u201cCasa del Popolo\u201d nulla ha a che fare col \u201cpotere\u201d, non siamo presenti nella attuale amministrazione, tanto meno con il PD, loro alleato, di cui cita \u201cpratiche\u201d ed esponenti illustri; anzi sono state proprio le attiviste e gli attivisti della CdP a denunciare l&#8217;immobilismo del sindaco e della giunta sulla emergenza abitativa e la relativa carenza di alloggi a Brindisi (a cominciare dalle questioni \u201cdormitorio\u201d e \u201csfratto di Via Sele), problema che riguarda italian* e stranier*, ma allora il consigliere Mevoli non ci risulta si sia espresso.<\/p>\n<p>&nbsp;<\/p>\n<p>Anche sulla questione del lavoro, il consigliere in questione ci pare si esprima in maniera superficiale dimostrando di ignorare completamente i dati concreti. Vorremmo ricordargli che la maggior parte degli immigrati presenti sul nostro territorio ha regolari contratti di lavoro in agricoltura, ristorazione e assistenza agli anziani: se non ci fossero la nostra economia, oltre che la \u201ccura\u201d vista l\u2019inadeguatezza dei servizi sociali, ne sarebbero fortemente danneggiati visto che pagano le tasse e portano dunque ricchezza sul territorio. Sul piano dello sfruttamento, poi, dovrebbe interrogare molti dei proprietari terrieri brindisini, che \u201cse ne intendono\u201d, e lo fanno con tutti i lavoratori e le lavoratrici, a prescindere dal colore della pelle.<\/p>\n<p>&nbsp;<\/p>\n<p>Dubitiamo che la responsabilit\u00e0 del \u201cdistruggere anni di lavoro sindacale\u201d sia da attribuire ai lavoratori stranieri, anzi proprio grazie ad un loro sciopero dobbiamo la legge sul caporalato!<\/p>\n<p>&nbsp;<\/p>\n<p>Sarebbe il caso quindi, prima di esprimersi in maniera del tutto erronea e superficiale, che leggesse i nostri comunicati e si informasse sull\u2019opera di mutualismo che effettuiamo giornalmente a sostegno delle cittadine e dei cittadini di cui lui pare voler tutelare gli interessi. Noi lo facciamo con azioni concrete pi\u00f9 che con le parole!<\/p>\n<p>&nbsp;<\/p>\n<p>La \u201cCasa del Popolo\u201d \u00e8 un luogo politico, su questo ha ragione, ed \u00e8 assolutamente di sinistra, nella prassi pi\u00f9 che negli annunci, ed \u00e8 proprio questo che ci differenzia da quella che Mevoli definisce sinistra in maniera approssimativa, che attualmente amministra la citt\u00e0, e nella quale non ci riconosciamo. Cos\u00ec come lo siamo dalla parte politica che rappresenta. Da quella destra appunto che, come Mevoli, tronfia nel suo \u201cignorare\u201d, non sente neanche la necessit\u00e0 di informarsi e documentarsi prima di scrivere un comunicato.<\/p>\n<p>Questo \u00e8 quanto dovevamo per chiarire le inesattezze che ci riguardano.<\/p>\n<p>&nbsp;<\/p>\n<p><em><strong>Le attiviste e gli attivisti della \u201cCasa del Popolo\u201d Brindisi<\/strong><\/em><\/p>\n","protected":false},"excerpt":{"rendered":"<p>Leggendo il comunicato che il consigliere Mevoli ha mandato alla stampa nei giorni scorsi, si ha l&#8217;impressione che questi si sia svegliato solo ora da un lungo sonno; dimostra di avere scarsa conoscenza del quadro politico cittadino ed \u00e8 evidente che parli di una realt\u00e0 che non conosce. &nbsp; La \u201cCasa del Popolo\u201d nulla ha a che fare col \u201cpotere\u201d, non siamo presenti nella attuale amministrazione, tanto meno con il PD, loro alleato, di cui cita \u201cpratiche\u201d ed esponenti illustri; anzi sono state proprio le attiviste e gli attivisti della CdP a denunciare l&#8217;immobilismo del sindaco e della giunta sulla emergenza abitativa e la relativa carenza di alloggi a Brindisi (a cominciare dalle questioni \u201cdormitorio\u201d e \u201csfratto di Via Sele), problema che riguarda italian* e stranier*, ma allora il consigliere Mevoli non ci risulta si sia espresso. &nbsp; Anche sulla questione del lavoro, il consigliere in questione ci pare si esprima in maniera superficiale dimostrando di ignorare completamente i dati concreti. Vorremmo ricordargli che la maggior parte degli immigrati presenti&#8230;<\/p>\n","protected":false},"author":2,"featured_media":154588,"comment_status":"open","ping_status":"closed","sticky":false,"template":"","format":"standard","meta":{"footnotes":""},"categories":[7],"tags":[],"class_list":["post-154587","post","type-post","status-publish","format-standard","has-post-thumbnail","hentry","category-news"],"_links":{"self":[{"href":"https:\/\/www.brundisium.net\/index.php\/wp-json\/wp\/v2\/posts\/154587","targetHints":{"allow":["GET"]}}],"collection":[{"href":"https:\/\/www.brundisium.net\/index.php\/wp-json\/wp\/v2\/posts"}],"about":[{"href":"https:\/\/www.brundisium.net\/index.php\/wp-json\/wp\/v2\/types\/post"}],"author":[{"embeddable":true,"href":"https:\/\/www.brundisium.net\/index.php\/wp-json\/wp\/v2\/users\/2"}],"replies":[{"embeddable":true,"href":"https:\/\/www.brundisium.net\/index.php\/wp-json\/wp\/v2\/comments?post=154587"}],"version-history":[{"count":1,"href":"https:\/\/www.brundisium.net\/index.php\/wp-json\/wp\/v2\/posts\/154587\/revisions"}],"predecessor-version":[{"id":154589,"href":"https:\/\/www.brundisium.net\/index.php\/wp-json\/wp\/v2\/posts\/154587\/revisions\/154589"}],"wp:featuredmedia":[{"embeddable":true,"href":"https:\/\/www.brundisium.net\/index.php\/wp-json\/wp\/v2\/media\/154588"}],"wp:attachment":[{"href":"https:\/\/www.brundisium.net\/index.php\/wp-json\/wp\/v2\/media?parent=154587"}],"wp:term":[{"taxonomy":"category","embeddable":true,"href":"https:\/\/www.brundisium.net\/index.php\/wp-json\/wp\/v2\/categories?post=154587"},{"taxonomy":"post_tag","embeddable":true,"href":"https:\/\/www.brundisium.net\/index.php\/wp-json\/wp\/v2\/tags?post=154587"}],"curies":[{"name":"wp","href":"https:\/\/api.w.org\/{rel}","templated":true}]}}