{"id":154789,"date":"2019-05-10T20:39:57","date_gmt":"2019-05-10T18:39:57","guid":{"rendered":"http:\/\/www.brundisium.net\/?p=154789"},"modified":"2019-05-10T20:39:57","modified_gmt":"2019-05-10T18:39:57","slug":"il-18-maggio-torna-a-brindisi-liniziativa-italian-port-days","status":"publish","type":"post","link":"https:\/\/www.brundisium.net\/index.php\/il-18-maggio-torna-a-brindisi-liniziativa-italian-port-days\/","title":{"rendered":"Il 18 maggio torna a Brindisi l\u2019iniziativa \u201cItalian Port Days\u201d"},"content":{"rendered":"<p>Anche quest\u2019anno l\u2019AdSP MAM ha aderito a \u201cItalian Ports Days\u201d, iniziativa di carattere nazionale promossa da Assoporti con l\u2019obiettivo di aprire i porti alle citt\u00e0.<br \/>\nGli eventi predisposti dall\u2019Ente portuale del mare Adriatico meridionale, con la preziosa collaborazione e sinergia di Istituzioni e Associazioni locali, sono stati presentati lo scorso 6 maggio dal presidente Ugo Patroni Griffi nell\u2019ambito di una conferenza stampa, nella sede di Assoporti.<\/p>\n<p>Ecco il calendario.<\/p>\n<p>BARI<br \/>\nVenerd\u00ec 17 maggio alle ore 15.30 nel terminal crociere del porto di Bari, in collaborazione con il Circolo della Vela, si svolger\u00e0 il convegno dal titolo: \u201c Alla vela che vince servono porti sicuri- la vela che vince diffonde la cultura dell\u2019ambiente e della salvaguardia del mare\u201d, un significativo momento di confronto su una tematica di strettissima attualit\u00e0.<br \/>\nDopo gli indirizzi di saluto del presidente del circolo della vela di Bari, Simonetta Lorusso, e del sindaco di Bari, Antonio Decaro, moderato da Giuseppe Russo vice presidente nautico del Circolo della Vela, si svilupper\u00e0 il confronto.<br \/>\nIl presidente di AdSP MAM, Ugo Patroni Griffi, parler\u00e0 di \u201cPortualit\u00e0 green\u201d; subito dopo, \u00e8 previsto l\u2019intervento del professor Roberto Tomasicchio, ordinario di Costruzioni Idrauliche, Marittime e Idrologia dell\u2019Universit\u00e0 del Salento che tratter\u00e0 il tema: \u201cEscavazione dei porti: tecniche, iter procedurali e difficolt\u00e0\u201d. Il professor Alberto La Tegola, ricercatore universitario del Dipartimento di Ingegneria dell\u2019Innovazione dell\u2019Universit\u00e0 del Salento, parler\u00e0 di \u201cVela e citt\u00e0 portuali- dialoghi col mare\u201d. L\u2019ingegner Gianluca Ievolella, provveditore interregionale per la Sicilia e la Calabria del Dipartimento per le Infrastrutture e i sistemi informativi e statici del Ministero delle Infrastrutture e Trasporti, affronter\u00e0 il tema: \u201cIl turismo di qualit\u00e0- Le crociere, i grandi yacht, le grandi manifestazioni sportive- le infrastrutture necessarie, il coinvolgimento delle comunit\u00e0 locali.\u201d Infine, il Capitano di Fregata (CP) Gianluca Traversa, Capo servizio sicurezza della navigazione della Capitaneria di porto di Taranto, parler\u00e0 di \u201cSicurezza delle attivit\u00e0 portuali e dei servizi ad esse correlate e rischio ambientale nell\u2019interfaccia nave-porto.\u201d<\/p>\n<p>Al termine del convegno, alle ore 18.30 circa, prova di lancio della Balestra gigante di Leonardo da Vinci. L\u2019ingegner Giuseppe Manisco, realizzatore di ben 122 macchine disegnate dal genio del Rinascimento italiano, prover\u00e0 a lanciare in mare una bombarda dalla balestra gigante che torna, per l\u2019occasione, sul molo borbonico.<\/p>\n<p>Anche quest\u2019anno l\u2019AdSP potr\u00e0 contare sulla preziosa collaborazione dell\u2019Associazione Nazionale Marinai d\u2019Italia, sezione di Bari, che effettuer\u00e0 una conferenza sulla genesi del grande porto di Bari, a partire dal XIX secolo.<\/p>\n<p>&nbsp;<\/p>\n<p>BRINDISI<\/p>\n<p>Sabato 18 maggio alle ore 9.30, intitolazione della banchina centrale del porto (tratto prospiciente l\u2019hotel Internazionale) alla Regina Elena di Montenegro. L\u2019iniziativa, fortemente voluta dal presidente Patroni Griffi, rientra nell\u2019ambito degli eventi organizzati dalla Pro-loco di Brindisi \u201cBrindisi Capitale d\u2019Italia, il Paese rinasce da qui\u201d che si svolgeranno dal 18 al 26 maggio.<\/p>\n<p>L\u2019intitolazione della banchina del porto alla Regina Elena, oltre a richiamare gli importanti traffici commerciali, economici e portuali con il vicino paese del Montenegro, vuole essere un tributo in ricordo dello storico passaggio a Brindisi della Regina e un riconoscimento alle sue spiccate doti umane, in un periodo cos\u00ec complesso per la storia d\u2019Italia.<\/p>\n<p>Le cronache dell\u2019epoca, infatti, raccontano di una Regina molto spesso in contatto con i cittadini, impegnata in prima linea in azioni di beneficienza verso i bambini e le fasce pi\u00f9 povere della citt\u00e0.<\/p>\n<p>Alla cerimonia, alla quale sono state invitate tutte le Autorit\u00e0 locali, presenzier\u00e0 Miroslav \u0160\u0107epanovi\u0107, Ministro Consigliere dell\u2019Ambasciata del Montenegro a Roma.<br \/>\nSubito dopo, alle ore 10.00, inizio itinerario turistico e culturale nei luoghi simbolo della storia.<br \/>\nAlle 11.00, nella sala convegni della Provincia di Brindisi, via De Leo 3, si svolger\u00e0 il convegno \u201cBrindisi Capitale d\u2019Italia\u201d. Sono previsti gli interventi di saluto di Marcello Rollo, presidente Pro-Loco, Umberto Guidato, prefetto di Brindisi, Riccardo Rossi, sindaco di Brindisi, Ugo Patroni Griffi, presidente AdSP MAM, Matteo Minchillo, direttore generale Puglia Promozione. Sono, inoltre, previsti gli interventi dell\u2019on. Mauro D\u2019Attis, che illustrer\u00e0 la proposta di Legge, del professore Carmelo Pasimeni, ordinario di Storia Contemporanea Universit\u00e0 del Salento, del presidente Regione Puglia Michele Emiliano, e del sottosegretario di Stato al Ministero dell\u2019Istruzione dell\u2019Universit\u00e0 e della Ricerca Salvatore Giuliano. Modera la direttrice della Biblioteca Arcivescovile A.De Leo, Katiuscia Di Rocco.<\/p>\n<p>\u201cVogliamo diffondere in maniera sempre pi\u00f9 ampia e capillare la cultura del mare- commenta Patroni Griffi- riscoprendo le pagine pi\u00f9 importanti della storia dei nostri porti. Oltre a rievocare i fasti del passato, si tratta di azioni che a mio avviso, esercitando un forte appeal soprattutto all\u2019estero, possono diventare strumenti di promozione per tutto il territorio. Ecco perch\u00e9 auspico- conclude il Presidente- che i cittadini e soprattutto i giovani partecipino numerosi a Italian Port Days 2019.\u201d<\/p>\n<p>&nbsp;<\/p>\n<p><em><strong>UFFICIO STAMPA AdSP MAM<\/strong><\/em><\/p>\n","protected":false},"excerpt":{"rendered":"<p>Anche quest\u2019anno l\u2019AdSP MAM ha aderito a \u201cItalian Ports Days\u201d, iniziativa di carattere nazionale promossa da Assoporti con l\u2019obiettivo di aprire i porti alle citt\u00e0. Gli eventi predisposti dall\u2019Ente portuale del mare Adriatico meridionale, con la preziosa collaborazione e sinergia di Istituzioni e Associazioni locali, sono stati presentati lo scorso 6 maggio dal presidente Ugo Patroni Griffi nell\u2019ambito di una conferenza stampa, nella sede di Assoporti. Ecco il calendario. BARI Venerd\u00ec 17 maggio alle ore 15.30 nel terminal crociere del porto di Bari, in collaborazione con il Circolo della Vela, si svolger\u00e0 il convegno dal titolo: \u201c Alla vela che vince servono porti sicuri- la vela che vince diffonde la cultura dell\u2019ambiente e della salvaguardia del mare\u201d, un significativo momento di confronto su una tematica di strettissima attualit\u00e0. Dopo gli indirizzi di saluto del presidente del circolo della vela di Bari, Simonetta Lorusso, e del sindaco di Bari, Antonio Decaro, moderato da Giuseppe Russo vice presidente nautico del Circolo della Vela, si svilupper\u00e0 il confronto. Il presidente di AdSP MAM,&#8230;<\/p>\n","protected":false},"author":2,"featured_media":130643,"comment_status":"open","ping_status":"closed","sticky":false,"template":"","format":"standard","meta":{"footnotes":""},"categories":[7],"tags":[],"class_list":["post-154789","post","type-post","status-publish","format-standard","has-post-thumbnail","hentry","category-news"],"_links":{"self":[{"href":"https:\/\/www.brundisium.net\/index.php\/wp-json\/wp\/v2\/posts\/154789","targetHints":{"allow":["GET"]}}],"collection":[{"href":"https:\/\/www.brundisium.net\/index.php\/wp-json\/wp\/v2\/posts"}],"about":[{"href":"https:\/\/www.brundisium.net\/index.php\/wp-json\/wp\/v2\/types\/post"}],"author":[{"embeddable":true,"href":"https:\/\/www.brundisium.net\/index.php\/wp-json\/wp\/v2\/users\/2"}],"replies":[{"embeddable":true,"href":"https:\/\/www.brundisium.net\/index.php\/wp-json\/wp\/v2\/comments?post=154789"}],"version-history":[{"count":1,"href":"https:\/\/www.brundisium.net\/index.php\/wp-json\/wp\/v2\/posts\/154789\/revisions"}],"predecessor-version":[{"id":154790,"href":"https:\/\/www.brundisium.net\/index.php\/wp-json\/wp\/v2\/posts\/154789\/revisions\/154790"}],"wp:featuredmedia":[{"embeddable":true,"href":"https:\/\/www.brundisium.net\/index.php\/wp-json\/wp\/v2\/media\/130643"}],"wp:attachment":[{"href":"https:\/\/www.brundisium.net\/index.php\/wp-json\/wp\/v2\/media?parent=154789"}],"wp:term":[{"taxonomy":"category","embeddable":true,"href":"https:\/\/www.brundisium.net\/index.php\/wp-json\/wp\/v2\/categories?post=154789"},{"taxonomy":"post_tag","embeddable":true,"href":"https:\/\/www.brundisium.net\/index.php\/wp-json\/wp\/v2\/tags?post=154789"}],"curies":[{"name":"wp","href":"https:\/\/api.w.org\/{rel}","templated":true}]}}