{"id":154839,"date":"2019-05-11T15:57:03","date_gmt":"2019-05-11T13:57:03","guid":{"rendered":"http:\/\/www.brundisium.net\/?p=154839"},"modified":"2019-05-10T22:59:34","modified_gmt":"2019-05-10T20:59:34","slug":"il-rione-lama-di-oria-prepara-la-xxxii-edizione-de-la-pedalata","status":"publish","type":"post","link":"https:\/\/www.brundisium.net\/index.php\/il-rione-lama-di-oria-prepara-la-xxxii-edizione-de-la-pedalata\/","title":{"rendered":"Il Rione Lama di Oria prepara la XXXII edizione de \u201cLa Pedalata\u201d"},"content":{"rendered":"<p>Il Rione Lama di Oria recupera un\u2019importante pezzo della sua storia e propone la XXXII edizione de \u201cLa Pedalata\u201d, ciclopasseggiata che si terr\u00e0 domenica 9 giugno 2019.<\/p>\n<p>&nbsp;<\/p>\n<p>L\u2019iniziativa si svolger\u00e0 nel corso della mattinata e assieme al percorso in bicicletta, vedr\u00e0 un momento di educazione stradale e la benedizione dei partecipanti; nello specifico, il programma prevede:<\/p>\n<p>dalle ore 8.00 alle ore 9.00: iscrizione, accreditamento e consegna sacca gadget; ore 9.15: pillole di Educazione stradale; ore 9.30: foto di gruppo con tutti i partecipanti; ore 9.45: benedizione dei partecipanti e partenza; ore 11.30: arrivo; ore 12.00: premiazioni.<\/p>\n<p>&nbsp;<\/p>\n<p>Quest\u2019anno \u201cLa Pedalata\u201d si snoder\u00e0 per un tragitto sia urbano che extraurbano; si percorrer\u00e0 infatti il seguente itinerario: piazza Lama, via Giacinto d\u2019Oria, piazza Shabbatai Donnolo, via Francesco Milizia, piazza Manfredi, piazza Lorch, via Mario Pagano, via Trento, via Tommaso Martini, viale delle Rimembranze, contrada Terra di Marina, contrada Guastaferri, viale delle Rimembranze, via Tripoli, via Latiano, via Virgilio, via Spirito Santo, via Eduardo De Filippo, viale Regina Margherita, piazzale antistante la Stazione ferroviaria, viale Regina Margherita, via Latiano e conclusione in piazza Lama. Lungo il percorso sar\u00e0 trasmessa \u201cRadio Pedalata Live\u201d, diretta social de \u201cLa Pedalata\u201d.<\/p>\n<p>Saranno conferiti premi ai partecipanti ritenuti vincitori nelle seguenti categorie: bicicletta tecnicamente pi\u00f9 elaborata, bicicletta meglio addobbata, istituto scolastico con pi\u00f9 partecipanti, gruppo scolastico a tema, associazione o gruppo pi\u00f9 numeroso, famiglia pi\u00f9 numerosa (con stato di famiglia), concorrente pi\u00f9 anziano, concorrente pi\u00f9 giovane, concorrente proveniente dal comune pi\u00f9 lontano; sar\u00e0 inoltre conferito il premio \u201cEmma Stasi\u201d al concorrente con il costume pi\u00f9 bizzarro e fantasioso.<\/p>\n<p>Sar\u00e0 possibile iscriversi a \u201cLa Pedalata\u201d da luned\u00ec 13 maggio presso Alfa copisteria (piazza Manfredi) fino giorno stesso dell\u2019evento presso la segreteria all\u2019uopo allestita. La quota di partecipazione prevista per i soci del Rione Lama \u00e8 di \u20ac 4,00 per i maggiorenni e di \u20ac 2,00 per i minorenni; per coloro che non sono soci del Rione Lama la quota \u00e8 di \u20ac 5,00 per i maggiorenni e di \u20ac 3,00 per i minorenni. All\u2019atto dell\u2019iscrizione verr\u00e0 consegnato a ciascun concorrente il numero identificativo della bicicletta. Nella settimana precedente \u201cLa Pedalata\u201d ciascun partecipante ricever\u00e0 una sacca con bottiglietta d\u2019acqua, portachiavi e adesivo personalizzati, acquisendo il diritto di partecipare all\u2019estrazione di una bicicletta offerta dalla famiglia Stasi in ricordo della compianta Emma.<\/p>\n<p>&nbsp;<\/p>\n<p>Importante inoltre, nell\u2019edizione di quest\u2019anno, \u00e8 il coinvolgimento degli istituti scolastici cittadini che dovranno rappresentare sulle proprie biciclette il tema per il 2019 \u201cAmbiente: ecologia e natura\u201d nei modi preferiti e pi\u00f9 significativi.<\/p>\n<p>&nbsp;<\/p>\n<p>Il logo de \u201cLa Pedalata\u201d, che accompagna la promozione dell\u2019evento, \u00e8 stato ideato dalla docente Consiglia Spina e \u201cinnovato\u201d da Fabiana Candida, entrambe oritane.<\/p>\n<p>&nbsp;<\/p>\n<p>https:\/\/ssl.gstatic.com\/ui\/v1\/icons\/mail\/images\/cleardot.gifIn caso di maltempo, l\u2019iniziativa \u00e8 rinviata al pomeriggio della stessa giornata, con inizio alle ore 15.00.<\/p>\n","protected":false},"excerpt":{"rendered":"<p>Il Rione Lama di Oria recupera un\u2019importante pezzo della sua storia e propone la XXXII edizione de \u201cLa Pedalata\u201d, ciclopasseggiata che si terr\u00e0 domenica 9 giugno 2019. &nbsp; L\u2019iniziativa si svolger\u00e0 nel corso della mattinata e assieme al percorso in bicicletta, vedr\u00e0 un momento di educazione stradale e la benedizione dei partecipanti; nello specifico, il programma prevede: dalle ore 8.00 alle ore 9.00: iscrizione, accreditamento e consegna sacca gadget; ore 9.15: pillole di Educazione stradale; ore 9.30: foto di gruppo con tutti i partecipanti; ore 9.45: benedizione dei partecipanti e partenza; ore 11.30: arrivo; ore 12.00: premiazioni. &nbsp; Quest\u2019anno \u201cLa Pedalata\u201d si snoder\u00e0 per un tragitto sia urbano che extraurbano; si percorrer\u00e0 infatti il seguente itinerario: piazza Lama, via Giacinto d\u2019Oria, piazza Shabbatai Donnolo, via Francesco Milizia, piazza Manfredi, piazza Lorch, via Mario Pagano, via Trento, via Tommaso Martini, viale delle Rimembranze, contrada Terra di Marina, contrada Guastaferri, viale delle Rimembranze, via Tripoli, via Latiano, via Virgilio, via Spirito Santo, via Eduardo De Filippo, viale Regina Margherita, piazzale antistante la&#8230;<\/p>\n","protected":false},"author":2,"featured_media":154840,"comment_status":"open","ping_status":"closed","sticky":false,"template":"","format":"standard","meta":{"footnotes":""},"categories":[7],"tags":[],"class_list":["post-154839","post","type-post","status-publish","format-standard","has-post-thumbnail","hentry","category-news"],"_links":{"self":[{"href":"https:\/\/www.brundisium.net\/index.php\/wp-json\/wp\/v2\/posts\/154839","targetHints":{"allow":["GET"]}}],"collection":[{"href":"https:\/\/www.brundisium.net\/index.php\/wp-json\/wp\/v2\/posts"}],"about":[{"href":"https:\/\/www.brundisium.net\/index.php\/wp-json\/wp\/v2\/types\/post"}],"author":[{"embeddable":true,"href":"https:\/\/www.brundisium.net\/index.php\/wp-json\/wp\/v2\/users\/2"}],"replies":[{"embeddable":true,"href":"https:\/\/www.brundisium.net\/index.php\/wp-json\/wp\/v2\/comments?post=154839"}],"version-history":[{"count":1,"href":"https:\/\/www.brundisium.net\/index.php\/wp-json\/wp\/v2\/posts\/154839\/revisions"}],"predecessor-version":[{"id":154841,"href":"https:\/\/www.brundisium.net\/index.php\/wp-json\/wp\/v2\/posts\/154839\/revisions\/154841"}],"wp:featuredmedia":[{"embeddable":true,"href":"https:\/\/www.brundisium.net\/index.php\/wp-json\/wp\/v2\/media\/154840"}],"wp:attachment":[{"href":"https:\/\/www.brundisium.net\/index.php\/wp-json\/wp\/v2\/media?parent=154839"}],"wp:term":[{"taxonomy":"category","embeddable":true,"href":"https:\/\/www.brundisium.net\/index.php\/wp-json\/wp\/v2\/categories?post=154839"},{"taxonomy":"post_tag","embeddable":true,"href":"https:\/\/www.brundisium.net\/index.php\/wp-json\/wp\/v2\/tags?post=154839"}],"curies":[{"name":"wp","href":"https:\/\/api.w.org\/{rel}","templated":true}]}}