{"id":154873,"date":"2019-05-12T19:54:46","date_gmt":"2019-05-12T17:54:46","guid":{"rendered":"http:\/\/www.brundisium.net\/?p=154873"},"modified":"2019-05-14T23:30:47","modified_gmt":"2019-05-14T21:30:47","slug":"450-persone-partecipano-alla-36-edizione-di-brindisi-in-bicicletta","status":"publish","type":"post","link":"https:\/\/www.brundisium.net\/index.php\/450-persone-partecipano-alla-36-edizione-di-brindisi-in-bicicletta\/","title":{"rendered":"450 persone partecipano alla 36^ edizione di Brindisi in Bicicletta"},"content":{"rendered":"<p><a href=\"http:\/\/www.brundisium.net\/brun\/wp-content\/uploads\/2019\/05\/BIB-2019-Altri-Ciclisti.jpg\"><img loading=\"lazy\" decoding=\"async\" class=\"alignleft size-medium wp-image-154874\" src=\"http:\/\/www.brundisium.net\/brun\/wp-content\/uploads\/2019\/05\/BIB-2019-Altri-Ciclisti-300x170.jpg\" alt=\"\" width=\"300\" height=\"170\" srcset=\"https:\/\/www.brundisium.net\/brun\/wp-content\/uploads\/2019\/05\/BIB-2019-Altri-Ciclisti-300x170.jpg 300w, https:\/\/www.brundisium.net\/brun\/wp-content\/uploads\/2019\/05\/BIB-2019-Altri-Ciclisti.jpg 700w\" sizes=\"auto, (max-width: 300px) 100vw, 300px\" \/><\/a><\/p>\n<p>&nbsp;<\/p>\n<p>E&#8217; partita regolarmente, qualche minuto dopo le 9 della mattinata do oggi, domenica 12 maggio, con il benestare di organizzatori e forze dell\u2019ordine, la 36.a Edizione di \u201cBrindisi in Bicicletta\u201d.<\/p>\n<p>&nbsp;<\/p>\n<p>Ai nastri di partenza in Piazza Vittorio Emanuele, nonostante le condizioni meteorologiche avverse, si sono presentanti in circa 450 (dei quasi 800 iscritti) di tutte le et\u00e0. Il Sindaco di Brindisi Riccardo Rossi e il Sindaco del Consiglio Comunale dei Ragazzi Gianluigi Menga hanno dato il via alla ciclopasseggiata con la classica bandiera a scacchi .<\/p>\n<p>&nbsp;<\/p>\n<p>Il percorso dell\u2019ormai storico e tradizionale raduno cicloturistico, marchio di fabbrica della A.S.D. Unione Sportiva ACLI \u201cFausto Coppi\u201d di Brindisi, \u00e8 stato rivisto a cause delle condizioni climatiche successive alla partenza, con il gruppone dei partecipanti che \u00e8 riuscito comunque a completarlo fino all\u2019arrivo, ai piedi della Scalinata Virgilio, sul Lungomare Regina Margherita.<\/p>\n<p>&nbsp;<\/p>\n<p><a href=\"http:\/\/www.brundisium.net\/brun\/wp-content\/uploads\/2019\/05\/BIB-2019-Ciclisti-alla-partenza.jpg\"><img loading=\"lazy\" decoding=\"async\" class=\"size-medium wp-image-154875 alignright\" src=\"http:\/\/www.brundisium.net\/brun\/wp-content\/uploads\/2019\/05\/BIB-2019-Ciclisti-alla-partenza-300x170.jpg\" alt=\"\" width=\"300\" height=\"170\" srcset=\"https:\/\/www.brundisium.net\/brun\/wp-content\/uploads\/2019\/05\/BIB-2019-Ciclisti-alla-partenza-300x170.jpg 300w, https:\/\/www.brundisium.net\/brun\/wp-content\/uploads\/2019\/05\/BIB-2019-Ciclisti-alla-partenza-768x434.jpg 768w, https:\/\/www.brundisium.net\/brun\/wp-content\/uploads\/2019\/05\/BIB-2019-Ciclisti-alla-partenza-1024x579.jpg 1024w, https:\/\/www.brundisium.net\/brun\/wp-content\/uploads\/2019\/05\/BIB-2019-Ciclisti-alla-partenza.jpg 1261w\" sizes=\"auto, (max-width: 300px) 100vw, 300px\" \/><br \/>\n<\/a>La premiazione, che abitualmente si svolge all\u2019ombra delle Colonne Romane subito dopo l\u2019arrivo dell\u2019ultimo ciclista, \u00e8 stata invece rimandata a data da destinarsi nella sala \u201cMario Marino Guadalupi\u201d a Palazzo di Citt\u00e0 con la conduzione del giornalista Nico Lorusso alla presenza di tutti gli assegnatari dei riconoscimenti che come noto coinvolgeranno la bicicletta pi\u00f9 antica partecipante, la persona pi\u00f9 anziana, le 2 famiglie pi\u00f9 numerose i i 3 gruppi sportivi pi\u00f9 numerosi, i 3 cicloturisti pi\u00f9 bizzarri e originali ed altre motivazioni riscontrate dalla commissione giudicante.<\/p>\n<p>&nbsp;<\/p>\n<p>La scelta dello spostamento della premiazione, dettata dalla gi\u00e0 annunciata volont\u00e0 degli organizzatori a partire dallo storico ideatore Romeo Tepore, di chiudere questa ennesima esperienza con una grande festa.<\/p>\n","protected":false},"excerpt":{"rendered":"<p>&nbsp; E&#8217; partita regolarmente, qualche minuto dopo le 9 della mattinata do oggi, domenica 12 maggio, con il benestare di organizzatori e forze dell\u2019ordine, la 36.a Edizione di \u201cBrindisi in Bicicletta\u201d. &nbsp; Ai nastri di partenza in Piazza Vittorio Emanuele, nonostante le condizioni meteorologiche avverse, si sono presentanti in circa 450 (dei quasi 800 iscritti) di tutte le et\u00e0. Il Sindaco di Brindisi Riccardo Rossi e il Sindaco del Consiglio Comunale dei Ragazzi Gianluigi Menga hanno dato il via alla ciclopasseggiata con la classica bandiera a scacchi . &nbsp; Il percorso dell\u2019ormai storico e tradizionale raduno cicloturistico, marchio di fabbrica della A.S.D. Unione Sportiva ACLI \u201cFausto Coppi\u201d di Brindisi, \u00e8 stato rivisto a cause delle condizioni climatiche successive alla partenza, con il gruppone dei partecipanti che \u00e8 riuscito comunque a completarlo fino all\u2019arrivo, ai piedi della Scalinata Virgilio, sul Lungomare Regina Margherita. &nbsp; La premiazione, che abitualmente si svolge all\u2019ombra delle Colonne Romane subito dopo l\u2019arrivo dell\u2019ultimo ciclista, \u00e8 stata invece rimandata a data da destinarsi nella sala \u201cMario Marino&#8230;<\/p>\n","protected":false},"author":2,"featured_media":154876,"comment_status":"open","ping_status":"closed","sticky":false,"template":"","format":"standard","meta":{"footnotes":""},"categories":[7],"tags":[],"class_list":["post-154873","post","type-post","status-publish","format-standard","has-post-thumbnail","hentry","category-news"],"_links":{"self":[{"href":"https:\/\/www.brundisium.net\/index.php\/wp-json\/wp\/v2\/posts\/154873","targetHints":{"allow":["GET"]}}],"collection":[{"href":"https:\/\/www.brundisium.net\/index.php\/wp-json\/wp\/v2\/posts"}],"about":[{"href":"https:\/\/www.brundisium.net\/index.php\/wp-json\/wp\/v2\/types\/post"}],"author":[{"embeddable":true,"href":"https:\/\/www.brundisium.net\/index.php\/wp-json\/wp\/v2\/users\/2"}],"replies":[{"embeddable":true,"href":"https:\/\/www.brundisium.net\/index.php\/wp-json\/wp\/v2\/comments?post=154873"}],"version-history":[{"count":1,"href":"https:\/\/www.brundisium.net\/index.php\/wp-json\/wp\/v2\/posts\/154873\/revisions"}],"predecessor-version":[{"id":154877,"href":"https:\/\/www.brundisium.net\/index.php\/wp-json\/wp\/v2\/posts\/154873\/revisions\/154877"}],"wp:featuredmedia":[{"embeddable":true,"href":"https:\/\/www.brundisium.net\/index.php\/wp-json\/wp\/v2\/media\/154876"}],"wp:attachment":[{"href":"https:\/\/www.brundisium.net\/index.php\/wp-json\/wp\/v2\/media?parent=154873"}],"wp:term":[{"taxonomy":"category","embeddable":true,"href":"https:\/\/www.brundisium.net\/index.php\/wp-json\/wp\/v2\/categories?post=154873"},{"taxonomy":"post_tag","embeddable":true,"href":"https:\/\/www.brundisium.net\/index.php\/wp-json\/wp\/v2\/tags?post=154873"}],"curies":[{"name":"wp","href":"https:\/\/api.w.org\/{rel}","templated":true}]}}