{"id":154878,"date":"2019-05-12T23:08:23","date_gmt":"2019-05-12T21:08:23","guid":{"rendered":"http:\/\/www.brundisium.net\/?p=154878"},"modified":"2019-05-12T23:08:23","modified_gmt":"2019-05-12T21:08:23","slug":"spaziliberi-larte-nel-sociale-dopo-brindisi-si-sposta-a-bari","status":"publish","type":"post","link":"https:\/\/www.brundisium.net\/index.php\/spaziliberi-larte-nel-sociale-dopo-brindisi-si-sposta-a-bari\/","title":{"rendered":"SPAZILIBERI \u2013 L\u2019Arte nel Sociale dopo Brindisi si sposta a Bari"},"content":{"rendered":"<p>Dal 15 maggio al 17 giugno 2019, il Consiglio Regionale della Puglia ospiter\u00e0, infatti,  SPAZILIBERI \u2013 L\u2019Arte nel Sociale, la mostra dell\u2019artista brindisino Vito Alfarano e prodotta dalla AlphaZTL Compagnia d\u2019Arte Dinamica, a cura di  Ilaria Caravaglio,  che vuole raccontare come, attraverso l\u2019arte in tutte le sue espressioni, sia possibile abbattere barriere e pregiudizi nei vari ambiti che caratterizzano la societ\u00e0 contemporanea.<br \/>\nSPAZILIBERI raccoglie e condivide la creativit\u00e0 di tante persone che troppo spesso, purtroppo, si scontra con una societ\u00e0 che lascia poco spazio ad un\u2019integrazione reale, presa com\u2019\u00e8 dai ritmi frenetici della vita, da impegni e distrazioni che non lasciano spazio alla curiosit\u00e0 e alla voglia di scoprire davvero chi si celi dietro certi sguardi.  Accedendo a luoghi non aperti a tutti: quali carceri o centri d\u2019accoglienza per immigrati.<br \/>\nLa mostra offre la possibilit\u00e0 di oltrepassare quei confini, non solo architettonici ma anche mentali, e guardare oltre cancelli e sbarre, in un \u201cfaccia a faccia\u201d con quella diversit\u00e0 che incuriosisce e spaventa e che, attraverso la creativit\u00e0, arriva in maniera chiara ed incisiva agli occhi di chi osserva; nel contenitore  Agor\u00e0 del Consiglio Regionale della Puglia tra videoinstallazioni, fotografie, dipinti e testimonianze si rivivono una serie di esperienze laboratoriali organizzate da AlphaZTL Compagnia d\u2019Arte Dinamica, sotto la guida del brindisino Vito Alfarano,  danzatore, coreografo e regista, sensibile ed attento a contesti poco conosciuti dalla gente comune.<br \/>\nIn particolare, tra i video della mostra, selezionati, tra l\u2019altro, in numerosi festival internazionali di video arte,  uno di essi, I HAVE A DREAM,  ha ricevuto il patrocinio di Amnesty International Italia; INTANGOUT ha vinto il \u201cBest Film Awards\u201d in Austria al  \u201cDance On Screen Festival 2018\u201d mentre, IL MIO GRIDO, tra gli altri, anche una menzione speciale ed il conferimento di tre medaglie dal Presidente emerito della Repubblica Italiana Giorgio Napolitano.<br \/>\nSPAZILIBERI \u00e8 dunque una doppia occasione di confronto: da una parte un\u2019opportunit\u00e0 per comunicare e raccontare s\u00e9 stessi ed il proprio mondo da parte di detenuti, persone con sindrome di Down, richiedenti asilo e detenuti psichiatrici, sollecitati ad esprimersi artisticamente \u201cper far arrivare fuori che sentono dentro\u201d; dall\u2019altra una possibilit\u00e0, per i visitatori, di affacciarsi metaforicamente oltre quelle mura troppo alte, sporgersi oltre sbarre e recinzioni che dividono a volte pi\u00f9 del necessario, per osservare alcune realt\u00e0 complesse, sebbene, fisicamente, non cos\u00ec lontane da noi tutti.<br \/>\nIl progetto espositivo, dunque, rivela un percorso che dal 2008 vede Vito Alfarano  avvalersi della collaborazione di tanti artisti e professionisti che contribuiscono attivamente alla realizzazione dello stesso, oltre ad  associazioni, enti ed istituzioni: fondamentale \u00e8 stato il supporto da parte della Casa Circondariale di Brindisi, di AIPD (Associazione Italiana Persone Down),  REMS (Residenza per l\u2019Esecuzione delle Misure di Sicurezza detentive) di Carovigno e C.A.R.A. (Centro di Accoglienza per Richiedenti Asilo) di Restinco Brindisi.<br \/>\nL\u2019allestimento della mostra a Bari, patrocinata dal Comune di Brindisi, dalla Regione Puglia, dall\u2019Assessore all\u2019Industria Turistica e Culturale regionale, \u00e8 stato realizzato grazie alla volont\u00e0 del Garante dei Diritti delle Persone sottoposte a misure restrittive della Libert\u00e0 della Regione Puglia, Piero Rossi e grazie al contributo economico del Consiglio Regionale Pugliese.<br \/>\nSPAZILIBERI \u2013 L\u2019Arte nel Sociale, sar\u00e0 inaugurata mercoledi 15 maggio alle ore 14.30 nello spazio Agor\u00e0 del Consiglio Regionale della Puglia, e saranno presenti :  Mario Loizzo, presidente del Consiglio Regionale della Puglia; Carmelo Cantone, Provveditore Reg.le della Amministrazione Penitenziaria di Puglia e Basilicata; Piero Rossi, Garante Reg.le dei diritti delle persone private della libert\u00e0 della Puglia;  Valeria Pir\u00e8, direttrice della Casa Circ.le di Bari Giuseppe Campesi, professore associato in Sociologia giuridica e politica, Dip.to di Scienze Politiche, Univ di Bari; Luca Basso, presidente ARCI Bari e Vito Alfarano ideatore del progetto.<\/p>\n<p>Link video promo SPAZILIBERI<br \/>\n<iframe loading=\"lazy\" title=\"SPAZILIBERI - L&#039;Arte nel Sociale _BARI Consiglio Regionale della Puglia\" src=\"https:\/\/player.vimeo.com\/video\/335675695?dnt=1&amp;app_id=122963\" width=\"500\" height=\"281\" frameborder=\"0\" allow=\"autoplay; fullscreen; picture-in-picture; clipboard-write\"><\/iframe> <\/p>\n","protected":false},"excerpt":{"rendered":"<p>Dal 15 maggio al 17 giugno 2019, il Consiglio Regionale della Puglia ospiter\u00e0, infatti, SPAZILIBERI \u2013 L\u2019Arte nel Sociale, la mostra dell\u2019artista brindisino Vito Alfarano e prodotta dalla AlphaZTL Compagnia d\u2019Arte Dinamica, a cura di Ilaria Caravaglio, che vuole raccontare come, attraverso l\u2019arte in tutte le sue espressioni, sia possibile abbattere barriere e pregiudizi nei vari ambiti che caratterizzano la societ\u00e0 contemporanea. SPAZILIBERI raccoglie e condivide la creativit\u00e0 di tante persone che troppo spesso, purtroppo, si scontra con una societ\u00e0 che lascia poco spazio ad un\u2019integrazione reale, presa com\u2019\u00e8 dai ritmi frenetici della vita, da impegni e distrazioni che non lasciano spazio alla curiosit\u00e0 e alla voglia di scoprire davvero chi si celi dietro certi sguardi. Accedendo a luoghi non aperti a tutti: quali carceri o centri d\u2019accoglienza per immigrati. La mostra offre la possibilit\u00e0 di oltrepassare quei confini, non solo architettonici ma anche mentali, e guardare oltre cancelli e sbarre, in un \u201cfaccia a faccia\u201d con quella diversit\u00e0 che incuriosisce e spaventa e che, attraverso la creativit\u00e0, arriva in&#8230;<\/p>\n","protected":false},"author":2,"featured_media":154879,"comment_status":"open","ping_status":"closed","sticky":false,"template":"","format":"standard","meta":{"footnotes":""},"categories":[7],"tags":[],"class_list":["post-154878","post","type-post","status-publish","format-standard","has-post-thumbnail","hentry","category-news"],"_links":{"self":[{"href":"https:\/\/www.brundisium.net\/index.php\/wp-json\/wp\/v2\/posts\/154878","targetHints":{"allow":["GET"]}}],"collection":[{"href":"https:\/\/www.brundisium.net\/index.php\/wp-json\/wp\/v2\/posts"}],"about":[{"href":"https:\/\/www.brundisium.net\/index.php\/wp-json\/wp\/v2\/types\/post"}],"author":[{"embeddable":true,"href":"https:\/\/www.brundisium.net\/index.php\/wp-json\/wp\/v2\/users\/2"}],"replies":[{"embeddable":true,"href":"https:\/\/www.brundisium.net\/index.php\/wp-json\/wp\/v2\/comments?post=154878"}],"version-history":[{"count":1,"href":"https:\/\/www.brundisium.net\/index.php\/wp-json\/wp\/v2\/posts\/154878\/revisions"}],"predecessor-version":[{"id":154883,"href":"https:\/\/www.brundisium.net\/index.php\/wp-json\/wp\/v2\/posts\/154878\/revisions\/154883"}],"wp:featuredmedia":[{"embeddable":true,"href":"https:\/\/www.brundisium.net\/index.php\/wp-json\/wp\/v2\/media\/154879"}],"wp:attachment":[{"href":"https:\/\/www.brundisium.net\/index.php\/wp-json\/wp\/v2\/media?parent=154878"}],"wp:term":[{"taxonomy":"category","embeddable":true,"href":"https:\/\/www.brundisium.net\/index.php\/wp-json\/wp\/v2\/categories?post=154878"},{"taxonomy":"post_tag","embeddable":true,"href":"https:\/\/www.brundisium.net\/index.php\/wp-json\/wp\/v2\/tags?post=154878"}],"curies":[{"name":"wp","href":"https:\/\/api.w.org\/{rel}","templated":true}]}}