{"id":15492,"date":"2014-06-15T12:06:52","date_gmt":"2014-06-15T10:06:52","guid":{"rendered":"http:\/\/www.brundisium.net\/brun\/?p=15492"},"modified":"2014-06-15T12:06:52","modified_gmt":"2014-06-15T10:06:52","slug":"campus-estivo-2014-al-cag-di-brindisi","status":"publish","type":"post","link":"https:\/\/www.brundisium.net\/index.php\/campus-estivo-2014-al-cag-di-brindisi\/","title":{"rendered":"Campus Estivo 2014 al CAG di Brindisi"},"content":{"rendered":"<p><a href=\"http:\/\/www.brundisium.net\/brun\/wp-content\/uploads\/2014\/06\/LOCANDINA-CAMPUS-ESTIVO-2014.jpg\"><img loading=\"lazy\" decoding=\"async\" class=\"alignright size-medium wp-image-15495\" src=\"http:\/\/www.brundisium.net\/brun\/wp-content\/uploads\/2014\/06\/LOCANDINA-CAMPUS-ESTIVO-2014-211x300.jpg\" alt=\"LOCANDINA CAMPUS ESTIVO 2014\" width=\"211\" height=\"300\" data-id=\"15495\" srcset=\"https:\/\/www.brundisium.net\/brun\/wp-content\/uploads\/2014\/06\/LOCANDINA-CAMPUS-ESTIVO-2014-211x300.jpg 211w, https:\/\/www.brundisium.net\/brun\/wp-content\/uploads\/2014\/06\/LOCANDINA-CAMPUS-ESTIVO-2014.jpg 706w\" sizes=\"auto, (max-width: 211px) 100vw, 211px\" \/><\/a>Il <strong>Centro di Aggregazione Giovanile<\/strong> del quartiere <strong>Paradiso<\/strong>, gestito dal Comune di Brindisi &#8211; Assessorato alle Politiche Sociali e dalle Cooperative Sociali &#8220;Amani&#8221; e &#8220;Solidariet\u00e0 e Rinnovamento&#8221;, per la stagione estiva ha messo in cantiere una serie di attivit\u00e0, manifestazioni ed eventi rivolti a tutta la popolazione cittadina (bambini, ragazzi, giovani-adulti e famiglie).<\/p>\n<p>In particolare, per il quarto anno consecutivo, organizza <strong>campus estivi<\/strong>, totalmente<strong> gratuiti<\/strong>, per bambini e ragazzi dai <strong>6<\/strong> ai <strong>14<\/strong> anni.<\/p>\n<p>&nbsp;<\/p>\n<p>Le<strong> iscrizioni<\/strong> dovranno avvenire, personalmente da parte del genitore o tutore che sottoscrive il modulo, presso la Segreteria del Centro di Aggregazione Giovanile (Strada per Contardo, alle spalle della Caserma della Polizia Municipale), a partire dal <strong>16 giugno<\/strong>, tutti i pomeriggi dal luned\u00ec al venerd\u00ec, dalle ore 16.00 alle ore 20.00, fino ad esaurimento dei posti disponibili.<\/p>\n<p>&nbsp;<\/p>\n<p>I partecipanti, suddivisi ingruppi settimanali, saranno costituiti da un numero massimo di 25 bambini\/ragazzi per ciascun turno (dal luned\u00ec al venerd\u00ec 8.30-12.30), con la seguente suddivisione per fasce d\u2019et\u00e0:<\/p>\n<p>&#8211;\u00a0\u00a0\u00a0\u00a0 SCUOLE PRIMARIE: dal 23 al 27 giugno (I settimana) e dal 30 giugno al 4 luglio (II settimana) e dal 14 al 18 luglio (IV settimana)<\/p>\n<p>&#8211;\u00a0\u00a0\u00a0\u00a0 SCUOLE SECONDARIE di I grado: dal 7 al 11 luglio (III settimana) e dal 21 al 25 luglio (V settimana).<\/p>\n<p>&nbsp;<\/p>\n<p>Luned\u00ec <strong>23 giugno<\/strong> p.v. avr\u00e0 inizio la prima delle cinque avventurose settimane: in tutto si dar\u00e0 la possibilit\u00e0 di partecipare a tre gruppi di bambini delle scuole primarie e a due delle secondarie. Ultima giornata dei campus venerd\u00ec 25 luglio, mentre venerd\u00ec 1 agosto, sempre presso il Centro di Aggregazione, grande festa finale con tutti i partecipanti e i rispettivi genitori.<\/p>\n<p>L\u2019iniziativa nasce per offrire ai bambini e ai ragazzi un\u2019opportunit\u00e0 non solo di svago e ricreazione durante il periodo delle vacanze estive, ma anche di crescita, affinch\u00e9 possano vivere un\u2019esperienza unica e indimenticabile. Attraverso attivit\u00e0 finalizzate al divertimento e alla socializzazione, potranno esprimere se stessi avendo l&#8217;occasione di conoscersi, giocare, imparare, emozionarsi, provare il desiderio di vivere l&#8217;avventura e scoprire risorse nuove e pratiche stimolanti.<\/p>\n<p>&nbsp;<\/p>\n<p>Quest\u2019anno le attivit\u00e0 saranno incentrate intorno a un tema comune, uno sfondo integratore, e ai componenti dell\u2019\u00e9quipe si aggiungeranno alcuni simpatici personaggi che avranno tanto da insegnare e che si alterneranno nelle varie giornate. Ogni settimana dal luned\u00ec al venerd\u00ec si susseguiranno <strong>laboratori d\u2019arte<\/strong> con materiali di <strong>riciclo<\/strong>, di <strong>giardinaggio<\/strong>, di <strong>cucina<\/strong> tradizionale, di <strong>ballo<\/strong>. Non mancheranno tanta <strong>musica<\/strong> e <strong>sport<\/strong> a scelta tra calcio, basket, pallavolo e palla tamburello, strutturati attraverso la formazione di squadre e l\u2019organizzazione di piccoli tornei.<\/p>\n<p>I laboratori saranno concatenati tra loro e, in un&#8217;ottica di educazione al bello, al bene comune e al rispetto per l\u2019ambiente, alcuni di essi saranno finalizzati a decorare gli ampi spazi esterni del Centro.<\/p>\n<p>Tutte le attivit\u00e0 sono state pensate quindi per offrire ai partecipanti un ampio ventaglio di opportunit\u00e0 formative e ludiche che lasceranno la libert\u00e0 a tutti di esprimere il proprio essere e di non sentirsi mai esclusi. Ogni animatore seguir\u00e0 con attenzione e cura le attivit\u00e0 del giorno, senza mai lasciare il partecipante da solo.<\/p>\n<p>&nbsp;<\/p>\n<p>Per informazioni:<\/p>\n<p>mail\u00a0<a href=\"mailto:cagparadisobrindisi@gmail.com\">cagparadisobrindisi@gmail.com<\/a><\/p>\n<p>telefono 0831453592<\/p>\n<p><strong>Anteprima allegati:<\/strong><\/p>\n<p>Carica tutte le foto in Facebook<\/p>\n<p>&nbsp;<\/p>\n<p>4 di 5 allegato\/i<\/p>\n<p>campus_img1.jpg (Ridimensionato a 51%, Visualizza dimensione attuale)<\/p>\n<p>&nbsp;<\/p>\n<p>Invia per e-mail questa foto\u00a0\u00a0\u00a0|\u00a0\u00a0\u00a0Carica foto in Facebook<\/p>\n<p>&nbsp;<\/p>\n","protected":false},"excerpt":{"rendered":"<p>Il Centro di Aggregazione Giovanile del quartiere Paradiso, gestito dal Comune di Brindisi &#8211; Assessorato alle Politiche Sociali e dalle Cooperative Sociali &#8220;Amani&#8221; e &#8220;Solidariet\u00e0 e Rinnovamento&#8221;, per la stagione estiva ha messo in cantiere una serie di attivit\u00e0, manifestazioni ed eventi rivolti a tutta la popolazione cittadina (bambini, ragazzi, giovani-adulti e famiglie). In particolare, per il quarto anno consecutivo, organizza campus estivi, totalmente gratuiti, per bambini e ragazzi dai 6 ai 14 anni. &nbsp; Le iscrizioni dovranno avvenire, personalmente da parte del genitore o tutore che sottoscrive il modulo, presso la Segreteria del Centro di Aggregazione Giovanile (Strada per Contardo, alle spalle della Caserma della Polizia Municipale), a partire dal 16 giugno, tutti i pomeriggi dal luned\u00ec al venerd\u00ec, dalle ore 16.00 alle ore 20.00, fino ad esaurimento dei posti disponibili. &nbsp; I partecipanti, suddivisi ingruppi settimanali, saranno costituiti da un numero massimo di 25 bambini\/ragazzi per ciascun turno (dal luned\u00ec al venerd\u00ec 8.30-12.30), con la seguente suddivisione per fasce d\u2019et\u00e0: &#8211;\u00a0\u00a0\u00a0\u00a0 SCUOLE PRIMARIE: dal 23 al 27 giugno&#8230;<\/p>\n","protected":false},"author":2,"featured_media":15493,"comment_status":"open","ping_status":"open","sticky":false,"template":"","format":"standard","meta":{"footnotes":""},"categories":[7,389],"tags":[2098,2099],"class_list":["post-15492","post","type-post","status-publish","format-standard","has-post-thumbnail","hentry","category-news","category-territorio","tag-cag-brindisi","tag-campus"],"_links":{"self":[{"href":"https:\/\/www.brundisium.net\/index.php\/wp-json\/wp\/v2\/posts\/15492","targetHints":{"allow":["GET"]}}],"collection":[{"href":"https:\/\/www.brundisium.net\/index.php\/wp-json\/wp\/v2\/posts"}],"about":[{"href":"https:\/\/www.brundisium.net\/index.php\/wp-json\/wp\/v2\/types\/post"}],"author":[{"embeddable":true,"href":"https:\/\/www.brundisium.net\/index.php\/wp-json\/wp\/v2\/users\/2"}],"replies":[{"embeddable":true,"href":"https:\/\/www.brundisium.net\/index.php\/wp-json\/wp\/v2\/comments?post=15492"}],"version-history":[{"count":1,"href":"https:\/\/www.brundisium.net\/index.php\/wp-json\/wp\/v2\/posts\/15492\/revisions"}],"predecessor-version":[{"id":15496,"href":"https:\/\/www.brundisium.net\/index.php\/wp-json\/wp\/v2\/posts\/15492\/revisions\/15496"}],"wp:featuredmedia":[{"embeddable":true,"href":"https:\/\/www.brundisium.net\/index.php\/wp-json\/wp\/v2\/media\/15493"}],"wp:attachment":[{"href":"https:\/\/www.brundisium.net\/index.php\/wp-json\/wp\/v2\/media?parent=15492"}],"wp:term":[{"taxonomy":"category","embeddable":true,"href":"https:\/\/www.brundisium.net\/index.php\/wp-json\/wp\/v2\/categories?post=15492"},{"taxonomy":"post_tag","embeddable":true,"href":"https:\/\/www.brundisium.net\/index.php\/wp-json\/wp\/v2\/tags?post=15492"}],"curies":[{"name":"wp","href":"https:\/\/api.w.org\/{rel}","templated":true}]}}