{"id":154967,"date":"2019-05-13T13:59:09","date_gmt":"2019-05-13T11:59:09","guid":{"rendered":"http:\/\/www.brundisium.net\/?p=154967"},"modified":"2019-05-13T13:59:09","modified_gmt":"2019-05-13T11:59:09","slug":"nuovo-raccordo-ferroviario-di-costa-morena-est-gts-si-propone-di-collegare-il-porto-di-brindisi-al-resto-deuropa","status":"publish","type":"post","link":"https:\/\/www.brundisium.net\/index.php\/nuovo-raccordo-ferroviario-di-costa-morena-est-gts-si-propone-di-collegare-il-porto-di-brindisi-al-resto-deuropa\/","title":{"rendered":"Nuovo raccordo ferroviario di Costa Morena Est: GTS si propone di collegare il porto di Brindisi al resto d\u2019Europa"},"content":{"rendered":"<p>Marted\u00ec 14 maggio alle ore 10.30, negli uffici di Brindisi dell\u2019AdSP MAM, in piazza Vittorio Emanuele II n.7, il presidente Ugo Patroni Griffi, terr\u00e0 una conferenza stampa per illustrare l\u2019iniziativa imprenditoriale del Gruppo GTS, per collegare il porto di Brindisi, attraverso la nuova piattaforma intermodale logistica di Costa Morena Est al resto d\u2019Italia e d\u2019Europa.<\/p>\n<p>&nbsp;<\/p>\n<p>L\u2019AdSP MAM punta a rendere il porto di Brindisi un hub internazionale per la logistica integrata, sfruttando il nuovo raccordo ferroviario recentemente completato, ci\u00f2 a beneficio non solo dei traffici portuali, ma anche delle numerose imprese presenti nella zona industriale brindisina.<\/p>\n<p>&nbsp;<\/p>\n<p>Attraverso la nuova linea di trasporto ferroviaria che si collegher\u00e0 direttamente alla rete ferroviaria nazionale di RFI, le merci sbarcate nel porto di Brindisi e quelle prodotte dalle aziende che operano nella zona industriale avranno, infatti, l\u2019opportunit\u00e0 raggiungere il resto d\u2019Italia e d\u2019Europa, con una modalit\u00e0 trasportistica sicura, rapida ed economica.<\/p>\n<p>&nbsp;<\/p>\n<p>Il porto di Brindisi, quindi, \u00e8 sempre pi\u00f9 in linea con le direttive europee orientate a favorire lo sviluppo armonioso e coerente delle diverse modalit\u00e0 di trasporto, in particolare attraverso la co-modalit\u00e0, ossia l&#8217;utilizzo di ciascuna modalit\u00e0 di trasporto (terrestre, marittima, aerea) e l\u2019intermodalit\u00e0 per via dei benefici ambientali diretti derivanti dalla riduzione del traffico stradale sulle lunghe distanze, del minor inquinamento atmosferico e acustico, della ridotta incidentalit\u00e0, dei consumi energetici pi\u00f9 contenuti, delle minori emissioni di CO2 e dei minori costi manutentivi stradali<\/p>\n<p>&nbsp;<\/p>\n<p>Alla conferenza stampa, sono stati invitati a partecipare il sindaco di Brindisi, Riccardo Rossi, il presidente del Consorzio ASI, Domenico Bianco, e il presidente di Confindustria, Patrick Marcucci.<\/p>\n<p>&nbsp;<\/p>\n<p>All\u2019incontro con i Media parteciper\u00e0 Nicola Muciaccia, presidente di GTS \u2013 General Transport Service SpA, azienda pugliese leader nel trasporto intermodale delle merci che, grazie ad una flotta di 15 locomotive elettriche di ultima generazione TRAXX E483, copre sostanzialmente tutte le principali direttrici sia sul versante adriatico che su quello ionico e tirrenico, assicurando le connessioni giornaliere con il reticolo ferroviario europeo.<\/p>\n<p>L\u2019azienda \u00e8 gi\u00e0 pronta per avviare il servizio tra fine maggio e gli inizi di giugno.<\/p>\n","protected":false},"excerpt":{"rendered":"<p>Marted\u00ec 14 maggio alle ore 10.30, negli uffici di Brindisi dell\u2019AdSP MAM, in piazza Vittorio Emanuele II n.7, il presidente Ugo Patroni Griffi, terr\u00e0 una conferenza stampa per illustrare l\u2019iniziativa imprenditoriale del Gruppo GTS, per collegare il porto di Brindisi, attraverso la nuova piattaforma intermodale logistica di Costa Morena Est al resto d\u2019Italia e d\u2019Europa. &nbsp; L\u2019AdSP MAM punta a rendere il porto di Brindisi un hub internazionale per la logistica integrata, sfruttando il nuovo raccordo ferroviario recentemente completato, ci\u00f2 a beneficio non solo dei traffici portuali, ma anche delle numerose imprese presenti nella zona industriale brindisina. &nbsp; Attraverso la nuova linea di trasporto ferroviaria che si collegher\u00e0 direttamente alla rete ferroviaria nazionale di RFI, le merci sbarcate nel porto di Brindisi e quelle prodotte dalle aziende che operano nella zona industriale avranno, infatti, l\u2019opportunit\u00e0 raggiungere il resto d\u2019Italia e d\u2019Europa, con una modalit\u00e0 trasportistica sicura, rapida ed economica. &nbsp; Il porto di Brindisi, quindi, \u00e8 sempre pi\u00f9 in linea con le direttive europee orientate a favorire lo sviluppo armonioso&#8230;<\/p>\n","protected":false},"author":2,"featured_media":154970,"comment_status":"open","ping_status":"closed","sticky":false,"template":"","format":"standard","meta":{"footnotes":""},"categories":[7],"tags":[],"class_list":["post-154967","post","type-post","status-publish","format-standard","has-post-thumbnail","hentry","category-news"],"_links":{"self":[{"href":"https:\/\/www.brundisium.net\/index.php\/wp-json\/wp\/v2\/posts\/154967","targetHints":{"allow":["GET"]}}],"collection":[{"href":"https:\/\/www.brundisium.net\/index.php\/wp-json\/wp\/v2\/posts"}],"about":[{"href":"https:\/\/www.brundisium.net\/index.php\/wp-json\/wp\/v2\/types\/post"}],"author":[{"embeddable":true,"href":"https:\/\/www.brundisium.net\/index.php\/wp-json\/wp\/v2\/users\/2"}],"replies":[{"embeddable":true,"href":"https:\/\/www.brundisium.net\/index.php\/wp-json\/wp\/v2\/comments?post=154967"}],"version-history":[{"count":1,"href":"https:\/\/www.brundisium.net\/index.php\/wp-json\/wp\/v2\/posts\/154967\/revisions"}],"predecessor-version":[{"id":154971,"href":"https:\/\/www.brundisium.net\/index.php\/wp-json\/wp\/v2\/posts\/154967\/revisions\/154971"}],"wp:featuredmedia":[{"embeddable":true,"href":"https:\/\/www.brundisium.net\/index.php\/wp-json\/wp\/v2\/media\/154970"}],"wp:attachment":[{"href":"https:\/\/www.brundisium.net\/index.php\/wp-json\/wp\/v2\/media?parent=154967"}],"wp:term":[{"taxonomy":"category","embeddable":true,"href":"https:\/\/www.brundisium.net\/index.php\/wp-json\/wp\/v2\/categories?post=154967"},{"taxonomy":"post_tag","embeddable":true,"href":"https:\/\/www.brundisium.net\/index.php\/wp-json\/wp\/v2\/tags?post=154967"}],"curies":[{"name":"wp","href":"https:\/\/api.w.org\/{rel}","templated":true}]}}