{"id":155057,"date":"2019-05-14T18:40:30","date_gmt":"2019-05-14T16:40:30","guid":{"rendered":"http:\/\/www.brundisium.net\/?p=155057"},"modified":"2019-05-14T18:40:30","modified_gmt":"2019-05-14T16:40:30","slug":"conad-compra-i-supermercati-auchan-preoccupazione-a-mesagne-saranno-garantiti-tutti-i-posti-di-lavoro","status":"publish","type":"post","link":"https:\/\/www.brundisium.net\/index.php\/conad-compra-i-supermercati-auchan-preoccupazione-a-mesagne-saranno-garantiti-tutti-i-posti-di-lavoro\/","title":{"rendered":"Conad compra i supermercati Auchan, preoccupazione a Mesagne: &#8220;Saranno garantiti tutti i posti di lavoro?&#8221;"},"content":{"rendered":"<p>Conad ha siglato un accordo con Auchan Retail per l&#8217;acquisizione della quasi totalit\u00e0 delle sue attivit\u00e0 in Italia. Entra in Conad una parte importante dei circa 1.600 punti vendita di Auchan Retail Italia: ipermercati, supermercati, negozi di prossimit\u00e0 con i marchi Auchan e Simply, disposti sul territorio italiano in modo complementare alla rete Conad. Lo si legge in una nota.<br \/>\nPer il perfezionamento dell&#8217;acquisizione servir\u00e0 il via libera dell&#8217;Antitrust.<\/p>\n<p>&nbsp;<\/p>\n<p>La notizia \u00e8 stata cos\u00ec commentata dall&#8217;Avv. Rosanna Saracino, candidato sindaco del centrosinistra a Mesagne, comune dove insiste un centro commerciale con supermercato a marchio Auchan.<\/p>\n<p>&nbsp;<\/p>\n<p><em>Mentre tutti siamo affaccendati per gli ultimi giorni di campagna elettorale, qualcosa di importante ci sfugge.<\/em><br \/>\n<em>L\u2019Auchan, colosso commerciale francese, che tante aspettative aveva creato a Mesagne, cede tutto a Conad mettendo a rischio il futuro di ben 120 famiglie mesagnesi.<\/em><br \/>\n<em>Non pu\u00f2 non destare preoccupazione tutto ci\u00f2: 120 famiglie che rischiano il posto di lavoro in un contesto sociale ove la disoccupazione ha raggiunto livelli percentuali insopportabili \u00e8 un fatto che meriterebbe la giusta attenzione.<\/em><br \/>\n<em>Il tutto, invece, accade nel silenzio assordante della politica, delle istituzioni locali e dei sindacati.<\/em><br \/>\n<em>I dipendenti, probabilmente tenuti all\u2019oscuro di tutto, da quanto ci risulta non sono stati convocati dai \u201cdatori\u201d di lavoro in assemblea per sentire le ragioni di questa scelta ed hanno appreso solo dai comunicati stampa dell\u2019avvenuta cessione di Auchan Retail Italia SpA a Conad.<\/em><br \/>\n<em>E allora chiediamoci qualcosa!<\/em><br \/>\n<em>Saranno garantiti tutti i posti di lavoro? Ci sar\u00e0 continuit\u00e0?<\/em><br \/>\n<em>Questo lo verremmo sapere, perch\u00e9 Mesagne non si pu\u00f2 permettere questa ulteriore perdita di posti di lavoro che riguarderebbe un numero elevato di nuclei familiari.<\/em><br \/>\n<em>Se anche solo un posto di lavoro dovesse essere messo in discussione siamo pronti ad intervenire in maniera ferma e decisa accanto ai lavoratori ed alle loro famiglie.<\/em><\/p>\n","protected":false},"excerpt":{"rendered":"<p>Conad ha siglato un accordo con Auchan Retail per l&#8217;acquisizione della quasi totalit\u00e0 delle sue attivit\u00e0 in Italia. Entra in Conad una parte importante dei circa 1.600 punti vendita di Auchan Retail Italia: ipermercati, supermercati, negozi di prossimit\u00e0 con i marchi Auchan e Simply, disposti sul territorio italiano in modo complementare alla rete Conad. Lo si legge in una nota. Per il perfezionamento dell&#8217;acquisizione servir\u00e0 il via libera dell&#8217;Antitrust. &nbsp; La notizia \u00e8 stata cos\u00ec commentata dall&#8217;Avv. Rosanna Saracino, candidato sindaco del centrosinistra a Mesagne, comune dove insiste un centro commerciale con supermercato a marchio Auchan. &nbsp; Mentre tutti siamo affaccendati per gli ultimi giorni di campagna elettorale, qualcosa di importante ci sfugge. L\u2019Auchan, colosso commerciale francese, che tante aspettative aveva creato a Mesagne, cede tutto a Conad mettendo a rischio il futuro di ben 120 famiglie mesagnesi. Non pu\u00f2 non destare preoccupazione tutto ci\u00f2: 120 famiglie che rischiano il posto di lavoro in un contesto sociale ove la disoccupazione ha raggiunto livelli percentuali insopportabili \u00e8 un fatto che meriterebbe&#8230;<\/p>\n","protected":false},"author":2,"featured_media":120410,"comment_status":"open","ping_status":"closed","sticky":false,"template":"","format":"standard","meta":{"footnotes":""},"categories":[7],"tags":[],"class_list":["post-155057","post","type-post","status-publish","format-standard","has-post-thumbnail","hentry","category-news"],"_links":{"self":[{"href":"https:\/\/www.brundisium.net\/index.php\/wp-json\/wp\/v2\/posts\/155057","targetHints":{"allow":["GET"]}}],"collection":[{"href":"https:\/\/www.brundisium.net\/index.php\/wp-json\/wp\/v2\/posts"}],"about":[{"href":"https:\/\/www.brundisium.net\/index.php\/wp-json\/wp\/v2\/types\/post"}],"author":[{"embeddable":true,"href":"https:\/\/www.brundisium.net\/index.php\/wp-json\/wp\/v2\/users\/2"}],"replies":[{"embeddable":true,"href":"https:\/\/www.brundisium.net\/index.php\/wp-json\/wp\/v2\/comments?post=155057"}],"version-history":[{"count":1,"href":"https:\/\/www.brundisium.net\/index.php\/wp-json\/wp\/v2\/posts\/155057\/revisions"}],"predecessor-version":[{"id":155058,"href":"https:\/\/www.brundisium.net\/index.php\/wp-json\/wp\/v2\/posts\/155057\/revisions\/155058"}],"wp:featuredmedia":[{"embeddable":true,"href":"https:\/\/www.brundisium.net\/index.php\/wp-json\/wp\/v2\/media\/120410"}],"wp:attachment":[{"href":"https:\/\/www.brundisium.net\/index.php\/wp-json\/wp\/v2\/media?parent=155057"}],"wp:term":[{"taxonomy":"category","embeddable":true,"href":"https:\/\/www.brundisium.net\/index.php\/wp-json\/wp\/v2\/categories?post=155057"},{"taxonomy":"post_tag","embeddable":true,"href":"https:\/\/www.brundisium.net\/index.php\/wp-json\/wp\/v2\/tags?post=155057"}],"curies":[{"name":"wp","href":"https:\/\/api.w.org\/{rel}","templated":true}]}}