{"id":155324,"date":"2019-05-20T10:40:57","date_gmt":"2019-05-20T08:40:57","guid":{"rendered":"http:\/\/www.brundisium.net\/?p=155324"},"modified":"2019-05-20T10:40:57","modified_gmt":"2019-05-20T08:40:57","slug":"al-via-le-azioni-di-guerrilla-art-stamattina-appuntamento-al-parco-cesare-braico","status":"publish","type":"post","link":"https:\/\/www.brundisium.net\/index.php\/al-via-le-azioni-di-guerrilla-art-stamattina-appuntamento-al-parco-cesare-braico\/","title":{"rendered":"Al via le azioni di Guerrilla Art: stamattina appuntamento al Parco &#8220;Cesare Braico&#8221;"},"content":{"rendered":"<p>Il nuovo Consiglio Comunale dei Ragazzi di Brindisi, eletto lo scorso febbraio, accogliendo la sollecitazione degli alunni delle Scuole cittadine e avendo svolto una serie di importanti incontri di consultazione, discussione e progettazione, ha deciso di vivere una importante esperienza educativa di \u201cGuerrilla Art\u201d all\u2019interno del Parco \u201cCesare Braico\u201d.<br \/>\nSaranno coinvolti, secondo calendario, bambini e ragazzi degli Istituti Comprensivi di Brindisi: il Sindaco e la Giunta dei Ragazzi vogliono \u201clasciare una propria impronta\u201d in citt\u00e0.<br \/>\nOvvero, prima della Festa del CCR (che si terr\u00e0 marted\u00ec 28 maggio p.v.), tutti i ragazzi desiderano riqualificare alcuni spazi del Parco Cesare Braico: sistemare i due campi di calcetto (ridipingere linee perimetrali, aree, porte, sostituire le reti, \u2026) e quello di basket (linee e tabelloni); effettuare piccole azioni per colorare e rendere pi\u00f9 graditi agli occhi dei bambini, spazi, luoghi e attrezzature all\u2019interno del parco.<\/p>\n<p>&nbsp;<\/p>\n<p>Tutti i bambini e i ragazzi dei 29 CSR di Brindisi \u201clavoreranno\u201d, a turno, per migliorare, aggiustare e abbellire il parco cittadino: importante gesto di \u201ccura ed attenzione\u201d per un luogo pubblico, purtroppo negli anni spesso vandalizzato.<br \/>\nIn particolare, i gruppi di lavoro saranno suddivisi nel seguente modo:<\/p>\n<p>GUERRILLA ART presso il Parco Cesare Braico<\/p>\n<p>\u201cCentro\u201d &#8211; \u201cSanta Chiara\u201d &#8211; \u201cSant\u2019Elia-Commenda\u201d: Luned\u00ec 20 maggio 2019 &#8211; ore 8.15 &#8211; 12.45<br \/>\n\u201cCommenda\u201d &#8211; \u201cBozzano\u201d &#8211; \u201cCappuccini\u201d: Marted\u00ec 21 maggio 2019 &#8211; ore 8.15 &#8211; 12.45<br \/>\n\u201cCasale\u201d &#8211; \u201cCentro 1\u201d &#8211; \u201cParadiso-Tuturano\u201d: Mercoled\u00ec 22 maggio 2019 &#8211; ore 8.15 &#8211; 12.45<\/p>\n<p>&nbsp;<\/p>\n<p>Il Consiglio Comunale dei Ragazzi \u00e8 uno strumento di cittadinanza attiva dell\u2019Amministrazione Comunale di Brindisi, Settore Politiche Sociali, della Presidenza del Consiglio, dell\u2019Ambito Brindisi &#8211; S. Vito dei N.nni, all&#8217;interno del Servizio &#8220;La Citt\u00e0 dei Ragazzi&#8221;, in gestione alla Cooperativa Sociale Amani.<\/p>\n<p>Nel corso degli ultimi anni il CCR \u00e8 divenuto un \u201ccontenitore\u201d di personalit\u00e0 diverse, idee, progetti, attivit\u00e0 innovative, momenti di formazione, azioni di Guerrilla Art, incontri con importanti realt\u00e0 territoriali del settore privato e pubblico, \u2026 Le esperienze educative fatte con i bambini ed i ragazzi delle Scuole Cittadine hanno portato, negli anni, piccoli ma importanti risultati sulle sensibilit\u00e0 e sui singoli cammini di vita degli ex consiglieri comunali, divenuti oramai giovani alle prese con la loro vita universitaria, sociale e familiare.<\/p>\n<p>La Coop. Sociale Amani, oramai dal 2010, crede fermamente nel progetto di cittadinanza attiva del Consiglio Comunale dei Ragazzi di Brindisi, cercando, per quanto possibile, di incidere sulla percezione che i ragazzi hanno dei propri quartieri, sulla loro capacit\u00e0 di visione dell&#8217;intera citt\u00e0, sulla possibilit\u00e0 di diventare essi stessi moltiplicatori di stimoli ed energie positive per tutti i ragazzi di Brindisi, per far scaturire un nuovo senso di cura, appartenenza e ottimismo.<\/p>\n","protected":false},"excerpt":{"rendered":"<p>Il nuovo Consiglio Comunale dei Ragazzi di Brindisi, eletto lo scorso febbraio, accogliendo la sollecitazione degli alunni delle Scuole cittadine e avendo svolto una serie di importanti incontri di consultazione, discussione e progettazione, ha deciso di vivere una importante esperienza educativa di \u201cGuerrilla Art\u201d all\u2019interno del Parco \u201cCesare Braico\u201d. Saranno coinvolti, secondo calendario, bambini e ragazzi degli Istituti Comprensivi di Brindisi: il Sindaco e la Giunta dei Ragazzi vogliono \u201clasciare una propria impronta\u201d in citt\u00e0. Ovvero, prima della Festa del CCR (che si terr\u00e0 marted\u00ec 28 maggio p.v.), tutti i ragazzi desiderano riqualificare alcuni spazi del Parco Cesare Braico: sistemare i due campi di calcetto (ridipingere linee perimetrali, aree, porte, sostituire le reti, \u2026) e quello di basket (linee e tabelloni); effettuare piccole azioni per colorare e rendere pi\u00f9 graditi agli occhi dei bambini, spazi, luoghi e attrezzature all\u2019interno del parco. &nbsp; Tutti i bambini e i ragazzi dei 29 CSR di Brindisi \u201clavoreranno\u201d, a turno, per migliorare, aggiustare e abbellire il parco cittadino: importante gesto di \u201ccura ed attenzione\u201d&#8230;<\/p>\n","protected":false},"author":2,"featured_media":155327,"comment_status":"open","ping_status":"closed","sticky":false,"template":"","format":"standard","meta":{"footnotes":""},"categories":[7],"tags":[],"class_list":["post-155324","post","type-post","status-publish","format-standard","has-post-thumbnail","hentry","category-news"],"_links":{"self":[{"href":"https:\/\/www.brundisium.net\/index.php\/wp-json\/wp\/v2\/posts\/155324","targetHints":{"allow":["GET"]}}],"collection":[{"href":"https:\/\/www.brundisium.net\/index.php\/wp-json\/wp\/v2\/posts"}],"about":[{"href":"https:\/\/www.brundisium.net\/index.php\/wp-json\/wp\/v2\/types\/post"}],"author":[{"embeddable":true,"href":"https:\/\/www.brundisium.net\/index.php\/wp-json\/wp\/v2\/users\/2"}],"replies":[{"embeddable":true,"href":"https:\/\/www.brundisium.net\/index.php\/wp-json\/wp\/v2\/comments?post=155324"}],"version-history":[{"count":1,"href":"https:\/\/www.brundisium.net\/index.php\/wp-json\/wp\/v2\/posts\/155324\/revisions"}],"predecessor-version":[{"id":155328,"href":"https:\/\/www.brundisium.net\/index.php\/wp-json\/wp\/v2\/posts\/155324\/revisions\/155328"}],"wp:featuredmedia":[{"embeddable":true,"href":"https:\/\/www.brundisium.net\/index.php\/wp-json\/wp\/v2\/media\/155327"}],"wp:attachment":[{"href":"https:\/\/www.brundisium.net\/index.php\/wp-json\/wp\/v2\/media?parent=155324"}],"wp:term":[{"taxonomy":"category","embeddable":true,"href":"https:\/\/www.brundisium.net\/index.php\/wp-json\/wp\/v2\/categories?post=155324"},{"taxonomy":"post_tag","embeddable":true,"href":"https:\/\/www.brundisium.net\/index.php\/wp-json\/wp\/v2\/tags?post=155324"}],"curies":[{"name":"wp","href":"https:\/\/api.w.org\/{rel}","templated":true}]}}