{"id":155339,"date":"2019-05-21T10:34:21","date_gmt":"2019-05-21T08:34:21","guid":{"rendered":"http:\/\/www.brundisium.net\/?p=155339"},"modified":"2019-05-21T10:35:11","modified_gmt":"2019-05-21T08:35:11","slug":"confindustria-brindisi-rinnovati-i-vertici-delle-sezioni-turismo-sanita-ed-agroalimentare","status":"publish","type":"post","link":"https:\/\/www.brundisium.net\/index.php\/confindustria-brindisi-rinnovati-i-vertici-delle-sezioni-turismo-sanita-ed-agroalimentare\/","title":{"rendered":"Confindustria Brindisi: rinnovati i vertici delle Sezioni Turismo, Sanit\u00e0 ed Agroalimentare"},"content":{"rendered":"<p>Rinnovo dei vertici in Confindustria Brindisi nelle Sezioni Turismo, Sanit\u00e0 ed Agroalimentare.<\/p>\n<p>&nbsp;<\/p>\n<p>L\u2019Assemblea della Sezione Turismo di Confindustria Brindisi ha eletto Giuseppe Tanzarella, CFO del Gruppo Nicolaus, come nuovo presidente. In relazione alla sua nomina Tanzarella far\u00e0 parte del Gruppo Tecnico Turismo di Confindustria Puglia.<\/p>\n<p><a href=\"http:\/\/www.brundisium.net\/brun\/wp-content\/uploads\/2019\/05\/Giuseppe-Tanzarella.jpg\"><img loading=\"lazy\" decoding=\"async\" class=\"alignleft size-medium wp-image-155394\" src=\"http:\/\/www.brundisium.net\/brun\/wp-content\/uploads\/2019\/05\/Giuseppe-Tanzarella-300x200.jpg\" alt=\"\" width=\"300\" height=\"200\" srcset=\"https:\/\/www.brundisium.net\/brun\/wp-content\/uploads\/2019\/05\/Giuseppe-Tanzarella-300x200.jpg 300w, https:\/\/www.brundisium.net\/brun\/wp-content\/uploads\/2019\/05\/Giuseppe-Tanzarella-768x512.jpg 768w, https:\/\/www.brundisium.net\/brun\/wp-content\/uploads\/2019\/05\/Giuseppe-Tanzarella-1024x683.jpg 1024w, https:\/\/www.brundisium.net\/brun\/wp-content\/uploads\/2019\/05\/Giuseppe-Tanzarella.jpg 1500w\" sizes=\"auto, (max-width: 300px) 100vw, 300px\" \/><br \/>\n<\/a>&#8221; Ringrazio il presidente uscente Teo Titi, di cui sono orgoglioso di raccogliere il testimone &#8211; commenta Giuseppe Tanzarella &#8211; Credo molto nella crucialit\u00e0 dell\u2019azione sul territorio di Confindustria Brindisi e metter\u00f2 a frutto la competenza maturata anche nel Gruppo Nicolaus per raggiungere gli obiettivi principali del mio mandato, in primis lo sviluppo di progetti e attivit\u00e0 finalizzati alla crescita del settore turistico in Puglia&#8221;.<\/p>\n<p>Fanno parte del direttivo di Sezione, Carmelo Grassi, in qualit\u00e0 di Vice presidente, consiglieri Maurizio Angelelli (Hotel Orientale ed Executive) e Giuseppe De Benedetto (Borgo Egnazia). Delegato Gruppo Piccola Industria \u00e8 stata eletta Anna Saponaro.<\/p>\n<p>&nbsp;<\/p>\n<p>Un altro incarico per una donna in Confindustria Brindisi. Sar\u00e0 infatti Presidente, alla guida della Sezione Alimentare, Amalia Menna Pantaleo, direttore della Nicola Pantaleo SpA. Anche lei sar\u00e0 di diritto componente del Gruppo Tecnico Agroalimentare di Confindustria Puglia. Il neo presidente ha evidenziato la necessit\u00e0 di promuovere la cultura del Made in Italy, esaltando il know how di eccellenza che contraddistingue i prodotti pugliesi nel mondo. Sar\u00e0, quindi, opportuno promuovere al contempo a livello ministeriale una campagna di conoscenza e consapevolezza dei prodotti alimentari all\u2019estero, non lasciando l\u2019iniziativa alle singole aziende, ma in maniera sinergica ed organizzata come Paese Italia. L\u2019avv. Pantaleo sar\u00e0 affiancata nel consiglio direttivo di sezione dal vice presidente Massimo Bianco della Soavegel di Francavilla Fontana, gi\u00e0 Vice Presidente Vicario dell\u2019Associazione degli imprenditori di Brindisi, e dal delegato al Gruppo Piccola Industria Paolo Leo, amministratore delle Cantine Paolo Leo di San Donaci.<\/p>\n<p>&nbsp;<\/p>\n<p><a href=\"http:\/\/www.brundisium.net\/brun\/wp-content\/uploads\/2019\/05\/Luciano-Ladisi.jpg\"><img loading=\"lazy\" decoding=\"async\" class=\"size-medium wp-image-155395 alignright\" src=\"http:\/\/www.brundisium.net\/brun\/wp-content\/uploads\/2019\/05\/Luciano-Ladisi-169x300.jpg\" alt=\"\" width=\"169\" height=\"300\" srcset=\"https:\/\/www.brundisium.net\/brun\/wp-content\/uploads\/2019\/05\/Luciano-Ladisi-169x300.jpg 169w, https:\/\/www.brundisium.net\/brun\/wp-content\/uploads\/2019\/05\/Luciano-Ladisi.jpg 576w\" sizes=\"auto, (max-width: 169px) 100vw, 169px\" \/><br \/>\n<\/a>A rappresentare la Sezione Sanit\u00e0 di Confindustria Brindisi in seno al gruppo di lavoro sanit\u00e0 di Confindustria Puglia, sar\u00e0 Luciano Ladisi, direttore operativo del Consorzio San Raffaele. &#8220;Desidero dare continuit\u00e0 al lavoro egregiamente svolto dal mio predecessore, il dott. Costanzo Mardighian \u2013 ha commentato Luciano Ladisi &#8211; L\u2019aumento della complessit\u00e0 e della rilevanza del settore sanitario in Puglia implica un impegno che non pu\u00f2 prescindere dalle associazioni di categoria come Confindustria. Sono onorato dell\u2019incarico che andr\u00f2 a ricoprire e della fiducia che mi \u00e8 stata conferita dall\u2019Assemblea&#8221;. Completano il consiglio direttivo, Costanzo Mardighian dell\u2019omonimo laboratorio, e Domenico Notarnicola amministratore della Casa di Cura Salus.<\/p>\n<p>&nbsp;<\/p>\n<p><em><strong>CONFINDUSTRIA BRINDISI<\/strong><\/em><\/p>\n","protected":false},"excerpt":{"rendered":"<p>Rinnovo dei vertici in Confindustria Brindisi nelle Sezioni Turismo, Sanit\u00e0 ed Agroalimentare. &nbsp; L\u2019Assemblea della Sezione Turismo di Confindustria Brindisi ha eletto Giuseppe Tanzarella, CFO del Gruppo Nicolaus, come nuovo presidente. In relazione alla sua nomina Tanzarella far\u00e0 parte del Gruppo Tecnico Turismo di Confindustria Puglia. &#8221; Ringrazio il presidente uscente Teo Titi, di cui sono orgoglioso di raccogliere il testimone &#8211; commenta Giuseppe Tanzarella &#8211; Credo molto nella crucialit\u00e0 dell\u2019azione sul territorio di Confindustria Brindisi e metter\u00f2 a frutto la competenza maturata anche nel Gruppo Nicolaus per raggiungere gli obiettivi principali del mio mandato, in primis lo sviluppo di progetti e attivit\u00e0 finalizzati alla crescita del settore turistico in Puglia&#8221;. Fanno parte del direttivo di Sezione, Carmelo Grassi, in qualit\u00e0 di Vice presidente, consiglieri Maurizio Angelelli (Hotel Orientale ed Executive) e Giuseppe De Benedetto (Borgo Egnazia). Delegato Gruppo Piccola Industria \u00e8 stata eletta Anna Saponaro. &nbsp; Un altro incarico per una donna in Confindustria Brindisi. Sar\u00e0 infatti Presidente, alla guida della Sezione Alimentare, Amalia Menna Pantaleo, direttore della Nicola&#8230;<\/p>\n","protected":false},"author":2,"featured_media":929,"comment_status":"open","ping_status":"closed","sticky":false,"template":"","format":"standard","meta":{"footnotes":""},"categories":[7],"tags":[],"class_list":["post-155339","post","type-post","status-publish","format-standard","has-post-thumbnail","hentry","category-news"],"_links":{"self":[{"href":"https:\/\/www.brundisium.net\/index.php\/wp-json\/wp\/v2\/posts\/155339","targetHints":{"allow":["GET"]}}],"collection":[{"href":"https:\/\/www.brundisium.net\/index.php\/wp-json\/wp\/v2\/posts"}],"about":[{"href":"https:\/\/www.brundisium.net\/index.php\/wp-json\/wp\/v2\/types\/post"}],"author":[{"embeddable":true,"href":"https:\/\/www.brundisium.net\/index.php\/wp-json\/wp\/v2\/users\/2"}],"replies":[{"embeddable":true,"href":"https:\/\/www.brundisium.net\/index.php\/wp-json\/wp\/v2\/comments?post=155339"}],"version-history":[{"count":2,"href":"https:\/\/www.brundisium.net\/index.php\/wp-json\/wp\/v2\/posts\/155339\/revisions"}],"predecessor-version":[{"id":155397,"href":"https:\/\/www.brundisium.net\/index.php\/wp-json\/wp\/v2\/posts\/155339\/revisions\/155397"}],"wp:featuredmedia":[{"embeddable":true,"href":"https:\/\/www.brundisium.net\/index.php\/wp-json\/wp\/v2\/media\/929"}],"wp:attachment":[{"href":"https:\/\/www.brundisium.net\/index.php\/wp-json\/wp\/v2\/media?parent=155339"}],"wp:term":[{"taxonomy":"category","embeddable":true,"href":"https:\/\/www.brundisium.net\/index.php\/wp-json\/wp\/v2\/categories?post=155339"},{"taxonomy":"post_tag","embeddable":true,"href":"https:\/\/www.brundisium.net\/index.php\/wp-json\/wp\/v2\/tags?post=155339"}],"curies":[{"name":"wp","href":"https:\/\/api.w.org\/{rel}","templated":true}]}}