{"id":155361,"date":"2019-05-20T20:06:44","date_gmt":"2019-05-20T18:06:44","guid":{"rendered":"http:\/\/www.brundisium.net\/?p=155361"},"modified":"2019-05-20T20:10:22","modified_gmt":"2019-05-20T18:10:22","slug":"il-baule-della-nonna-sabato-25-ai-salesiani-mostra-e-asta-di-beneficenza-di-corredi-pizzi-e-ricami","status":"publish","type":"post","link":"https:\/\/www.brundisium.net\/index.php\/il-baule-della-nonna-sabato-25-ai-salesiani-mostra-e-asta-di-beneficenza-di-corredi-pizzi-e-ricami\/","title":{"rendered":"Il baule della nonna: ai Salesiani Mostra e Asta di beneficenza di corredi, pizzi e ricami"},"content":{"rendered":"<p><a href=\"http:\/\/www.brundisium.net\/brun\/wp-content\/uploads\/2019\/05\/il-baule-della-nonna.jpg\"><img loading=\"lazy\" decoding=\"async\" class=\"alignleft size-medium wp-image-155364\" src=\"http:\/\/www.brundisium.net\/brun\/wp-content\/uploads\/2019\/05\/il-baule-della-nonna-211x300.jpg\" alt=\"\" width=\"211\" height=\"300\" srcset=\"https:\/\/www.brundisium.net\/brun\/wp-content\/uploads\/2019\/05\/il-baule-della-nonna-211x300.jpg 211w, https:\/\/www.brundisium.net\/brun\/wp-content\/uploads\/2019\/05\/il-baule-della-nonna-768x1090.jpg 768w, https:\/\/www.brundisium.net\/brun\/wp-content\/uploads\/2019\/05\/il-baule-della-nonna-721x1024.jpg 721w, https:\/\/www.brundisium.net\/brun\/wp-content\/uploads\/2019\/05\/il-baule-della-nonna.jpg 1500w\" sizes=\"auto, (max-width: 211px) 100vw, 211px\" \/><\/a><\/p>\n<p>Preziosi corredi ricamati, espressione della bellezza delle tradizioni del passato, saranno messi all\u2019asta il prossimo sabato, 25 maggio, alle ore 17.00, nella Sala Grazia Balsamo dell\u2019Istituto Salesiano di Brindisi, in Via Appia 195. Il ricavato dell\u2019asta sar\u00e0 interamente devoluto in beneficenza per sostenere le attivit\u00e0 che i Salesiani di don Bosco svolgono per i giovani della nostra citt\u00e0.<\/p>\n<p>&nbsp;<\/p>\n<p>Il meraviglioso corredo, appartenuto a Teodoro e Giovanna Errico e donato dai figli all\u2019oratorio salesiano, \u00e8 composto da eleganti e pregevoli tessuti: tovaglie, lenzuola, asciugamani, cuciti e ricamati con grazia, con tecniche raffinate. Tessuti che hanno una storia da raccontare e che porteranno, nell\u2019abitazione di chi se li aggiudicher\u00e0 all\u2019asta, un tocco di ricercatezza.<\/p>\n<p>&nbsp;<\/p>\n<p>I preziosi manufatti sono esposti, dallo scorso sabato, nella mostra \u201cIl baule della nonna. Mostra artistica di corredi, pizzi e ricami di pregevole valore\u201d. La mostra \u00e8 allestita in Sala Grazia Balsamo presso l\u2019Istituto Salesiano ed \u00e8 aperta al pubblico, con accesso libero e gratuito, sino al 25 maggio, giorno dell\u2019asta di beneficenza, dalle ore 17.30 alle 20.00.<\/p>\n<p>&nbsp;<\/p>\n<p>L\u2019 asta di beneficenza rientra tra le tante iniziative organizzate nell\u2019ambito della Festa di Maria Ausiliatrice, che ricorrer\u00e0 il prossimo 24 maggio. Il programma completo della festa, giunta alla sua XV edizione, \u00e8 consultabile sulla pagina Facebook dell\u2019Oratorio Centro Giovanile Salesiani Brindisi.<\/p>\n<p>&nbsp;<\/p>\n<p>&nbsp;<\/p>\n<p>COMUNICATO STAMPA<\/p>\n","protected":false},"excerpt":{"rendered":"<p>Preziosi corredi ricamati, espressione della bellezza delle tradizioni del passato, saranno messi all\u2019asta il prossimo sabato, 25 maggio, alle ore 17.00, nella Sala Grazia Balsamo dell\u2019Istituto Salesiano di Brindisi, in Via Appia 195. Il ricavato dell\u2019asta sar\u00e0 interamente devoluto in beneficenza per sostenere le attivit\u00e0 che i Salesiani di don Bosco svolgono per i giovani della nostra citt\u00e0. &nbsp; Il meraviglioso corredo, appartenuto a Teodoro e Giovanna Errico e donato dai figli all\u2019oratorio salesiano, \u00e8 composto da eleganti e pregevoli tessuti: tovaglie, lenzuola, asciugamani, cuciti e ricamati con grazia, con tecniche raffinate. Tessuti che hanno una storia da raccontare e che porteranno, nell\u2019abitazione di chi se li aggiudicher\u00e0 all\u2019asta, un tocco di ricercatezza. &nbsp; I preziosi manufatti sono esposti, dallo scorso sabato, nella mostra \u201cIl baule della nonna. Mostra artistica di corredi, pizzi e ricami di pregevole valore\u201d. La mostra \u00e8 allestita in Sala Grazia Balsamo presso l\u2019Istituto Salesiano ed \u00e8 aperta al pubblico, con accesso libero e gratuito, sino al 25 maggio, giorno dell\u2019asta di beneficenza, dalle ore 17.30&#8230;<\/p>\n","protected":false},"author":2,"featured_media":155363,"comment_status":"open","ping_status":"closed","sticky":false,"template":"","format":"standard","meta":{"footnotes":""},"categories":[7],"tags":[],"class_list":["post-155361","post","type-post","status-publish","format-standard","has-post-thumbnail","hentry","category-news"],"_links":{"self":[{"href":"https:\/\/www.brundisium.net\/index.php\/wp-json\/wp\/v2\/posts\/155361","targetHints":{"allow":["GET"]}}],"collection":[{"href":"https:\/\/www.brundisium.net\/index.php\/wp-json\/wp\/v2\/posts"}],"about":[{"href":"https:\/\/www.brundisium.net\/index.php\/wp-json\/wp\/v2\/types\/post"}],"author":[{"embeddable":true,"href":"https:\/\/www.brundisium.net\/index.php\/wp-json\/wp\/v2\/users\/2"}],"replies":[{"embeddable":true,"href":"https:\/\/www.brundisium.net\/index.php\/wp-json\/wp\/v2\/comments?post=155361"}],"version-history":[{"count":2,"href":"https:\/\/www.brundisium.net\/index.php\/wp-json\/wp\/v2\/posts\/155361\/revisions"}],"predecessor-version":[{"id":155366,"href":"https:\/\/www.brundisium.net\/index.php\/wp-json\/wp\/v2\/posts\/155361\/revisions\/155366"}],"wp:featuredmedia":[{"embeddable":true,"href":"https:\/\/www.brundisium.net\/index.php\/wp-json\/wp\/v2\/media\/155363"}],"wp:attachment":[{"href":"https:\/\/www.brundisium.net\/index.php\/wp-json\/wp\/v2\/media?parent=155361"}],"wp:term":[{"taxonomy":"category","embeddable":true,"href":"https:\/\/www.brundisium.net\/index.php\/wp-json\/wp\/v2\/categories?post=155361"},{"taxonomy":"post_tag","embeddable":true,"href":"https:\/\/www.brundisium.net\/index.php\/wp-json\/wp\/v2\/tags?post=155361"}],"curies":[{"name":"wp","href":"https:\/\/api.w.org\/{rel}","templated":true}]}}