{"id":155418,"date":"2019-05-21T13:19:15","date_gmt":"2019-05-21T11:19:15","guid":{"rendered":"http:\/\/www.brundisium.net\/?p=155418"},"modified":"2019-05-21T13:19:15","modified_gmt":"2019-05-21T11:19:15","slug":"brindisi-corfu-gia-51-le-imbarazioni-iscritte-a-4-settimane-dalla-partenza","status":"publish","type":"post","link":"https:\/\/www.brundisium.net\/index.php\/brindisi-corfu-gia-51-le-imbarazioni-iscritte-a-4-settimane-dalla-partenza\/","title":{"rendered":"Brindisi-Corf\u00f9: gi\u00e0 51 le imbarazioni iscritte a 4 settimane dalla partenza"},"content":{"rendered":"<p>Mancano quattro settimane alla partenza, ma sono gi\u00e0 51 le imbarcazioni iscritte alla 34^ edizione della Regata velica internazionale \u201cBrindisi-Corfu\u201d. <\/p>\n<p>Il dato \u00e8 stato ufficializzato dalla segreteria tecnica della regata che \u00e8 gi\u00e0 al lavoro da mesi per organizzare al meglio ogni dettaglio della manifestazione. <\/p>\n<p>E\u2019 stato allestito un ricco programma di eventi che sar\u00e0 presentato ufficialmente sabato 25 maggio, nel corso di una conferenza stampa a cui prenderanno parte autorit\u00e0 ed esponenti di spicco del mondo sportivo legato alla vela. <\/p>\n<p>Particolarmente ricco anche il programma predisposto dalle \u201cDonne della vela\u201d che animeranno il villaggio sportivo sul Lungomare Regina Margherita con appuntamenti culturali e di spettacolo.<\/p>\n<p>Si parte il 26 maggio, per giungere sino al giorno della partenza, che quest\u2019anno si svolger\u00e0 di domenica (il 16 giugno) per consentire a migliaia di brindisini di assistere ad uno spettacolo irripetibile dalla Diga di Punta Riso. <\/p>\n<p>Tra le tante novit\u00e0 di questa edizione segnaliamo \u201cLa notte bianca della vela\u201d,  l\u2019esibizione della Banda dei Carabinieri e il sorvolo delle Frecce Tricolori. Il programma della Regata quest\u2019anno si svolge in contemporanea con gli eventi organizzati dall\u2019AIL (Associazione Italiana contro le Leucemie).<\/p>\n","protected":false},"excerpt":{"rendered":"<p>Mancano quattro settimane alla partenza, ma sono gi\u00e0 51 le imbarcazioni iscritte alla 34^ edizione della Regata velica internazionale \u201cBrindisi-Corfu\u201d. Il dato \u00e8 stato ufficializzato dalla segreteria tecnica della regata che \u00e8 gi\u00e0 al lavoro da mesi per organizzare al meglio ogni dettaglio della manifestazione. E\u2019 stato allestito un ricco programma di eventi che sar\u00e0 presentato ufficialmente sabato 25 maggio, nel corso di una conferenza stampa a cui prenderanno parte autorit\u00e0 ed esponenti di spicco del mondo sportivo legato alla vela. Particolarmente ricco anche il programma predisposto dalle \u201cDonne della vela\u201d che animeranno il villaggio sportivo sul Lungomare Regina Margherita con appuntamenti culturali e di spettacolo. Si parte il 26 maggio, per giungere sino al giorno della partenza, che quest\u2019anno si svolger\u00e0 di domenica (il 16 giugno) per consentire a migliaia di brindisini di assistere ad uno spettacolo irripetibile dalla Diga di Punta Riso. Tra le tante novit\u00e0 di questa edizione segnaliamo \u201cLa notte bianca della vela\u201d, l\u2019esibizione della Banda dei Carabinieri e il sorvolo delle Frecce Tricolori. Il programma&#8230;<\/p>\n","protected":false},"author":2,"featured_media":68024,"comment_status":"open","ping_status":"closed","sticky":false,"template":"","format":"standard","meta":{"footnotes":""},"categories":[7],"tags":[],"class_list":["post-155418","post","type-post","status-publish","format-standard","has-post-thumbnail","hentry","category-news"],"_links":{"self":[{"href":"https:\/\/www.brundisium.net\/index.php\/wp-json\/wp\/v2\/posts\/155418","targetHints":{"allow":["GET"]}}],"collection":[{"href":"https:\/\/www.brundisium.net\/index.php\/wp-json\/wp\/v2\/posts"}],"about":[{"href":"https:\/\/www.brundisium.net\/index.php\/wp-json\/wp\/v2\/types\/post"}],"author":[{"embeddable":true,"href":"https:\/\/www.brundisium.net\/index.php\/wp-json\/wp\/v2\/users\/2"}],"replies":[{"embeddable":true,"href":"https:\/\/www.brundisium.net\/index.php\/wp-json\/wp\/v2\/comments?post=155418"}],"version-history":[{"count":1,"href":"https:\/\/www.brundisium.net\/index.php\/wp-json\/wp\/v2\/posts\/155418\/revisions"}],"predecessor-version":[{"id":155419,"href":"https:\/\/www.brundisium.net\/index.php\/wp-json\/wp\/v2\/posts\/155418\/revisions\/155419"}],"wp:featuredmedia":[{"embeddable":true,"href":"https:\/\/www.brundisium.net\/index.php\/wp-json\/wp\/v2\/media\/68024"}],"wp:attachment":[{"href":"https:\/\/www.brundisium.net\/index.php\/wp-json\/wp\/v2\/media?parent=155418"}],"wp:term":[{"taxonomy":"category","embeddable":true,"href":"https:\/\/www.brundisium.net\/index.php\/wp-json\/wp\/v2\/categories?post=155418"},{"taxonomy":"post_tag","embeddable":true,"href":"https:\/\/www.brundisium.net\/index.php\/wp-json\/wp\/v2\/tags?post=155418"}],"curies":[{"name":"wp","href":"https:\/\/api.w.org\/{rel}","templated":true}]}}