{"id":155440,"date":"2019-05-21T15:33:32","date_gmt":"2019-05-21T13:33:32","guid":{"rendered":"http:\/\/www.brundisium.net\/?p=155440"},"modified":"2019-05-21T14:42:03","modified_gmt":"2019-05-21T12:42:03","slug":"vivi-amo-la-commenda-sabato-25-festa-di-quartiere-in-piazza-del-salento","status":"publish","type":"post","link":"https:\/\/www.brundisium.net\/index.php\/vivi-amo-la-commenda-sabato-25-festa-di-quartiere-in-piazza-del-salento\/","title":{"rendered":"Vivi-Amo la Commenda: sabato 25 Festa di Quartiere in Piazza del Salento"},"content":{"rendered":"<p><a href=\"http:\/\/www.brundisium.net\/brun\/wp-content\/uploads\/2019\/05\/viviamo-la-commenda.jpg\"><img loading=\"lazy\" decoding=\"async\" class=\"alignleft size-medium wp-image-155441\" src=\"http:\/\/www.brundisium.net\/brun\/wp-content\/uploads\/2019\/05\/viviamo-la-commenda-212x300.jpg\" alt=\"\" width=\"212\" height=\"300\" srcset=\"https:\/\/www.brundisium.net\/brun\/wp-content\/uploads\/2019\/05\/viviamo-la-commenda-212x300.jpg 212w, https:\/\/www.brundisium.net\/brun\/wp-content\/uploads\/2019\/05\/viviamo-la-commenda-768x1086.jpg 768w, https:\/\/www.brundisium.net\/brun\/wp-content\/uploads\/2019\/05\/viviamo-la-commenda-724x1024.jpg 724w, https:\/\/www.brundisium.net\/brun\/wp-content\/uploads\/2019\/05\/viviamo-la-commenda.jpg 1000w\" sizes=\"auto, (max-width: 212px) 100vw, 212px\" \/><\/a>VIVI-AMO LA COMMENDA<br \/>\nPiazza del Salento, Sabato 25 maggio ore 10.00<\/p>\n<p>FESTA DI QUARTIERE<\/p>\n<p>&#8230; ovvero, pieno coinvolgimento dei bambini, quali baluardi per un\u2019idea nuova del vivere cittadino e monito \u201csevero\u201d per l\u2019educazione dei cosiddetti adulti.<br \/>\nSolo ascoltando le idee e le opinioni dei pi\u00f9 piccoli, gli abitanti possono essere sensibilizzati a migliorare la realt\u00e0 che li circonda.<br \/>\nIl Comitato Commenda nasce per dar voce e dare concretezza a ci\u00f2 che si pu\u00f2 realizzare immanentemente, individuando via via le peculiarit\u00e0 del nostro territorio esistenti e non.<br \/>\nSi sta cercando di coinvolgere pi\u00f9 persone che hanno a cuore il \u201cbene comune\u201d; cos\u00ec, come hanno dimostrato i commercianti del quartiere sempre attenti e sensibili a cooperare e a dare sostegno a tutte quelle iniziative spontanee atte a cementare la convivenza sociale.<br \/>\nSolo tenendo presente i bisogni dei pi\u00f9 piccoli c\u2019\u00e8 speranza che qualcosa migliori, come ad esempio la creazione di parchi gioco grandi o piccolissimi, piste ciclabili attorno alle aiuole e quant\u2019altro.<br \/>\nAlla Festa sar\u00e0 presente il Consiglio comunale dei Ragazzi che con il loro forte potere innocente, contribuir\u00e0, mettendo in evidenza il loro punto di vista sul vivere gli spazi urbani, cercando di abbattere la normale routine giornaliera e le abitudini civiche standardizzate.<\/p>\n<p>&nbsp;<\/p>\n<p>La partecipazione attiva \u00e8 un diritto!&#8230; minato dalla pigrizia indotta da mancanza d\u2019esempio e da una certa carenza socio-culturale.<br \/>\nOggi pi\u00f9 che mai, un\u2019Amministrazione \u00e8 buona, quando investe molto sui servizi perch\u00e9 inducono il cittadino a non essere solo e sempre critico a priori.<\/p>\n<p>&nbsp;<\/p>\n<p>Bisogna ripensare all\u2019idea di citt\u00e0, veicolandola verso i bambini e fasce pi\u00f9 deboli, perch\u00e9 se sar\u00e0 meglio per loro lo sar\u00e0 anche per tutti.<\/p>\n<p>&nbsp;<\/p>\n<p>I ragazzini devono avere un posto all\u2019esterno di casa propria, certamente in spazi protetti, perch\u00e9 possano maturare la loro autonomia e consapevolezza di cosa li circonda oltre alle quattro mura di casa.<\/p>\n<p>&nbsp;<\/p>\n<p>Dovremmo fare in modo di cambiare socialmente il nostro territorio per cambiare i comportamenti dei cittadini: analizziamo il quartiere e focalizziamo l\u2019attenzione sulle potenzialit\u00e0 da mettere in risalto al momento, per garantire un futuro diverso.<\/p>\n<p>Riappropiamoci del nostro spazio pubblico. Rendiamo la nostra citt\u00e0 pi\u00f9 vivibile! Riqualifichiamo, abbelliamo e rivitalizziamo non solo il nostro quartiere Commenda ma anche gli altri.<\/p>\n<p>&nbsp;<\/p>\n<p>Prendiamoci cura come cittadini delle aree verdi comuni; mobilitiamoci per creare un movimento rivoluzionario contro l\u2019inerzia e l\u2019incivilt\u00e0.<\/p>\n","protected":false},"excerpt":{"rendered":"<p>VIVI-AMO LA COMMENDA Piazza del Salento, Sabato 25 maggio ore 10.00 FESTA DI QUARTIERE &#8230; ovvero, pieno coinvolgimento dei bambini, quali baluardi per un\u2019idea nuova del vivere cittadino e monito \u201csevero\u201d per l\u2019educazione dei cosiddetti adulti. Solo ascoltando le idee e le opinioni dei pi\u00f9 piccoli, gli abitanti possono essere sensibilizzati a migliorare la realt\u00e0 che li circonda. Il Comitato Commenda nasce per dar voce e dare concretezza a ci\u00f2 che si pu\u00f2 realizzare immanentemente, individuando via via le peculiarit\u00e0 del nostro territorio esistenti e non. Si sta cercando di coinvolgere pi\u00f9 persone che hanno a cuore il \u201cbene comune\u201d; cos\u00ec, come hanno dimostrato i commercianti del quartiere sempre attenti e sensibili a cooperare e a dare sostegno a tutte quelle iniziative spontanee atte a cementare la convivenza sociale. Solo tenendo presente i bisogni dei pi\u00f9 piccoli c\u2019\u00e8 speranza che qualcosa migliori, come ad esempio la creazione di parchi gioco grandi o piccolissimi, piste ciclabili attorno alle aiuole e quant\u2019altro. Alla Festa sar\u00e0 presente il Consiglio comunale dei Ragazzi che&#8230;<\/p>\n","protected":false},"author":2,"featured_media":155441,"comment_status":"open","ping_status":"closed","sticky":false,"template":"","format":"standard","meta":{"footnotes":""},"categories":[7],"tags":[],"class_list":["post-155440","post","type-post","status-publish","format-standard","has-post-thumbnail","hentry","category-news"],"_links":{"self":[{"href":"https:\/\/www.brundisium.net\/index.php\/wp-json\/wp\/v2\/posts\/155440","targetHints":{"allow":["GET"]}}],"collection":[{"href":"https:\/\/www.brundisium.net\/index.php\/wp-json\/wp\/v2\/posts"}],"about":[{"href":"https:\/\/www.brundisium.net\/index.php\/wp-json\/wp\/v2\/types\/post"}],"author":[{"embeddable":true,"href":"https:\/\/www.brundisium.net\/index.php\/wp-json\/wp\/v2\/users\/2"}],"replies":[{"embeddable":true,"href":"https:\/\/www.brundisium.net\/index.php\/wp-json\/wp\/v2\/comments?post=155440"}],"version-history":[{"count":1,"href":"https:\/\/www.brundisium.net\/index.php\/wp-json\/wp\/v2\/posts\/155440\/revisions"}],"predecessor-version":[{"id":155442,"href":"https:\/\/www.brundisium.net\/index.php\/wp-json\/wp\/v2\/posts\/155440\/revisions\/155442"}],"wp:featuredmedia":[{"embeddable":true,"href":"https:\/\/www.brundisium.net\/index.php\/wp-json\/wp\/v2\/media\/155441"}],"wp:attachment":[{"href":"https:\/\/www.brundisium.net\/index.php\/wp-json\/wp\/v2\/media?parent=155440"}],"wp:term":[{"taxonomy":"category","embeddable":true,"href":"https:\/\/www.brundisium.net\/index.php\/wp-json\/wp\/v2\/categories?post=155440"},{"taxonomy":"post_tag","embeddable":true,"href":"https:\/\/www.brundisium.net\/index.php\/wp-json\/wp\/v2\/tags?post=155440"}],"curies":[{"name":"wp","href":"https:\/\/api.w.org\/{rel}","templated":true}]}}