{"id":155872,"date":"2019-05-29T19:12:45","date_gmt":"2019-05-29T17:12:45","guid":{"rendered":"http:\/\/www.brundisium.net\/?p=155872"},"modified":"2019-05-29T23:59:56","modified_gmt":"2019-05-29T21:59:56","slug":"dalla-terra-al-cielo-liiss-marzolla-leo-simone-durano-e-la-musica-degli-astri","status":"publish","type":"post","link":"https:\/\/www.brundisium.net\/index.php\/dalla-terra-al-cielo-liiss-marzolla-leo-simone-durano-e-la-musica-degli-astri\/","title":{"rendered":"Dalla terra al cielo: l\u2019IISS Marzolla Leo Simone Durano e la musica degli astri"},"content":{"rendered":"<p>Il 30 maggio, presso l\u2019ex Convento Santa Chiara di Brindisi alle ore 09.30, l\u2019IISS Marzolla Leo Simone Durano ha organizzato il Laboratorio di riflessione Dalla terra al cielo. La musica degli astri rivolto agli alunni e docenti dei licei classico, scientifico e musicale e alla cittadinanza.<\/p>\n<p>Interverranno: Prof. Trifone Gargano, docente di Lingua e Letteratura italiana che converser\u00e0 su \u201c\u2026Una melodia dolce correva\u2026\u201d( Pg., XXIX,22); prof.ssa Maria Antonietta Epifani, docente di pianoforte presso il Liceo Musicale Durano che tratter\u00e0 La musica degli astri; prof. Antonio Paolo Carlucci (facolt\u00e0 di Ingegneria-Universit\u00e0 del Salento) sul tema Astrofisica: recenti scoperte epocali e quello che ci aspetta; dottssa Santa Fizzarotti Selvaggi, scrittrice, poetessa, psicologo- psicoterapeuta discuter\u00e0 su Noi, stelle viventi e, in conclusione, il prof. Francesco de Paolis docente di Astronomia e Astrofisica ( Universit\u00e0 del Salento) parler\u00e0 de \u201cLa trasformata di Fourier: dalle stelle alle nostre tasche\u201d.<a href=\"http:\/\/www.brundisium.net\/brun\/wp-content\/uploads\/2019\/05\/manifestola-musica-delle-sfere-2.jpg\"><img loading=\"lazy\" decoding=\"async\" class=\"alignleft size-medium wp-image-155873\" src=\"http:\/\/www.brundisium.net\/brun\/wp-content\/uploads\/2019\/05\/manifestola-musica-delle-sfere-2-214x300.jpg\" alt=\"\" width=\"214\" height=\"300\" srcset=\"https:\/\/www.brundisium.net\/brun\/wp-content\/uploads\/2019\/05\/manifestola-musica-delle-sfere-2-214x300.jpg 214w, https:\/\/www.brundisium.net\/brun\/wp-content\/uploads\/2019\/05\/manifestola-musica-delle-sfere-2-768x1075.jpg 768w, https:\/\/www.brundisium.net\/brun\/wp-content\/uploads\/2019\/05\/manifestola-musica-delle-sfere-2-731x1024.jpg 731w\" sizes=\"auto, (max-width: 214px) 100vw, 214px\" \/><\/a><\/p>\n<p>A fine giornata, interverranno gli studenti del liceo scientifico \u201cLeonardo Leo\u201d di S. Vito dei Normanni presentando i principi fisici che stanno alla base del funzionamento del theremin, mentre il liceo musicale \u201cGiustino Durano\u201d si esibir\u00e0 con un brano inedito per pianoforte e theremin, strumento che riprodurr\u00e0 la musica della stella Y Cam A.<br \/>\nModeratore il dott. Raffaele Romano.<\/p>\n<p>L&#8217;evento rientra nell\u2019ambito delle azioni connesse al Progetto regionale Didattica musicale 2.0 di cui l\u2019IISS \u00e8 scuola capofila provinciale. Ritenendo la musica una forma alta di pensiero, il laboratorio di riflessione vuole ripercorrere-attraverso il dialogo con la Scienza- alcune tappe del pensiero umano, e stimolare la musica a rendersi disponibile a percorsi altri d\u2019accesso, non obbligatoriamente tecnico-musicali.<\/p>\n","protected":false},"excerpt":{"rendered":"<p>Il 30 maggio, presso l\u2019ex Convento Santa Chiara di Brindisi alle ore 09.30, l\u2019IISS Marzolla Leo Simone Durano ha organizzato il Laboratorio di riflessione Dalla terra al cielo. La musica degli astri rivolto agli alunni e docenti dei licei classico, scientifico e musicale e alla cittadinanza. Interverranno: Prof. Trifone Gargano, docente di Lingua e Letteratura italiana che converser\u00e0 su \u201c\u2026Una melodia dolce correva\u2026\u201d( Pg., XXIX,22); prof.ssa Maria Antonietta Epifani, docente di pianoforte presso il Liceo Musicale Durano che tratter\u00e0 La musica degli astri; prof. Antonio Paolo Carlucci (facolt\u00e0 di Ingegneria-Universit\u00e0 del Salento) sul tema Astrofisica: recenti scoperte epocali e quello che ci aspetta; dottssa Santa Fizzarotti Selvaggi, scrittrice, poetessa, psicologo- psicoterapeuta discuter\u00e0 su Noi, stelle viventi e, in conclusione, il prof. Francesco de Paolis docente di Astronomia e Astrofisica ( Universit\u00e0 del Salento) parler\u00e0 de \u201cLa trasformata di Fourier: dalle stelle alle nostre tasche\u201d. A fine giornata, interverranno gli studenti del liceo scientifico \u201cLeonardo Leo\u201d di S. Vito dei Normanni presentando i principi fisici che stanno alla base del funzionamento&#8230;<\/p>\n","protected":false},"author":2,"featured_media":155873,"comment_status":"open","ping_status":"closed","sticky":false,"template":"","format":"standard","meta":{"footnotes":""},"categories":[7],"tags":[],"class_list":["post-155872","post","type-post","status-publish","format-standard","has-post-thumbnail","hentry","category-news"],"_links":{"self":[{"href":"https:\/\/www.brundisium.net\/index.php\/wp-json\/wp\/v2\/posts\/155872","targetHints":{"allow":["GET"]}}],"collection":[{"href":"https:\/\/www.brundisium.net\/index.php\/wp-json\/wp\/v2\/posts"}],"about":[{"href":"https:\/\/www.brundisium.net\/index.php\/wp-json\/wp\/v2\/types\/post"}],"author":[{"embeddable":true,"href":"https:\/\/www.brundisium.net\/index.php\/wp-json\/wp\/v2\/users\/2"}],"replies":[{"embeddable":true,"href":"https:\/\/www.brundisium.net\/index.php\/wp-json\/wp\/v2\/comments?post=155872"}],"version-history":[{"count":1,"href":"https:\/\/www.brundisium.net\/index.php\/wp-json\/wp\/v2\/posts\/155872\/revisions"}],"predecessor-version":[{"id":155874,"href":"https:\/\/www.brundisium.net\/index.php\/wp-json\/wp\/v2\/posts\/155872\/revisions\/155874"}],"wp:featuredmedia":[{"embeddable":true,"href":"https:\/\/www.brundisium.net\/index.php\/wp-json\/wp\/v2\/media\/155873"}],"wp:attachment":[{"href":"https:\/\/www.brundisium.net\/index.php\/wp-json\/wp\/v2\/media?parent=155872"}],"wp:term":[{"taxonomy":"category","embeddable":true,"href":"https:\/\/www.brundisium.net\/index.php\/wp-json\/wp\/v2\/categories?post=155872"},{"taxonomy":"post_tag","embeddable":true,"href":"https:\/\/www.brundisium.net\/index.php\/wp-json\/wp\/v2\/tags?post=155872"}],"curies":[{"name":"wp","href":"https:\/\/api.w.org\/{rel}","templated":true}]}}