{"id":160397,"date":"2019-09-06T15:52:12","date_gmt":"2019-09-06T13:52:12","guid":{"rendered":"http:\/\/www.brundisium.net\/?p=160397"},"modified":"2019-09-06T13:59:30","modified_gmt":"2019-09-06T11:59:30","slug":"domenica-ad-oria-la-festa-delluva-e-del-vino-locale","status":"publish","type":"post","link":"https:\/\/www.brundisium.net\/index.php\/domenica-ad-oria-la-festa-delluva-e-del-vino-locale\/","title":{"rendered":"Domenica ad Oria la Festa dell&#8217;Uva e del Vino Locale"},"content":{"rendered":"<p>Quando il sole di fine estate leviga gli acini fra i vigneti, rendendoli brillanti e succosi, tra odori di mosto e generosi grappoli della vendemmia, Oria, meraviglioso borgo dell&#8217;alto Salento, torna a vivere la tradizione della &#8216;Festa dell\u2019Uva&#8217;.<\/p>\n<p>Fra le zolle della nostra terra, la conclusione della vendemmia \u00e8 sempre stata celebrata con momenti di festa e allegria che alleviavano le fatiche del duro lavoro di raccolta. Gli orietani, avvertendo particolarmente il valore aggregativo di quest\u2019occasione, la conservarono nel dopoguerra fino a renderla, all&#8217;inizio degli anni \u201970, un\u2019invidiata sagra di rilievo regionale, attrattiva per numerosi operatori agricoli e per un folto pubblico nelle varie edizioni susseguitesi fino agli inizi degli anni 2000.<\/p>\n<p>&nbsp;<\/p>\n<p>Negli ultimi mesi del 2017, un\u2019associazione ha deciso di impegnarsi a recuperare e a far rivivere le emozioni di questa antica festa: la \u201cE20 PROMOTION\u201d, nata dalla volont\u00e0 di un gruppo di tre giovani amici volontari innamorati del territorio, nonch\u00e9 attenti conoscitori delle locali potenzialit\u00e0 culturali, storiche ed economiche.<\/p>\n<p>&nbsp;<\/p>\n<p>L&#8217;intento \u00e8 l&#8217;intrattenimento, la voglia e il forte desiderio di far vivere una festa &#8216;paesana&#8217; di una volta, partendo, alle ore 17, con la sfilata, nelle vie del paese, di carri allestiti in ogni dove, accompagnati da uno stornello, un brindisi e brocche di vino. La manifestazione prosegue, sulla scia tradizionale, con un laboratorio sulle voci che un tempo alleggerivano il lavoro nei campi; quelle voci senza tempo e senza modo che restituivano alle lavoratrici la forza d&#8217;unione utile per compensare la fatica della raccolta; l&#8217;incontro \u00e8 tenuto dalla cantante ENZA PAGLIARA la cui voce e i suoi suoni si diffondono in ogni dove e grazie alla sua potenza e al suo forte carisma riesce a far rivivere la bellezza di un tempo arcaico.<\/p>\n<p>&nbsp;<\/p>\n<p>La bottega dei tamburi a cornice del brindisino LU TAMBURIDDARU, tra dimostrazione di costruzione &#8216;ti li tamburieddhi&#8217;, tra pelli e sonagli ci porter\u00e0 verso l&#8217;avvio della serata, anch&#8217;essa piena di eventi e musica. Subito dopo la premiazione del carro pi\u00f9 bello e caratteristico, tramite una votazione interattiva che si sommer\u00e0 a quella tecnica, saliranno sul palco gli orietani &#8216;Gli Sarchiatoria&#8217; che penseranno a far scaldare per bene la piazza per poi conferire al gruppo FABBRICA FOLK, con la straordinaria partecipazione di ENZA PAGLIARA, il dono di chiudere in bellezza questa importante giornata per Oria e la provincia di Brindisi tutta.<\/p>\n<p>&nbsp;<\/p>\n<p>La band salentina, Fabbrica Folk, che dal 2011 calca le scene delle pi\u00f9 importanti rassegne musicali nazionali \u00e8 pronta a regalare uno spettacolo travolgente, ricco di sonorit\u00e0 popolari che si uniscono alla verve combat-folk che li caratterizza. Un sound unico nel panorama locale. Dopo il successo degli ultimi brani inediti \u2018Inshallah\u2019 e \u2018Il tuo ritorno\u2019, la nuova formazione si appresta a trasformare la piazza di Oria in un\u2019autentica bolgia. Attesi sul palco anche degli Ospiti importanti della Canzone Popolare Salentina per un Festival che si preannuncia, gi\u00e0 da ora, a dir poco scoppiettante.<\/p>\n<p>&nbsp;<\/p>\n<p>Come ogni festa di paese salentino che si rispetti la festa non pu\u00f2 definirsi realmente terminata senza una ronda di pizzica dove ogni musicista, cantore e appassionato pu\u00f2 regalare la sua arte e le sue strofe. Accorrete numerosi e buon divertimento!<\/p>\n<p>&nbsp;<\/p>\n<p>&nbsp;<\/p>\n<p>PROGRAMMA EVENTO<\/p>\n<p>\u27a2 Sfilata dei Carri con musica e arte di strada \u2013 Partenza Piazzale Istituto Antoniano<\/p>\n<p>\u27a2 Laboratorio di canto popolare con ENZA PAGLIARA \u2013 &#8216;Il Corpo che Canta&#8217;<br \/>\nNel laboratorio l&#8217;apprendimento dei canti avverr\u00e0 in in maniera &#8220;tradizionale&#8221;. Gli strumenti coi quali si lavorer\u00e0 sono l&#8217;ascolto e la memoria. Affinare l&#8217;ascolto, come primo strumento di apprendimento, ascoltare non solo con le orecchie, ma con tutto il corpo. Lasciarsi attraversare dai suoni, cercare la propria voce, risvegliarla, ripulirla per poi liberarla come espressione primaria di vita e di gioia.<br \/>\nInfo per il laboratorio di canto: 351 58 01 177<\/p>\n<p>\u27a2 Laboratorio sulla costruzione del Tamburo a Cornice con LU TAMBURIDDARU<\/p>\n<p>\u27a2 Mostra fotografica<\/p>\n<p>\u27a2 Esposizione e Degustazione Enogastronomica<\/p>\n<p>\u27a2 Attrazioni varie a tema<\/p>\n<p>\u27a2 Premiazione Vincitori della sfilata in Piazza Lorch<\/p>\n","protected":false},"excerpt":{"rendered":"<p>Quando il sole di fine estate leviga gli acini fra i vigneti, rendendoli brillanti e succosi, tra odori di mosto e generosi grappoli della vendemmia, Oria, meraviglioso borgo dell&#8217;alto Salento, torna a vivere la tradizione della &#8216;Festa dell\u2019Uva&#8217;. Fra le zolle della nostra terra, la conclusione della vendemmia \u00e8 sempre stata celebrata con momenti di festa e allegria che alleviavano le fatiche del duro lavoro di raccolta. Gli orietani, avvertendo particolarmente il valore aggregativo di quest\u2019occasione, la conservarono nel dopoguerra fino a renderla, all&#8217;inizio degli anni \u201970, un\u2019invidiata sagra di rilievo regionale, attrattiva per numerosi operatori agricoli e per un folto pubblico nelle varie edizioni susseguitesi fino agli inizi degli anni 2000. &nbsp; Negli ultimi mesi del 2017, un\u2019associazione ha deciso di impegnarsi a recuperare e a far rivivere le emozioni di questa antica festa: la \u201cE20 PROMOTION\u201d, nata dalla volont\u00e0 di un gruppo di tre giovani amici volontari innamorati del territorio, nonch\u00e9 attenti conoscitori delle locali potenzialit\u00e0 culturali, storiche ed economiche. &nbsp; L&#8217;intento \u00e8 l&#8217;intrattenimento, la voglia e il&#8230;<\/p>\n","protected":false},"author":2,"featured_media":160398,"comment_status":"open","ping_status":"closed","sticky":false,"template":"","format":"standard","meta":{"footnotes":""},"categories":[7],"tags":[],"class_list":["post-160397","post","type-post","status-publish","format-standard","has-post-thumbnail","hentry","category-news"],"_links":{"self":[{"href":"https:\/\/www.brundisium.net\/index.php\/wp-json\/wp\/v2\/posts\/160397","targetHints":{"allow":["GET"]}}],"collection":[{"href":"https:\/\/www.brundisium.net\/index.php\/wp-json\/wp\/v2\/posts"}],"about":[{"href":"https:\/\/www.brundisium.net\/index.php\/wp-json\/wp\/v2\/types\/post"}],"author":[{"embeddable":true,"href":"https:\/\/www.brundisium.net\/index.php\/wp-json\/wp\/v2\/users\/2"}],"replies":[{"embeddable":true,"href":"https:\/\/www.brundisium.net\/index.php\/wp-json\/wp\/v2\/comments?post=160397"}],"version-history":[{"count":1,"href":"https:\/\/www.brundisium.net\/index.php\/wp-json\/wp\/v2\/posts\/160397\/revisions"}],"predecessor-version":[{"id":160399,"href":"https:\/\/www.brundisium.net\/index.php\/wp-json\/wp\/v2\/posts\/160397\/revisions\/160399"}],"wp:featuredmedia":[{"embeddable":true,"href":"https:\/\/www.brundisium.net\/index.php\/wp-json\/wp\/v2\/media\/160398"}],"wp:attachment":[{"href":"https:\/\/www.brundisium.net\/index.php\/wp-json\/wp\/v2\/media?parent=160397"}],"wp:term":[{"taxonomy":"category","embeddable":true,"href":"https:\/\/www.brundisium.net\/index.php\/wp-json\/wp\/v2\/categories?post=160397"},{"taxonomy":"post_tag","embeddable":true,"href":"https:\/\/www.brundisium.net\/index.php\/wp-json\/wp\/v2\/tags?post=160397"}],"curies":[{"name":"wp","href":"https:\/\/api.w.org\/{rel}","templated":true}]}}