{"id":160455,"date":"2019-09-06T16:17:14","date_gmt":"2019-09-06T14:17:14","guid":{"rendered":"http:\/\/www.brundisium.net\/?p=160455"},"modified":"2019-09-06T17:19:51","modified_gmt":"2019-09-06T15:19:51","slug":"il-18-settembre-parte-il-servizio-di-integrazione-scolastica-della-provincia-di-brindisi","status":"publish","type":"post","link":"https:\/\/www.brundisium.net\/index.php\/il-18-settembre-parte-il-servizio-di-integrazione-scolastica-della-provincia-di-brindisi\/","title":{"rendered":"Il 18 Settembre parte il servizio di integrazione scolastica della Provincia di Brindisi"},"content":{"rendered":"<p>La Provincia di Brindisi ha programmato ogni attivit\u00e0 utile per l\u2019avvio, dal 18 settembre 2019, data ufficiale di inizio dell\u2019anno scolastico, secondo la programmazione regionale, per il trasporto scolastico assistito, per l\u2019 assistenza alla comunicazione e assistenza specialistica per l\u2019integrazione scolastica degli studenti e delle studentesse con disabilit\u00e0, avendo cura di tutelare il diritto alle prestazioni e la continuit\u00e0 didattica e assistenziale e le posizioni lavorative degli operatori gi\u00e0 impegnati.<br \/>\nIl tutto nel rispetto delle linee guida della Regione Puglia.<\/p>\n<p>&nbsp;<\/p>\n<p>Ad oggi, gli studenti presi in carico, aventi i requisiti previsti dalle linee guida, sono n. 177 di cui 106 disabili gravi e 71 disabili sensoriali, per i servizi d\u2019integrazione scolastica e n. 39 disabili per il servizio di trasporto scolastico assistito. Saranno esaminate, comunque, anche eventuali altre domande di ammissione che potranno pervenire all\u2019Amministrazione provinciale in qualsiasi momento.<br \/>\nI servizi in oggetto saranno gestiti, per l\u2019anno scolastico 2019-2020, dalla Cooperativa sociale Onlus Socio Culturale, di Venezia; mentre il servizio del trasporto scolastico \u00e8 affidato alla ditta Autolinee Dover di Veccaro Cosimo s.r.l. di Noci.<\/p>\n<p>&nbsp;<\/p>\n<p>Per coordinare e rendere sinergici e pi\u00f9 efficaci gli interventi, l\u2019Amministrazione provinciale, ove la delega all\u2019integrazione scolastica \u00e8 affidata dal presidente Rossi alla consigliera provinciale Valentina Fanigliulo, sta programmando un open day, per il 12 settembre alle ore 17,00, presso il Salone di Rappresentanza della sede provinciale, inteso come momento di festosa accoglienza ed incontro tra famiglie ed operatori per dare inizio al nuovo anno scolastico. In tale evento, oltre a momenti di semplice convivialit\u00e0, sar\u00e0 offerta alle famiglie la carta dei servizi ed un questionario per rilevare le preferenze per l\u2019ambito di attivit\u00e0 extrascolastiche da svolgere nel 2020, come laboratori per l\u2019inclusione, atteso il successo dell\u2019esperienza fatta lo scorso anno con i 4 laboratori d\u2019arte.<\/p>\n<p>&nbsp;<\/p>\n<p>L\u2019Amministrazione provinciale sta programmando anche un incontro con tutte le scuole interessate per la sottoscrizione di un vero e proprio Patto per l\u2019inclusione per il corrente anno scolastico; tale incontro \u00e8 previsto per il 16.09.2019 alle ore 15, presso il Salone di Rappresentanza di via De Leo.<\/p>\n<p><em><strong>Provincia di Brindisi<\/strong><\/em><\/p>\n","protected":false},"excerpt":{"rendered":"<p>La Provincia di Brindisi ha programmato ogni attivit\u00e0 utile per l\u2019avvio, dal 18 settembre 2019, data ufficiale di inizio dell\u2019anno scolastico, secondo la programmazione regionale, per il trasporto scolastico assistito, per l\u2019 assistenza alla comunicazione e assistenza specialistica per l\u2019integrazione scolastica degli studenti e delle studentesse con disabilit\u00e0, avendo cura di tutelare il diritto alle prestazioni e la continuit\u00e0 didattica e assistenziale e le posizioni lavorative degli operatori gi\u00e0 impegnati. Il tutto nel rispetto delle linee guida della Regione Puglia. &nbsp; Ad oggi, gli studenti presi in carico, aventi i requisiti previsti dalle linee guida, sono n. 177 di cui 106 disabili gravi e 71 disabili sensoriali, per i servizi d\u2019integrazione scolastica e n. 39 disabili per il servizio di trasporto scolastico assistito. Saranno esaminate, comunque, anche eventuali altre domande di ammissione che potranno pervenire all\u2019Amministrazione provinciale in qualsiasi momento. I servizi in oggetto saranno gestiti, per l\u2019anno scolastico 2019-2020, dalla Cooperativa sociale Onlus Socio Culturale, di Venezia; mentre il servizio del trasporto scolastico \u00e8 affidato alla ditta Autolinee Dover&#8230;<\/p>\n","protected":false},"author":2,"featured_media":112422,"comment_status":"open","ping_status":"closed","sticky":false,"template":"","format":"standard","meta":{"footnotes":""},"categories":[7],"tags":[],"class_list":["post-160455","post","type-post","status-publish","format-standard","has-post-thumbnail","hentry","category-news"],"_links":{"self":[{"href":"https:\/\/www.brundisium.net\/index.php\/wp-json\/wp\/v2\/posts\/160455","targetHints":{"allow":["GET"]}}],"collection":[{"href":"https:\/\/www.brundisium.net\/index.php\/wp-json\/wp\/v2\/posts"}],"about":[{"href":"https:\/\/www.brundisium.net\/index.php\/wp-json\/wp\/v2\/types\/post"}],"author":[{"embeddable":true,"href":"https:\/\/www.brundisium.net\/index.php\/wp-json\/wp\/v2\/users\/2"}],"replies":[{"embeddable":true,"href":"https:\/\/www.brundisium.net\/index.php\/wp-json\/wp\/v2\/comments?post=160455"}],"version-history":[{"count":1,"href":"https:\/\/www.brundisium.net\/index.php\/wp-json\/wp\/v2\/posts\/160455\/revisions"}],"predecessor-version":[{"id":160457,"href":"https:\/\/www.brundisium.net\/index.php\/wp-json\/wp\/v2\/posts\/160455\/revisions\/160457"}],"wp:featuredmedia":[{"embeddable":true,"href":"https:\/\/www.brundisium.net\/index.php\/wp-json\/wp\/v2\/media\/112422"}],"wp:attachment":[{"href":"https:\/\/www.brundisium.net\/index.php\/wp-json\/wp\/v2\/media?parent=160455"}],"wp:term":[{"taxonomy":"category","embeddable":true,"href":"https:\/\/www.brundisium.net\/index.php\/wp-json\/wp\/v2\/categories?post=160455"},{"taxonomy":"post_tag","embeddable":true,"href":"https:\/\/www.brundisium.net\/index.php\/wp-json\/wp\/v2\/tags?post=160455"}],"curies":[{"name":"wp","href":"https:\/\/api.w.org\/{rel}","templated":true}]}}