{"id":160983,"date":"2019-09-18T10:36:10","date_gmt":"2019-09-18T08:36:10","guid":{"rendered":"http:\/\/www.brundisium.net\/?p=160983"},"modified":"2019-09-18T10:36:10","modified_gmt":"2019-09-18T08:36:10","slug":"a-raccontar-di-specchie-e-masserie","status":"publish","type":"post","link":"https:\/\/www.brundisium.net\/index.php\/a-raccontar-di-specchie-e-masserie\/","title":{"rendered":"A raccontar di Specchie e Masserie\u2026"},"content":{"rendered":"<p><img loading=\"lazy\" decoding=\"async\" class=\"alignleft size-medium wp-image-160984\" src=\"http:\/\/www.brundisium.net\/brun\/wp-content\/uploads\/2019\/09\/A-Raccontar-di-Specchie-e-Masserie...-215x300.jpg\" alt=\"\" width=\"215\" height=\"300\" srcset=\"https:\/\/www.brundisium.net\/brun\/wp-content\/uploads\/2019\/09\/A-Raccontar-di-Specchie-e-Masserie...-215x300.jpg 215w, https:\/\/www.brundisium.net\/brun\/wp-content\/uploads\/2019\/09\/A-Raccontar-di-Specchie-e-Masserie...-735x1024.jpg 735w, https:\/\/www.brundisium.net\/brun\/wp-content\/uploads\/2019\/09\/A-Raccontar-di-Specchie-e-Masserie....jpg 750w\" sizes=\"auto, (max-width: 215px) 100vw, 215px\" \/>In collaborazione con il M.A.F.F., il progetto ha come interesse primario quello di valorizzare una testimonianza presente nel nostro territorio da centinaia di anni e per la quale si \u00e8, purtroppo, perso gradualmente l\u2019interesse: \u201cLe Specchie\u201d.<\/p>\n<p>&nbsp;<\/p>\n<p>Le Specchie sono dei manufatti messapici, a base circolare, realizzati con la sovrapposizione a secco di pietre di origine calcarea, di cui resta ignota la funzione, ma che con molta probabilit\u00e0 avevano carattere difensivo. Il territorio francavillese \u00e8 circondato da Specchie che, ancora oggi, risultano visibili e il nostro obiettivo \u00e8 proprio quello di far conoscere e divulgare l\u2019interesse per questi tesori storici, di cui pochi ancora ne apprezzano il valore.<\/p>\n<p>&nbsp;<\/p>\n<p>I nostri eventi consistono anche in visite guidate ad alcune delle masserie presenti nel contesto rurale di Francavilla Fontana!<\/p>\n<p>&nbsp;<\/p>\n<p>Gli appuntamenti si svilupperanno secondo il seguente calendario:<\/p>\n<p>&#8211; Domenica 22 settembre \u2013 per festeggiare e contribuire attivamente alla Settimana della Mobilit\u00e0 Sostenibile 2019, ci sar\u00e0 una ciclopasseggiata (con la propria bici) che parte alle ore 8.30 dal parcheggio del campo sportivo (Via Suor Antonietta Zullino) e che prosegue fino a Masseria Giovannella. Da qui il percorso continua a piedi fino alla Specchia Giovannella. Visitata la Specchia, si ritorna in Masseria, per continuare la nostra visita guidata e, dove, potremo deliziarvi con una degustazione di prodotti tipici.<\/p>\n<p>&#8211; Domenica 29 settembre \u2013 partenza alle ore 8.30 da Masseria Viscigli per una passeggiata immersa nella natura che ci permetter\u00e0 di raggiungere Specchia Cal\u00f2. Visitata la Specchia, si rientra in Masseria per degustare i prodotti tipici.<\/p>\n<p>&#8211; Domenica 13 ottobre \u2013 nella Giornata Nazionale del Camminare, Si parte alle 8.30 dall\u2019Azienda agricola L\u2019Erede e si raggiungono a piedi Specchia Capece e Specchia Miano. Subito dopo la visita alle Specchie, si rientra in Masseria per una degustazione di prodotti tipici.<\/p>\n<p>&nbsp;<\/p>\n<p>A raccontare tutto, ci saranno guide riconosciute dalla Regione Puglia che possono chiarire qualsiasi dubbio sul territorio in cui viviamo.<\/p>\n<p>Ogni attivit\u00e0 avr\u00e0 un costo pari a 5 Euro per partecipante (inclusa degustazione). Ovviamente i pi\u00f9 piccoli non pagano! Il pagamento \u00e8 previsto a partire dai 12 anni!<\/p>\n<p>&nbsp;<\/p>\n<p>I CONTATTI a cui puoi rivolgerti sono: Cell. 3934240435 Email: camminamentipuglia@gmail.com canali social (nome Facebook e Instagram: Camminamentipuglia)!!<\/p>\n<p>&nbsp;<\/p>\n<p>Vi ricordiamo, inoltre, che presso il Castello Imperiali di Francavilla Fontana (sala Leonardo), marted\u00ec 17 settembre alle ore 19.30, verr\u00e0 presentato il progetto alla cittadinanza!!<\/p>\n<p>&nbsp;<\/p>\n<p><em><strong>CamminaMenti Puglia e.t.s.<\/strong><\/em><\/p>\n","protected":false},"excerpt":{"rendered":"<p>In collaborazione con il M.A.F.F., il progetto ha come interesse primario quello di valorizzare una testimonianza presente nel nostro territorio da centinaia di anni e per la quale si \u00e8, purtroppo, perso gradualmente l\u2019interesse: \u201cLe Specchie\u201d. &nbsp; Le Specchie sono dei manufatti messapici, a base circolare, realizzati con la sovrapposizione a secco di pietre di origine calcarea, di cui resta ignota la funzione, ma che con molta probabilit\u00e0 avevano carattere difensivo. Il territorio francavillese \u00e8 circondato da Specchie che, ancora oggi, risultano visibili e il nostro obiettivo \u00e8 proprio quello di far conoscere e divulgare l\u2019interesse per questi tesori storici, di cui pochi ancora ne apprezzano il valore. &nbsp; I nostri eventi consistono anche in visite guidate ad alcune delle masserie presenti nel contesto rurale di Francavilla Fontana! &nbsp; Gli appuntamenti si svilupperanno secondo il seguente calendario: &#8211; Domenica 22 settembre \u2013 per festeggiare e contribuire attivamente alla Settimana della Mobilit\u00e0 Sostenibile 2019, ci sar\u00e0 una ciclopasseggiata (con la propria bici) che parte alle ore 8.30 dal parcheggio del campo&#8230;<\/p>\n","protected":false},"author":2,"featured_media":160984,"comment_status":"open","ping_status":"closed","sticky":false,"template":"","format":"standard","meta":{"footnotes":""},"categories":[7],"tags":[],"class_list":["post-160983","post","type-post","status-publish","format-standard","has-post-thumbnail","hentry","category-news"],"_links":{"self":[{"href":"https:\/\/www.brundisium.net\/index.php\/wp-json\/wp\/v2\/posts\/160983","targetHints":{"allow":["GET"]}}],"collection":[{"href":"https:\/\/www.brundisium.net\/index.php\/wp-json\/wp\/v2\/posts"}],"about":[{"href":"https:\/\/www.brundisium.net\/index.php\/wp-json\/wp\/v2\/types\/post"}],"author":[{"embeddable":true,"href":"https:\/\/www.brundisium.net\/index.php\/wp-json\/wp\/v2\/users\/2"}],"replies":[{"embeddable":true,"href":"https:\/\/www.brundisium.net\/index.php\/wp-json\/wp\/v2\/comments?post=160983"}],"version-history":[{"count":1,"href":"https:\/\/www.brundisium.net\/index.php\/wp-json\/wp\/v2\/posts\/160983\/revisions"}],"predecessor-version":[{"id":160985,"href":"https:\/\/www.brundisium.net\/index.php\/wp-json\/wp\/v2\/posts\/160983\/revisions\/160985"}],"wp:featuredmedia":[{"embeddable":true,"href":"https:\/\/www.brundisium.net\/index.php\/wp-json\/wp\/v2\/media\/160984"}],"wp:attachment":[{"href":"https:\/\/www.brundisium.net\/index.php\/wp-json\/wp\/v2\/media?parent=160983"}],"wp:term":[{"taxonomy":"category","embeddable":true,"href":"https:\/\/www.brundisium.net\/index.php\/wp-json\/wp\/v2\/categories?post=160983"},{"taxonomy":"post_tag","embeddable":true,"href":"https:\/\/www.brundisium.net\/index.php\/wp-json\/wp\/v2\/tags?post=160983"}],"curies":[{"name":"wp","href":"https:\/\/api.w.org\/{rel}","templated":true}]}}