{"id":16139,"date":"2014-06-24T00:44:51","date_gmt":"2014-06-23T22:44:51","guid":{"rendered":"http:\/\/www.brundisium.net\/brun\/?p=16139"},"modified":"2014-06-24T00:49:26","modified_gmt":"2014-06-23T22:49:26","slug":"micorosa-le-motivazioni-della-denuncia-dei-no-al-carbone","status":"publish","type":"post","link":"https:\/\/www.brundisium.net\/index.php\/micorosa-le-motivazioni-della-denuncia-dei-no-al-carbone\/","title":{"rendered":"Micorosa: le motivazioni della denuncia dei No Al Carbone"},"content":{"rendered":"<p><a href=\"http:\/\/www.brundisium.net\/brun\/wp-content\/uploads\/2014\/06\/nac-230614.jpg\"><img loading=\"lazy\" decoding=\"async\" class=\"alignleft size-medium wp-image-16152\" src=\"http:\/\/www.brundisium.net\/brun\/wp-content\/uploads\/2014\/06\/nac-230614-300x199.jpg\" alt=\"nac 230614\" width=\"300\" height=\"199\" data-id=\"16152\" srcset=\"https:\/\/www.brundisium.net\/brun\/wp-content\/uploads\/2014\/06\/nac-230614-300x199.jpg 300w, https:\/\/www.brundisium.net\/brun\/wp-content\/uploads\/2014\/06\/nac-230614.jpg 960w\" sizes=\"auto, (max-width: 300px) 100vw, 300px\" \/><\/a> <a href=\"http:\/\/www.brundisium.net\/brun\/wp-content\/uploads\/2014\/06\/micorosa-nac.jpg\"><img loading=\"lazy\" decoding=\"async\" class=\"alignleft size-medium wp-image-16153\" src=\"http:\/\/www.brundisium.net\/brun\/wp-content\/uploads\/2014\/06\/micorosa-nac-300x172.jpg\" alt=\"micorosa-nac\" width=\"300\" height=\"172\" data-id=\"16153\" srcset=\"https:\/\/www.brundisium.net\/brun\/wp-content\/uploads\/2014\/06\/micorosa-nac-300x172.jpg 300w, https:\/\/www.brundisium.net\/brun\/wp-content\/uploads\/2014\/06\/micorosa-nac.jpg 941w\" sizes=\"auto, (max-width: 300px) 100vw, 300px\" \/><\/a>Si \u00e8 svolta nel pomeriggio, presso la sede in via Porta Lecce, la conferenza stampa indetta per presentare i contenuti e le motivazioni dell\u2019esposto e della diffida, entrambi aventi ad oggetto la discarica industriale denominata Micorosa, che i NO AL CARBONE hanno depositato il 19-giugno-2014 presso gli uffici della Procura della Repubblica di Brindisi.<\/p>\n<p>&nbsp;<\/p>\n<p>L\u2019esposto riguarda l\u2019area immediatamente a sud del polo petrolchimico, con una superficie di circa 50 ettari che, tra il 1962 e il 1980, \u00e8 stata utilizzata indiscriminatamente come sito per lo smaltimento dei residui di lavorazione industriale del Petrolchimico; fanghi tossici e ceneri per un volume di circa 1,5 milioni di metri cubi.<\/p>\n<p>A seguito dai dati emersi dalla caratterizzazione effettuate nel 2010, nel 2011 la zona \u00e8 stata interdetta al pubblico per gli elevati livelli di sostanze inquinanti presenti, nelle quali emergono eclatanti valori di inquinanti milioni di volte superiori ai limiti imposti dalla legge, con conseguente contaminazione di suolo, falda e ambiente marino.<\/p>\n<p>Caratterizzazioni effettuate su incarico del comune di Brindisi e quindi con soldi pubblici. Nel 2013 la Provincia di Brindisi ha diffidato le aziende coinvolte alla messa in sicurezza dell\u2019area, tale ordinanza per\u00f2 \u00e8 stata annullata dal Tar di Lecce che ha individuato nel Ministero dell\u2019Ambiente, l\u2019Ente competente per l\u2019emanazione dell\u2019atto.<\/p>\n<p>Tuttavia nella stessa sentenza oltre a confermare le motivazioni dell\u2019ordinanza vengono anche individuate come responsabili due aziende controllate dall\u2019 ENI, la Syndial spa e la Versalis spa.<\/p>\n<p>Nello specifico le societ\u00e0 indicate nell\u2019ordinanza sono state individuate come responsabili dello stato di inquinamento e pertanto si dovranno fare interamente carico degli oneri di bonifica come prescrive la Legge, in coerenza con il principio di \u201cchi inquina paga\u201d.<\/p>\n<p>Infatti pur se proprietarie a vario tiolo e\/o gestione e per periodi di tempo diversi, non hanno provveduto al suo disinquinamento neanche a livello minimo, n\u00e9 hanno attivato interventi di messa in sicurezza per arginare il fenomeno di contaminazione dei terreni e della falda.<br \/>\nPer queste ragioni\u00a0i Nac hanno\u00a0chiesto alla Procura un immediato intervento al fine di valutare l\u2019esistenza di reati, responsabilit\u00e0, ed eventuali danni erariali.<\/p>\n<p>Oltre a questo esposto e stata inviata anche una diffida al Ministero dell\u2019Ambiente, l\u2019Ente individuato dal Tar come competente.<\/p>\n<p>Nel documento si ritiene non corretto l\u2019Iter amministrativo che ha portato alla stipula dell\u2019accordo di programma del 2007, tra l\u2019altro neanche sottoposto a VAS (valutazione ambientale strategica).<\/p>\n<p>Ricordiamo che il decreto legislativo 152\/2006 prevede che i programmi approvati senza VAS sono da ritenersi nulli, e inoltre espongono lo Stato italiano ad una procedura di infrazione da parte dell\u2019Unione Europea.<\/p>\n<p>I\u00a0NAC\u00a0chiedono di conoscere i motivi per cui il progetto di messa in sicurezza e bonifica della falda predisposto da SOGESID &#8211; gi\u00e0 pubblicato sul sito di portale ambiente della regione Puglia &#8211; non non \u00e8 stato pi\u00f9 sottoposto a VIA (valutazione d\u2019impatto ambientale).<\/p>\n<p>Chiedono inoltre di conoscere se il Ministero dell\u2019Ambiente abbia notificato ai responsabili i provvedimenti aventi gli stessi contenuti della nota della Provincia annullata dal Tar di Lecce. Qualora il ministero non abbia operato in tal senso la nota inviata \u00e8 da intendersi come diffida ad operare.<\/p>\n<p>I NAC fanno presente che nell\u2019analoga situazione di Bussi il Ministero ha proceduto in maniera differente, intimando alle aziende la rimozione dei rifiuti e la bonifica dell\u2019area. In virt\u00f9 del decreto legislativo 195\/2005 chiediamo che siano resi pubblici i risultati di tutti i monitoraggi ambientali, anche per una trasparente valutazione dell\u2019efficacia degli interventi effettuati.<\/p>\n<p>&nbsp;<\/p>\n<p>Al margine della conferenza stampa \u00e8 stato rinnovato l\u2019invito ai giornalisti a partecipare alla visita dell&#8217;Area di Micorosa che si terr\u00e0 venerd\u00ec 27 alle ore 10.30 insieme ad alcuni giornalisti e una delegazione del comitato di Bussi.<\/p>\n<p>&nbsp;<\/p>\n<p>Sempre venerd\u00ec 27 alle 18.00, nel Piazzale antistante il Teatro Verdi a Brindisi, si svolger\u00e0 un meeting promosso da No al Carbone Brindisi dal titolo \u201cSulla via di Micorosa e Bussi &#8211; Discariche industriali, quali soluzioni?\u201d.<\/p>\n<p>Moderer\u00e0 l&#8217;incontro TIZIANA COLLUTO, Giornalista-collaboratrice de ilfattoquotidiano e interverranno ANGELO SEMERANO, Ingegnere ambientale, AUGUSTO DE SANCTIS del Forum abruzzese movimenti per l\u2019acqua, MAURIZIO PORTALURI, Medico Oncologo, ROSANGELA CHIRICO, figlia di vittima del Petrolchimico.<\/p>\n<p>A conclusione dell&#8217;evento ci sar\u00e0 una proiezione del video-inchiesta a cura di Emiliano Buffo e Tiziana Colluto pubblicato sulla testata on line del Fatto Quotidiano il 14 marzo 2014, ed un recente reportage fotografico di Ida Santoro.<br \/>\nLa settimana successiva, venerd\u00ec 4 luglio, analogo incontro pubblico sar\u00e0 svolto a Bussi-Piano d&#8217;Orta (Pescara) con la presenza dei No al <a href=\"https:\/\/app.box.com\/s\/s2j6z44g60n06jgrqtj0\">Carbone.<\/a><\/p>\n<p><a href=\"https:\/\/app.box.com\/s\/s2j6z44g60n06jgrqtj0\">\u00a0<\/a><\/p>\n<p><a href=\"https:\/\/app.box.com\/s\/s2j6z44g60n06jgrqtj0\">Clicca qui per l&#8217;esposto presentato dai NAC<\/a><\/p>\n<p><a href=\"https:\/\/app.box.com\/s\/m1q4ztxixw5ehgq3a7in\">Clicca qui per la diffida presenta dai NAC<\/a><\/p>\n","protected":false},"excerpt":{"rendered":"<p>Si \u00e8 svolta nel pomeriggio, presso la sede in via Porta Lecce, la conferenza stampa indetta per presentare i contenuti e le motivazioni dell\u2019esposto e della diffida, entrambi aventi ad oggetto la discarica industriale denominata Micorosa, che i NO AL CARBONE hanno depositato il 19-giugno-2014 presso gli uffici della Procura della Repubblica di Brindisi. &nbsp; L\u2019esposto riguarda l\u2019area immediatamente a sud del polo petrolchimico, con una superficie di circa 50 ettari che, tra il 1962 e il 1980, \u00e8 stata utilizzata indiscriminatamente come sito per lo smaltimento dei residui di lavorazione industriale del Petrolchimico; fanghi tossici e ceneri per un volume di circa 1,5 milioni di metri cubi. A seguito dai dati emersi dalla caratterizzazione effettuate nel 2010, nel 2011 la zona \u00e8 stata interdetta al pubblico per gli elevati livelli di sostanze inquinanti presenti, nelle quali emergono eclatanti valori di inquinanti milioni di volte superiori ai limiti imposti dalla legge, con conseguente contaminazione di suolo, falda e ambiente marino. Caratterizzazioni effettuate su incarico del comune di Brindisi e quindi&#8230;<\/p>\n","protected":false},"author":2,"featured_media":16152,"comment_status":"open","ping_status":"open","sticky":false,"template":"","format":"standard","meta":{"footnotes":""},"categories":[7],"tags":[781,252],"class_list":["post-16139","post","type-post","status-publish","format-standard","has-post-thumbnail","hentry","category-news","tag-micorosa","tag-nac"],"_links":{"self":[{"href":"https:\/\/www.brundisium.net\/index.php\/wp-json\/wp\/v2\/posts\/16139","targetHints":{"allow":["GET"]}}],"collection":[{"href":"https:\/\/www.brundisium.net\/index.php\/wp-json\/wp\/v2\/posts"}],"about":[{"href":"https:\/\/www.brundisium.net\/index.php\/wp-json\/wp\/v2\/types\/post"}],"author":[{"embeddable":true,"href":"https:\/\/www.brundisium.net\/index.php\/wp-json\/wp\/v2\/users\/2"}],"replies":[{"embeddable":true,"href":"https:\/\/www.brundisium.net\/index.php\/wp-json\/wp\/v2\/comments?post=16139"}],"version-history":[{"count":3,"href":"https:\/\/www.brundisium.net\/index.php\/wp-json\/wp\/v2\/posts\/16139\/revisions"}],"predecessor-version":[{"id":16154,"href":"https:\/\/www.brundisium.net\/index.php\/wp-json\/wp\/v2\/posts\/16139\/revisions\/16154"}],"wp:featuredmedia":[{"embeddable":true,"href":"https:\/\/www.brundisium.net\/index.php\/wp-json\/wp\/v2\/media\/16152"}],"wp:attachment":[{"href":"https:\/\/www.brundisium.net\/index.php\/wp-json\/wp\/v2\/media?parent=16139"}],"wp:term":[{"taxonomy":"category","embeddable":true,"href":"https:\/\/www.brundisium.net\/index.php\/wp-json\/wp\/v2\/categories?post=16139"},{"taxonomy":"post_tag","embeddable":true,"href":"https:\/\/www.brundisium.net\/index.php\/wp-json\/wp\/v2\/tags?post=16139"}],"curies":[{"name":"wp","href":"https:\/\/api.w.org\/{rel}","templated":true}]}}