{"id":161808,"date":"2019-10-02T13:09:17","date_gmt":"2019-10-02T11:09:17","guid":{"rendered":"http:\/\/www.brundisium.net\/?p=161808"},"modified":"2019-10-19T17:22:46","modified_gmt":"2019-10-19T15:22:46","slug":"grandi-cene-dautore-domenica-6-anthony-genovese-nel-ristorante-due-camini","status":"publish","type":"post","link":"https:\/\/www.brundisium.net\/index.php\/grandi-cene-dautore-domenica-6-anthony-genovese-nel-ristorante-due-camini\/","title":{"rendered":"Gentile (CNA): &#8220;parte del confronto con Enel una nuova stagione per le imprese. Mai pi\u00f9 appalti al ribasso&#8221;"},"content":{"rendered":"<p>A margine dell\u2019incontro svoltosi presso la sede di Confindustria Brindisi, alla presenza di una qualificata rappresentanza dell\u2019Enel, il Presidente della CNA della provincia di Brindisi Franco Gentile intende sottolineare gli importanti passi in avanti compiuti in direzione di una nuova stagione di protagonismo del sistema delle imprese del comparto industriale brindisino.<\/p>\n<p>&nbsp;<\/p>\n<p>\u201cCon Enel \u2013 afferma Gentile \u2013 abbiamo avviato da mesi una proficua fase di confronto, anche in vista di investimenti importanti che si rendono necessari per la costruzione a Cerano della nuova centrale a Turbogas. L\u2019incontro, tenutosi nei giorni scorsi, ha fatto registrare un ulteriore risultato positivo strettamente collegato alla presentazione delle \u2018capacity strategy\u2019 relativo a quanto accadr\u00e0 a Brindisi a partire dai prossimi mesi.<br \/>\nAbbiamo avuto modo di riscontrare, infatti, una effettiva volont\u00e0 di ascolto di questa grande committente, presente sul nostro territorio, nei confronti del sistema imprenditoriale locale che mai come oggi vive una condizione di estremo disagio, nonostante le effettive capacit\u00e0 e competenze che ha sempre espresso e che continua a detenere nel proprio \u2018dna\u2019 per esperienza e storia.<\/p>\n<p>Proprio per questo \u2013 e sulla base della disponibilit\u00e0 riscontrata da parte di Enel \u2013 abbiamo formulato delle proposte che consentirebbero \u2013 laddove venissero attuate \u2013 di determinare una svolta epocale a vantaggio delle imprese di questo territorio. Mi riferisco, in particolare, all\u2019inserimento, negli ormai imminenti bandi di gara, di un \u2018coefficiente premiante\u2019 per le imprese del territorio o per le imprese che presenteranno l&#8217;offerta in ATI (Associazioni Temporanee di Impresa) con una presenza significativa di imprese locali al proprio interno.<\/p>\n<p>Un altro \u2018coefficiente premiante\u2019 dovr\u00e0 essere riservato sempre alle stesse ATI o a qualsiasi altro offerente che si impegnasse, gi\u00e0 in fase di gara, ad affidare commesse in subappalto ad imprese del territorio brindisino.<br \/>\nE\u2019 evidente che la sommatoria di tali impegni potr\u00e0 risultare determinante per l\u2019aggiudicazione delle gare da parte delle stesse ATI.<br \/>\nMa non \u00e8 tutto \u2013 aggiunge Gentile \u2013 visto che ad Enel abbiamo chiesto un altro impegno preciso:<br \/>\nEssere al nostro fianco perch\u00e8 non ci siano mai pi\u00f9 gare al massimo ribasso in questo territorio!<br \/>\nE\u2019 da tempo, che, anche in settori collegati al \u2018pubblico\u2019, si sceglie la strada delle offerte cosidette pi\u00f9 congrue per evitare che i lavori vengano svolti in maniera approssimativa e che le aziende finiscano per piombare in una crisi economica irreversibile, come purtroppo \u00e8 gi\u00e0 accaduto in questa citt\u00e0.<\/p>\n<p>All\u2019Enel, infine, abbiamo chiesto di fornire un ulteriore contributo utile alla ripresa del comparto industriale brindisino.<\/p>\n<p>Il tutto, attraverso la cancellazione di uno strumento che \u00e8 risultato, nel tempo, estremamente dannoso: mi riferisco ai \u2018rilanci\u2019, con conseguenti ulteriori ribassi del valore dell&#8217;offerta gi\u00e0 presentata. E quindi chi proporr\u00e0 le migliori condizioni tecnico-economiche dovr\u00e0 aggiudicarsi le gare, senza subire ulteriori penalizzazioni. A fronte di tutto questo, ci \u00e8 sembrato di raccogliere un atteggiamento estremamente positivo e costruttivo da parte dei rappresentanti del colosso energetico presenti al tavolo. Un motivo in pi\u00f9 per intensificare, gi\u00e0 a partire dai prossimi giorni \u2013 conclude Gentile \u2013 in questa fase delicata dell\u2019economia industriale brindisina il confronto, dal cui esito dipende il nostro futuro&#8221;.<\/p>\n","protected":false},"excerpt":{"rendered":"<p>A margine dell\u2019incontro svoltosi presso la sede di Confindustria Brindisi, alla presenza di una qualificata rappresentanza dell\u2019Enel, il Presidente della CNA della provincia di Brindisi Franco Gentile intende sottolineare gli importanti passi in avanti compiuti in direzione di una nuova stagione di protagonismo del sistema delle imprese del comparto industriale brindisino. &nbsp; \u201cCon Enel \u2013 afferma Gentile \u2013 abbiamo avviato da mesi una proficua fase di confronto, anche in vista di investimenti importanti che si rendono necessari per la costruzione a Cerano della nuova centrale a Turbogas. L\u2019incontro, tenutosi nei giorni scorsi, ha fatto registrare un ulteriore risultato positivo strettamente collegato alla presentazione delle \u2018capacity strategy\u2019 relativo a quanto accadr\u00e0 a Brindisi a partire dai prossimi mesi. Abbiamo avuto modo di riscontrare, infatti, una effettiva volont\u00e0 di ascolto di questa grande committente, presente sul nostro territorio, nei confronti del sistema imprenditoriale locale che mai come oggi vive una condizione di estremo disagio, nonostante le effettive capacit\u00e0 e competenze che ha sempre espresso e che continua a detenere nel proprio \u2018dna\u2019&#8230;<\/p>\n","protected":false},"author":2,"featured_media":113525,"comment_status":"open","ping_status":"closed","sticky":false,"template":"","format":"standard","meta":{"footnotes":""},"categories":[7],"tags":[],"class_list":["post-161808","post","type-post","status-publish","format-standard","has-post-thumbnail","hentry","category-news"],"_links":{"self":[{"href":"https:\/\/www.brundisium.net\/index.php\/wp-json\/wp\/v2\/posts\/161808","targetHints":{"allow":["GET"]}}],"collection":[{"href":"https:\/\/www.brundisium.net\/index.php\/wp-json\/wp\/v2\/posts"}],"about":[{"href":"https:\/\/www.brundisium.net\/index.php\/wp-json\/wp\/v2\/types\/post"}],"author":[{"embeddable":true,"href":"https:\/\/www.brundisium.net\/index.php\/wp-json\/wp\/v2\/users\/2"}],"replies":[{"embeddable":true,"href":"https:\/\/www.brundisium.net\/index.php\/wp-json\/wp\/v2\/comments?post=161808"}],"version-history":[{"count":3,"href":"https:\/\/www.brundisium.net\/index.php\/wp-json\/wp\/v2\/posts\/161808\/revisions"}],"predecessor-version":[{"id":162715,"href":"https:\/\/www.brundisium.net\/index.php\/wp-json\/wp\/v2\/posts\/161808\/revisions\/162715"}],"wp:featuredmedia":[{"embeddable":true,"href":"https:\/\/www.brundisium.net\/index.php\/wp-json\/wp\/v2\/media\/113525"}],"wp:attachment":[{"href":"https:\/\/www.brundisium.net\/index.php\/wp-json\/wp\/v2\/media?parent=161808"}],"wp:term":[{"taxonomy":"category","embeddable":true,"href":"https:\/\/www.brundisium.net\/index.php\/wp-json\/wp\/v2\/categories?post=161808"},{"taxonomy":"post_tag","embeddable":true,"href":"https:\/\/www.brundisium.net\/index.php\/wp-json\/wp\/v2\/tags?post=161808"}],"curies":[{"name":"wp","href":"https:\/\/api.w.org\/{rel}","templated":true}]}}