{"id":161820,"date":"2019-10-02T14:37:55","date_gmt":"2019-10-02T12:37:55","guid":{"rendered":"http:\/\/www.brundisium.net\/?p=161820"},"modified":"2019-10-02T14:43:23","modified_gmt":"2019-10-02T12:43:23","slug":"al-via-i-lavori-di-ristrutturazione-e-restauro-del-salone-dei-sindaci","status":"publish","type":"post","link":"https:\/\/www.brundisium.net\/index.php\/al-via-i-lavori-di-ristrutturazione-e-restauro-del-salone-dei-sindaci\/","title":{"rendered":"Ostuni al via i lavori di ristrutturazione e restauro del Salone dei Sindaci a Palazzo San Francesco"},"content":{"rendered":"<p><img loading=\"lazy\" decoding=\"async\" class=\"alignleft size-medium wp-image-161821\" src=\"http:\/\/www.brundisium.net\/brun\/wp-content\/uploads\/2019\/10\/palazzo-san-francesco-1-300x225.jpeg\" alt=\"\" width=\"300\" height=\"225\" srcset=\"https:\/\/www.brundisium.net\/brun\/wp-content\/uploads\/2019\/10\/palazzo-san-francesco-1-300x225.jpeg 300w, https:\/\/www.brundisium.net\/brun\/wp-content\/uploads\/2019\/10\/palazzo-san-francesco-1-768x576.jpeg 768w, https:\/\/www.brundisium.net\/brun\/wp-content\/uploads\/2019\/10\/palazzo-san-francesco-1-1024x768.jpeg 1024w, https:\/\/www.brundisium.net\/brun\/wp-content\/uploads\/2019\/10\/palazzo-san-francesco-1.jpeg 1600w\" sizes=\"auto, (max-width: 300px) 100vw, 300px\" \/><\/p>\n<p>Nella giornata di ieri sono partiti ufficialmente i lavori di ristrutturazione e restauro del Salone dei Sindaci del Palazzo di Citt\u00e0.<\/p>\n<p>L\u2019intervento prevede la sostituzione della carta da parati, la ristrutturazione degli infissi, l\u2019istallazione di un impianto di climatizzazione e di amplificazione, la riqualificazione della ringhiera presente sul balcone prospiciente piazza della Libert\u00e0, la sistemazione della torretta dell\u2019orologio con il ripristino della storica bandiera in ferro che indicava la direzione del vento e manutenzione straordinaria del lastrico solare.<\/p>\n<p>&nbsp;<\/p>\n<p>\u201cDa anni la citt\u00e0 attendeva questa opera cos\u00ec importante per il luogo sul quale si interviene. \u2013 ha detto Giuseppe Francioso, assessore ai lavori pubblici \u2013 Il Salone dei Sindaci, infatti, oltre a essere il contenitore del pi\u00f9 alto consesso democratico cittadino, il Consiglio Comunale, \u00e8 anche luogo di rappresentanza importante per la nostra citt\u00e0, all\u2019interno del quale si svolgono matrimoni civili e prestigiose conferenze. Il nostro ringraziamento va anche all\u2019ex assessore Francesco Palmisano che ha avviato l\u2019iter per l\u2019avvio di questo intervento.\u201d I lavori dureranno dai 3 ai 4 mesi.<\/p>\n<p>&nbsp;<\/p>\n<p>Vista la chiusura al pubblico del Salone dei Sindaci, la segreteria del Sindaco \u00e8 stata spostata al piano terra di Palazzo di Citt\u00e0 presso i locali che in passato ospitavano l\u2019Ufficio di Stato civile, mentre la stanza del Sindaco sar\u00e0 ubicata presso l\u2019ex ufficio matrimoni sempre nel Chiostro San Francesco.<\/p>\n<p>&nbsp;<\/p>\n<p><em><strong>Comune di Ostuni &#8211; Ufficio stampa<\/strong><\/em><\/p>\n","protected":false},"excerpt":{"rendered":"<p>Nella giornata di ieri sono partiti ufficialmente i lavori di ristrutturazione e restauro del Salone dei Sindaci del Palazzo di Citt\u00e0. L\u2019intervento prevede la sostituzione della carta da parati, la ristrutturazione degli infissi, l\u2019istallazione di un impianto di climatizzazione e di amplificazione, la riqualificazione della ringhiera presente sul balcone prospiciente piazza della Libert\u00e0, la sistemazione della torretta dell\u2019orologio con il ripristino della storica bandiera in ferro che indicava la direzione del vento e manutenzione straordinaria del lastrico solare. &nbsp; \u201cDa anni la citt\u00e0 attendeva questa opera cos\u00ec importante per il luogo sul quale si interviene. \u2013 ha detto Giuseppe Francioso, assessore ai lavori pubblici \u2013 Il Salone dei Sindaci, infatti, oltre a essere il contenitore del pi\u00f9 alto consesso democratico cittadino, il Consiglio Comunale, \u00e8 anche luogo di rappresentanza importante per la nostra citt\u00e0, all\u2019interno del quale si svolgono matrimoni civili e prestigiose conferenze. Il nostro ringraziamento va anche all\u2019ex assessore Francesco Palmisano che ha avviato l\u2019iter per l\u2019avvio di questo intervento.\u201d I lavori dureranno dai 3 ai 4 mesi&#8230;.<\/p>\n","protected":false},"author":2,"featured_media":161822,"comment_status":"open","ping_status":"closed","sticky":false,"template":"","format":"standard","meta":{"footnotes":""},"categories":[7],"tags":[],"class_list":["post-161820","post","type-post","status-publish","format-standard","has-post-thumbnail","hentry","category-news"],"_links":{"self":[{"href":"https:\/\/www.brundisium.net\/index.php\/wp-json\/wp\/v2\/posts\/161820","targetHints":{"allow":["GET"]}}],"collection":[{"href":"https:\/\/www.brundisium.net\/index.php\/wp-json\/wp\/v2\/posts"}],"about":[{"href":"https:\/\/www.brundisium.net\/index.php\/wp-json\/wp\/v2\/types\/post"}],"author":[{"embeddable":true,"href":"https:\/\/www.brundisium.net\/index.php\/wp-json\/wp\/v2\/users\/2"}],"replies":[{"embeddable":true,"href":"https:\/\/www.brundisium.net\/index.php\/wp-json\/wp\/v2\/comments?post=161820"}],"version-history":[{"count":2,"href":"https:\/\/www.brundisium.net\/index.php\/wp-json\/wp\/v2\/posts\/161820\/revisions"}],"predecessor-version":[{"id":161824,"href":"https:\/\/www.brundisium.net\/index.php\/wp-json\/wp\/v2\/posts\/161820\/revisions\/161824"}],"wp:featuredmedia":[{"embeddable":true,"href":"https:\/\/www.brundisium.net\/index.php\/wp-json\/wp\/v2\/media\/161822"}],"wp:attachment":[{"href":"https:\/\/www.brundisium.net\/index.php\/wp-json\/wp\/v2\/media?parent=161820"}],"wp:term":[{"taxonomy":"category","embeddable":true,"href":"https:\/\/www.brundisium.net\/index.php\/wp-json\/wp\/v2\/categories?post=161820"},{"taxonomy":"post_tag","embeddable":true,"href":"https:\/\/www.brundisium.net\/index.php\/wp-json\/wp\/v2\/tags?post=161820"}],"curies":[{"name":"wp","href":"https:\/\/api.w.org\/{rel}","templated":true}]}}