{"id":161850,"date":"2019-10-03T11:18:12","date_gmt":"2019-10-03T09:18:12","guid":{"rendered":"http:\/\/www.brundisium.net\/?p=161850"},"modified":"2019-10-03T14:19:37","modified_gmt":"2019-10-03T12:19:37","slug":"attivata-la-sezione-primavera-presso-lasilo-nido-comunale-di-mesagne","status":"publish","type":"post","link":"https:\/\/www.brundisium.net\/index.php\/attivata-la-sezione-primavera-presso-lasilo-nido-comunale-di-mesagne\/","title":{"rendered":"Attivata la &#8220;Sezione Primavera&#8221; presso l&#8217;Asilo Nido comunale di Mesagne"},"content":{"rendered":"<p>L\u2019Amministrazione comunale ha approvato l\u2019attivazione di una \u201cSezione Primavera\u201d presso l\u2019asilo nido comunale \u201cVincenzo Cavaliere\u201d per l\u2019anno scolastico 2019-2020.<\/p>\n<p>&nbsp;<\/p>\n<p>\u201cSi intende dare una risposta concreta alla accertata necessit\u00e0 di potenziamento dell\u2019accoglienza. Tale necessit\u00e0 \u00e8 attestata dalla lista d\u2019attesa creatasi in occasione della graduatoria definitiva di accesso al servizio di asilo nido. Implementando il numero di bambini che potranno frequentare l\u2019asilo, siamo certi di offrire un servizio di qualit\u00e0 utile e atteso. La fascia di et\u00e0 interessata \u00e8 quella per la quale vi \u00e8 maggior richiesta di servizi educativi da parte delle famiglie. Il potenziale educativo di tale tipologia di servizio determina una importante domanda di fruizione\u201d ha spiegato il Sindaco Toni Matarrelli. La classe sar\u00e0 composta da bambini di et\u00e0 compresa tra i 24 e i 36 mesi e la frequenza sar\u00e0 garantita fino al 31 luglio 2020. \u201cCi siamo attivati \u2013 ha spiegato l\u2019assessore ai Servizi Educativi Anna Maria Scalera \u2013 per impiegare le risorse assegnate dal MIUR al Comune di Mesagne. Tali fondi sono destinati alle spese di gestione delle sezioni aggregate alle Scuole dell\u2019infanzia comunali e statali non iscritte al catalogo dell\u2019offerta per la fruizione di buoni presso servizi gi\u00e0 autorizzati. Nella sezione primavera si assicura un contesto dedicato ai bambini rispettoso dei ritmi di ciascuno di loro, delle esigenze di cura e apprendimento che in questa fase dell\u2019et\u00e0 evolutiva assumono particolare rilevanza, influendo sul futuro del soggetto in crescita\u201d.<\/p>\n","protected":false},"excerpt":{"rendered":"<p>L\u2019Amministrazione comunale ha approvato l\u2019attivazione di una \u201cSezione Primavera\u201d presso l\u2019asilo nido comunale \u201cVincenzo Cavaliere\u201d per l\u2019anno scolastico 2019-2020. &nbsp; \u201cSi intende dare una risposta concreta alla accertata necessit\u00e0 di potenziamento dell\u2019accoglienza. Tale necessit\u00e0 \u00e8 attestata dalla lista d\u2019attesa creatasi in occasione della graduatoria definitiva di accesso al servizio di asilo nido. Implementando il numero di bambini che potranno frequentare l\u2019asilo, siamo certi di offrire un servizio di qualit\u00e0 utile e atteso. La fascia di et\u00e0 interessata \u00e8 quella per la quale vi \u00e8 maggior richiesta di servizi educativi da parte delle famiglie. Il potenziale educativo di tale tipologia di servizio determina una importante domanda di fruizione\u201d ha spiegato il Sindaco Toni Matarrelli. La classe sar\u00e0 composta da bambini di et\u00e0 compresa tra i 24 e i 36 mesi e la frequenza sar\u00e0 garantita fino al 31 luglio 2020. \u201cCi siamo attivati \u2013 ha spiegato l\u2019assessore ai Servizi Educativi Anna Maria Scalera \u2013 per impiegare le risorse assegnate dal MIUR al Comune di Mesagne. Tali fondi sono destinati alle spese&#8230;<\/p>\n","protected":false},"author":2,"featured_media":2140,"comment_status":"open","ping_status":"closed","sticky":false,"template":"","format":"standard","meta":{"footnotes":""},"categories":[7],"tags":[],"class_list":["post-161850","post","type-post","status-publish","format-standard","has-post-thumbnail","hentry","category-news"],"_links":{"self":[{"href":"https:\/\/www.brundisium.net\/index.php\/wp-json\/wp\/v2\/posts\/161850","targetHints":{"allow":["GET"]}}],"collection":[{"href":"https:\/\/www.brundisium.net\/index.php\/wp-json\/wp\/v2\/posts"}],"about":[{"href":"https:\/\/www.brundisium.net\/index.php\/wp-json\/wp\/v2\/types\/post"}],"author":[{"embeddable":true,"href":"https:\/\/www.brundisium.net\/index.php\/wp-json\/wp\/v2\/users\/2"}],"replies":[{"embeddable":true,"href":"https:\/\/www.brundisium.net\/index.php\/wp-json\/wp\/v2\/comments?post=161850"}],"version-history":[{"count":1,"href":"https:\/\/www.brundisium.net\/index.php\/wp-json\/wp\/v2\/posts\/161850\/revisions"}],"predecessor-version":[{"id":161851,"href":"https:\/\/www.brundisium.net\/index.php\/wp-json\/wp\/v2\/posts\/161850\/revisions\/161851"}],"wp:featuredmedia":[{"embeddable":true,"href":"https:\/\/www.brundisium.net\/index.php\/wp-json\/wp\/v2\/media\/2140"}],"wp:attachment":[{"href":"https:\/\/www.brundisium.net\/index.php\/wp-json\/wp\/v2\/media?parent=161850"}],"wp:term":[{"taxonomy":"category","embeddable":true,"href":"https:\/\/www.brundisium.net\/index.php\/wp-json\/wp\/v2\/categories?post=161850"},{"taxonomy":"post_tag","embeddable":true,"href":"https:\/\/www.brundisium.net\/index.php\/wp-json\/wp\/v2\/tags?post=161850"}],"curies":[{"name":"wp","href":"https:\/\/api.w.org\/{rel}","templated":true}]}}