{"id":161905,"date":"2019-10-04T18:45:52","date_gmt":"2019-10-04T16:45:52","guid":{"rendered":"http:\/\/www.brundisium.net\/?p=161905"},"modified":"2019-10-04T18:32:04","modified_gmt":"2019-10-04T16:32:04","slug":"161905","status":"publish","type":"post","link":"https:\/\/www.brundisium.net\/index.php\/161905\/","title":{"rendered":"Settimana Nazionale della Dislessia 2019: gli eventi"},"content":{"rendered":"<p>Associazione Italiana Dislessia (AID) annuncia l&#8217;avvio della 4\u00b0 edizione della Settimana Nazionale della Dislessia, che si terr\u00e0 dal 7 al 13 ottobre 2019, in concomitanza con la European Dyslexia Awareness Week, promossa dalla European Dyslexia Association (EDA)<\/p>\n<p>Come per le scorse edizioni, anche quest\u2019anno \u00e8 previsto un articolato programma di eventi di informazione e sensibilizzazione, organizzato su tutto il territorio nazionale da oltre 1.000 volontari, parte di 95 sezioni provinciali AID, in collaborazione con 300 tra enti pubblici e istituti scolastici.<\/p>\n<p>Il fil rouge della manifestazione quest\u2019anno \u00e8 \u201cDiversi e Uguali: promuoviamo l\u2019equit\u00e0\u201d a sottolineare il valore della diversit\u00e0 di ogni persona, da tutelare attraverso pari diritti e opportunit\u00e0, per una societ\u00e0 realmente inclusiva.<\/p>\n<p>&nbsp;<\/p>\n<p>Di seguito gli eventi in evidenza:<\/p>\n<p><strong>Marted\u00ec 8 ottobre, ore 16.30 &#8211; 20.00<\/strong><\/p>\n<p>LA SCUOLA INCLUSIVA: SUPPORTI ALLA DIDATTICA<br \/>\nPalazzo Nervegna, via Duomo \u2013 Brindisi<\/p>\n<p>PROGRAMMA:<\/p>\n<p>\u2022 16,30 \u2013 17,00 REGISTRAZIONE PARTECIPANTI<br \/>\n\u2022 17,00 \u2013 17,15 SALUTI INIZIALI<br \/>\n\u2022 17,15 \u2013 17,45 Il ruolo del SSN nella presa in carico e gestione dei DSA relatrice: dott.ssa Perrone Antonietta, psicologa, socia aid in servizio presso \u201cLa Nostra Famiglia\u201d<br \/>\n\u2022 17,45 \u2013 18,30 Il curriculo inclusivo: esempi e strategie relatrice: Trevisi Bernardetta docente formatrice aid<br \/>\n\u2022 18,30 \u2013 19,15 che stile!? apprendimento efficace della matematica relatrice: Saponaro Manuela docente formatrice aid<br \/>\n\u2022 19,15 \u2013 19,30 ruolo dell&#8217;aid sul territorio relatrice: Perrone Anna coordinatrice Aid Puglia<\/p>\n<p>Incontro rivolto a studenti, genitori, docenti<br \/>\nINGRESSO GRATUITO.<br \/>\nVerr\u00e0 rilasciato attestato partecipazione<br \/>\n\u00c8 richiesta iscrizione online<\/p>\n<p>&nbsp;<\/p>\n<p><strong>Venerd\u00ec 11 ottobre, ore 9.30 &#8211; 12.30<\/strong><br \/>\nVE LA RACCONTO IO LA MIA DISLESSIA<\/p>\n<p>Aula Magna &#8211; Scuola Marzabotto di Brindisi<br \/>\nInterventi e testimonianze dei giovani dislessici: Antonio Allegretta, Simone De Florio, Adriana Sardano, Giuseppe Renna, Andrea Mulise<br \/>\n\u2022Incontro RISERVATO a studenti e docenti dell\u2019Istituto ospitante<\/p>\n<p>&nbsp;<\/p>\n<p><strong>Sabato 12 ottobre 2019, dalle ore 18:00 alle 20:00<\/strong><\/p>\n<p>Evento Regionale AID Puglia<br \/>\nNON SOLO SUI BANCHI DI SCUOLA: A TEATRO CON LA DISLESSIA<br \/>\nTeatro Don Luigi Sturzo, Via Pozzo Marrone, 86 Bis &#8211; Bisceglie (BT)<br \/>\nUna rappresentazione della pi\u00e8ce teatrale \u201cDislessia\u2026Dove sei Albert\u201d scritta, diretta e interpretata da Francesco Riva<br \/>\nINGRESSO GRATUITO. \u00c8 richiesta iscrizione online sul sito barlettaandriatrani.aiditalia.org<\/p>\n<p>&nbsp;<\/p>\n<p><strong>Domenica 13 ottobre, ore 16.00 \u2013 21.00<\/strong><\/p>\n<p>AID IN PIAZZA<br \/>\nPiazza della Vittoria di Brindisi<br \/>\nStand informativo a cura dei volontari della sezione di Brindisi con intrattenimento degli artisti di strada.<br \/>\nEVENTO LIBERO, GRATUITO ED APERTO A TUTTI<\/p>\n<p>&nbsp;<\/p>\n<p>Per maggiori informazioni ed iscrizioni: https:\/\/brindisi.aiditalia.org\/it\/news-ed-eventi\/settimana-nazionale-della-dislessia-2019-brindisi<\/p>\n<p>&nbsp;<\/p>\n<p>Per una donazione e per sostenere le attivit\u00e0 dell\u2019Associazione Italiana Dislessia: http:\/\/aiditalia.org\/it\/sostienici. Tutte le donazioni a favore di AID sono <em>fiscalmente deducibili o detraibili.<\/em><\/p>\n<p>&nbsp;<\/p>\n<p><em>AID: Associazione Italiana Dislessia ( http:\/\/www.aiditalia.org\/it\/ )<\/em><br \/>\n<em>AID &#8211; Associazione Italiana Dislessia &#8211; nasce con la volont\u00e0 di fare crescere la consapevolezza e la sensibilit\u00e0 verso il disturbo della dislessia evolutiva, che in Italia si stima riguardi circa 1.900.000 persone. L\u2019Associazione conta oltre 18.000 soci e 98 sezioni attive distribuite su tutto il territorio nazionale. AID lavora per approfondire la conoscenza dei DSA e promuovere la ricerca, accrescere gli strumenti e migliorare le metodologie nella scuola, affrontare e risolvere le problematiche sociali legate ai DSA. L\u2019Associazione \u00e8 aperta ai genitori e familiari di bambini dislessici, ai dislessici adulti, agli insegnanti e ai tecnici (logopedisti, psicologi, medici).<\/em><\/p>\n<p>&nbsp;<\/p>\n<p>&nbsp;<\/p>\n<p><em><strong>Ufficio Stampa AID &#8211; LIFE<\/strong><\/em><\/p>\n<p>&nbsp;<\/p>\n","protected":false},"excerpt":{"rendered":"<p>Associazione Italiana Dislessia (AID) annuncia l&#8217;avvio della 4\u00b0 edizione della Settimana Nazionale della Dislessia, che si terr\u00e0 dal 7 al 13 ottobre 2019, in concomitanza con la European Dyslexia Awareness Week, promossa dalla European Dyslexia Association (EDA) Come per le scorse edizioni, anche quest\u2019anno \u00e8 previsto un articolato programma di eventi di informazione e sensibilizzazione, organizzato su tutto il territorio nazionale da oltre 1.000 volontari, parte di 95 sezioni provinciali AID, in collaborazione con 300 tra enti pubblici e istituti scolastici. Il fil rouge della manifestazione quest\u2019anno \u00e8 \u201cDiversi e Uguali: promuoviamo l\u2019equit\u00e0\u201d a sottolineare il valore della diversit\u00e0 di ogni persona, da tutelare attraverso pari diritti e opportunit\u00e0, per una societ\u00e0 realmente inclusiva. &nbsp; Di seguito gli eventi in evidenza: Marted\u00ec 8 ottobre, ore 16.30 &#8211; 20.00 LA SCUOLA INCLUSIVA: SUPPORTI ALLA DIDATTICA Palazzo Nervegna, via Duomo \u2013 Brindisi PROGRAMMA: \u2022 16,30 \u2013 17,00 REGISTRAZIONE PARTECIPANTI \u2022 17,00 \u2013 17,15 SALUTI INIZIALI \u2022 17,15 \u2013 17,45 Il ruolo del SSN nella presa in carico e gestione dei DSA relatrice:&#8230;<\/p>\n","protected":false},"author":2,"featured_media":161909,"comment_status":"open","ping_status":"closed","sticky":false,"template":"","format":"standard","meta":{"footnotes":""},"categories":[7],"tags":[],"class_list":["post-161905","post","type-post","status-publish","format-standard","has-post-thumbnail","hentry","category-news"],"_links":{"self":[{"href":"https:\/\/www.brundisium.net\/index.php\/wp-json\/wp\/v2\/posts\/161905","targetHints":{"allow":["GET"]}}],"collection":[{"href":"https:\/\/www.brundisium.net\/index.php\/wp-json\/wp\/v2\/posts"}],"about":[{"href":"https:\/\/www.brundisium.net\/index.php\/wp-json\/wp\/v2\/types\/post"}],"author":[{"embeddable":true,"href":"https:\/\/www.brundisium.net\/index.php\/wp-json\/wp\/v2\/users\/2"}],"replies":[{"embeddable":true,"href":"https:\/\/www.brundisium.net\/index.php\/wp-json\/wp\/v2\/comments?post=161905"}],"version-history":[{"count":3,"href":"https:\/\/www.brundisium.net\/index.php\/wp-json\/wp\/v2\/posts\/161905\/revisions"}],"predecessor-version":[{"id":161912,"href":"https:\/\/www.brundisium.net\/index.php\/wp-json\/wp\/v2\/posts\/161905\/revisions\/161912"}],"wp:featuredmedia":[{"embeddable":true,"href":"https:\/\/www.brundisium.net\/index.php\/wp-json\/wp\/v2\/media\/161909"}],"wp:attachment":[{"href":"https:\/\/www.brundisium.net\/index.php\/wp-json\/wp\/v2\/media?parent=161905"}],"wp:term":[{"taxonomy":"category","embeddable":true,"href":"https:\/\/www.brundisium.net\/index.php\/wp-json\/wp\/v2\/categories?post=161905"},{"taxonomy":"post_tag","embeddable":true,"href":"https:\/\/www.brundisium.net\/index.php\/wp-json\/wp\/v2\/tags?post=161905"}],"curies":[{"name":"wp","href":"https:\/\/api.w.org\/{rel}","templated":true}]}}