{"id":162097,"date":"2019-10-08T15:02:58","date_gmt":"2019-10-08T13:02:58","guid":{"rendered":"http:\/\/www.brundisium.net\/?p=162097"},"modified":"2019-10-08T14:04:28","modified_gmt":"2019-10-08T12:04:28","slug":"bozzetti-saremo-al-fianco-degli-enti-gestori-e-familiari-degli-utenti-con-disabilita","status":"publish","type":"post","link":"https:\/\/www.brundisium.net\/index.php\/bozzetti-saremo-al-fianco-degli-enti-gestori-e-familiari-degli-utenti-con-disabilita\/","title":{"rendered":"Bozzetti: \u201cSaremo al fianco degli enti gestori e familiari degli utenti con disabilit\u00e0&#8221;"},"content":{"rendered":"<p>\u201cIl 10 ottobre saremo al fianco degli enti gestori dei servizi socio-sanitari della provincia di Brindisi e dei familiari degli utenti con disabilit\u00e0 gravissime che manifesteranno davanti alla Asl per tutelare i diritti delle persone con disabilit\u00e0\u201d. Lo dichiara il consigliere regionale del M5S Gianluca Bozzetti.<br \/>\n\u201cDa tempo &#8211; continua il consigliere pentastellato &#8211; evidenziamo le lacune di Regione e Asl nella gestione delle prestazioni socio sanitarie per la disabilit\u00e0. Solo grazie alle nostre denunce \u00e8 stata scongiurata la rideterminazione delle rette per le Comunit\u00e0 Socio- Educative Riabilitative, che avrebbe comportato un notevole abbassamento della qualit\u00e0 dei servizi offerti ed \u00e8 stato bloccato il taglio da parte della Asl di Brindisi del contributo alla spesa di trasporto degli utenti disabili presso i centri diurni socio-riabilitativi, che avrebbe avuto anche effetto retroattivo. Presenteremo una nuova interrogazione per sapere se la Regione sia a conoscenza di quanto scritto dalle associazioni nella nota per annunciare la manifestazione, ovvero il mancato riconoscimento e pagamento delle prestazioni relative ai ragazzi che hanno delle disabilit\u00e0 gravissime, la non regolamentazione del servizio di trasporto e la non applicazione della normativa regionale sulle assenze applicata per quello che riguarda la retta sociale. Gli enti gestori e le famiglie hanno bisogno di risposte certe da parte della Asl e della Regione, che continuano a latitare. Auspichiamo a breve un intervento dell\u2019assessore Ruggeri e la convocazione di un tavolo con tutti gli attori coinvolti per garantire la migliore assistenza possibile alle persone con disabilit\u00e0. Dispiace che, per ottenere quello che dovrebbe essere un diritto, a Brindisi si sia costretti a manifestare\u201d.<\/p>\n<p>&nbsp;<\/p>\n<p>\/comunicato<\/p>\n","protected":false},"excerpt":{"rendered":"<p>\u201cIl 10 ottobre saremo al fianco degli enti gestori dei servizi socio-sanitari della provincia di Brindisi e dei familiari degli utenti con disabilit\u00e0 gravissime che manifesteranno davanti alla Asl per tutelare i diritti delle persone con disabilit\u00e0\u201d. Lo dichiara il consigliere regionale del M5S Gianluca Bozzetti. \u201cDa tempo &#8211; continua il consigliere pentastellato &#8211; evidenziamo le lacune di Regione e Asl nella gestione delle prestazioni socio sanitarie per la disabilit\u00e0. Solo grazie alle nostre denunce \u00e8 stata scongiurata la rideterminazione delle rette per le Comunit\u00e0 Socio- Educative Riabilitative, che avrebbe comportato un notevole abbassamento della qualit\u00e0 dei servizi offerti ed \u00e8 stato bloccato il taglio da parte della Asl di Brindisi del contributo alla spesa di trasporto degli utenti disabili presso i centri diurni socio-riabilitativi, che avrebbe avuto anche effetto retroattivo. Presenteremo una nuova interrogazione per sapere se la Regione sia a conoscenza di quanto scritto dalle associazioni nella nota per annunciare la manifestazione, ovvero il mancato riconoscimento e pagamento delle prestazioni relative ai ragazzi che hanno delle disabilit\u00e0 gravissime,&#8230;<\/p>\n","protected":false},"author":2,"featured_media":124650,"comment_status":"open","ping_status":"closed","sticky":false,"template":"","format":"standard","meta":{"footnotes":""},"categories":[7],"tags":[],"class_list":["post-162097","post","type-post","status-publish","format-standard","has-post-thumbnail","hentry","category-news"],"_links":{"self":[{"href":"https:\/\/www.brundisium.net\/index.php\/wp-json\/wp\/v2\/posts\/162097","targetHints":{"allow":["GET"]}}],"collection":[{"href":"https:\/\/www.brundisium.net\/index.php\/wp-json\/wp\/v2\/posts"}],"about":[{"href":"https:\/\/www.brundisium.net\/index.php\/wp-json\/wp\/v2\/types\/post"}],"author":[{"embeddable":true,"href":"https:\/\/www.brundisium.net\/index.php\/wp-json\/wp\/v2\/users\/2"}],"replies":[{"embeddable":true,"href":"https:\/\/www.brundisium.net\/index.php\/wp-json\/wp\/v2\/comments?post=162097"}],"version-history":[{"count":1,"href":"https:\/\/www.brundisium.net\/index.php\/wp-json\/wp\/v2\/posts\/162097\/revisions"}],"predecessor-version":[{"id":162098,"href":"https:\/\/www.brundisium.net\/index.php\/wp-json\/wp\/v2\/posts\/162097\/revisions\/162098"}],"wp:featuredmedia":[{"embeddable":true,"href":"https:\/\/www.brundisium.net\/index.php\/wp-json\/wp\/v2\/media\/124650"}],"wp:attachment":[{"href":"https:\/\/www.brundisium.net\/index.php\/wp-json\/wp\/v2\/media?parent=162097"}],"wp:term":[{"taxonomy":"category","embeddable":true,"href":"https:\/\/www.brundisium.net\/index.php\/wp-json\/wp\/v2\/categories?post=162097"},{"taxonomy":"post_tag","embeddable":true,"href":"https:\/\/www.brundisium.net\/index.php\/wp-json\/wp\/v2\/tags?post=162097"}],"curies":[{"name":"wp","href":"https:\/\/api.w.org\/{rel}","templated":true}]}}