{"id":162229,"date":"2019-10-10T17:07:49","date_gmt":"2019-10-10T15:07:49","guid":{"rendered":"http:\/\/www.brundisium.net\/?p=162229"},"modified":"2019-10-10T17:07:49","modified_gmt":"2019-10-10T15:07:49","slug":"costituito-il-gruppo-giovani-imprenditori-di-confcommercio-brindisi","status":"publish","type":"post","link":"https:\/\/www.brundisium.net\/index.php\/costituito-il-gruppo-giovani-imprenditori-di-confcommercio-brindisi\/","title":{"rendered":"Costituito il gruppo Giovani Imprenditori di ConfCommercio Brindisi"},"content":{"rendered":"<p><img loading=\"lazy\" decoding=\"async\" class=\"alignleft size-medium wp-image-162231\" src=\"http:\/\/www.brundisium.net\/brun\/wp-content\/uploads\/2019\/10\/giovani-5-300x169.jpg\" alt=\"\" width=\"300\" height=\"169\" srcset=\"https:\/\/www.brundisium.net\/brun\/wp-content\/uploads\/2019\/10\/giovani-5-300x169.jpg 300w, https:\/\/www.brundisium.net\/brun\/wp-content\/uploads\/2019\/10\/giovani-5-768x432.jpg 768w, https:\/\/www.brundisium.net\/brun\/wp-content\/uploads\/2019\/10\/giovani-5-1024x576.jpg 1024w, https:\/\/www.brundisium.net\/brun\/wp-content\/uploads\/2019\/10\/giovani-5.jpg 1600w\" sizes=\"auto, (max-width: 300px) 100vw, 300px\" \/>Presso la sede provinciale di Brindisi si sono riuniti i giovani imprenditori della Confcommercio, alla presenza del Vice Presidente nazionale (nonch\u00e9 presidente regionale) dei Giovani Imprenditori, dott. Gaetano Frulli.<\/p>\n<p>&nbsp;<\/p>\n<p>I lavori sono stati aperti dalla direttrice della Confcommercio di Brindisi Antonia Massaro che ha ringraziato i presenti ed ha illustrato il lavoro che si sta svolgendo per offrire agli iscritti della provincia di Brindisi servizi competitivi e particolarmente utili per chi ha intrapreso un attivit\u00e0 commerciale. La signora Massaro, inoltre, ha ribadito la ferma volont\u00e0 della Confcommercio di lasciare ampi margini operativi ai giovani ed alle donne che aderiscono alla vita associativa e non \u00e8 un caso che \u00e8 gi\u00e0 stato costituito il gruppo del Terziario Donna e si sta costituendo quello dei giovani imprenditori.<\/p>\n<p>&nbsp;<\/p>\n<p>Il dott. Frulli, invece, ha illustrato l\u2019importanza del Gruppo Giovani per far radicare in maniera trasversale (e quindi in tutte le categorie del commercio) la cultura d\u2019impresa e per avere la possibilit\u00e0 di manifestare le proprie istanze in ogni sede ed anche ai rappresentanti delle istituzioni.<\/p>\n<p>&nbsp;<\/p>\n<p>Il Gruppo Giovani, poi, offre la possibilit\u00e0 di partecipare ad iniziative a carattere nazionale, cos\u00ec come a eventi di formazione che risultano fondamentali per affermarsi professionalmente.<\/p>\n<p>&nbsp;<\/p>\n<p>Dopo un ampio e approfondito dibattito, \u00e8 stato individuato un comitato di coordinamento in vista dell\u2019assemblea che dovr\u00e0 eleggere il presidente provinciale ed i componenti del direttivo. Tale assemblea avr\u00e0 luogo il prossimo 22 ottobre.<\/p>\n<p>&nbsp;<\/p>\n<p>Fanno parte del coordinamento Matteo MISSERE e Riccardo COLETTA ( San Pietro V.co); Mario MONTANARO, Cristina CUPPONE e Gloria ZURLO (Mesagne); Teodoro SEMERARO (Carovigno) ; Bruno LICCIULLI, Francesca SCATIGNO, Giulio CORCIULO, Aldo GUIDO, Giacomo RUGGIERO (Brindisi).<\/p>\n","protected":false},"excerpt":{"rendered":"<p>Presso la sede provinciale di Brindisi si sono riuniti i giovani imprenditori della Confcommercio, alla presenza del Vice Presidente nazionale (nonch\u00e9 presidente regionale) dei Giovani Imprenditori, dott. Gaetano Frulli. &nbsp; I lavori sono stati aperti dalla direttrice della Confcommercio di Brindisi Antonia Massaro che ha ringraziato i presenti ed ha illustrato il lavoro che si sta svolgendo per offrire agli iscritti della provincia di Brindisi servizi competitivi e particolarmente utili per chi ha intrapreso un attivit\u00e0 commerciale. La signora Massaro, inoltre, ha ribadito la ferma volont\u00e0 della Confcommercio di lasciare ampi margini operativi ai giovani ed alle donne che aderiscono alla vita associativa e non \u00e8 un caso che \u00e8 gi\u00e0 stato costituito il gruppo del Terziario Donna e si sta costituendo quello dei giovani imprenditori. &nbsp; Il dott. Frulli, invece, ha illustrato l\u2019importanza del Gruppo Giovani per far radicare in maniera trasversale (e quindi in tutte le categorie del commercio) la cultura d\u2019impresa e per avere la possibilit\u00e0 di manifestare le proprie istanze in ogni sede ed anche ai&#8230;<\/p>\n","protected":false},"author":2,"featured_media":162230,"comment_status":"open","ping_status":"closed","sticky":false,"template":"","format":"standard","meta":{"footnotes":""},"categories":[7],"tags":[],"class_list":["post-162229","post","type-post","status-publish","format-standard","has-post-thumbnail","hentry","category-news"],"_links":{"self":[{"href":"https:\/\/www.brundisium.net\/index.php\/wp-json\/wp\/v2\/posts\/162229","targetHints":{"allow":["GET"]}}],"collection":[{"href":"https:\/\/www.brundisium.net\/index.php\/wp-json\/wp\/v2\/posts"}],"about":[{"href":"https:\/\/www.brundisium.net\/index.php\/wp-json\/wp\/v2\/types\/post"}],"author":[{"embeddable":true,"href":"https:\/\/www.brundisium.net\/index.php\/wp-json\/wp\/v2\/users\/2"}],"replies":[{"embeddable":true,"href":"https:\/\/www.brundisium.net\/index.php\/wp-json\/wp\/v2\/comments?post=162229"}],"version-history":[{"count":1,"href":"https:\/\/www.brundisium.net\/index.php\/wp-json\/wp\/v2\/posts\/162229\/revisions"}],"predecessor-version":[{"id":162232,"href":"https:\/\/www.brundisium.net\/index.php\/wp-json\/wp\/v2\/posts\/162229\/revisions\/162232"}],"wp:featuredmedia":[{"embeddable":true,"href":"https:\/\/www.brundisium.net\/index.php\/wp-json\/wp\/v2\/media\/162230"}],"wp:attachment":[{"href":"https:\/\/www.brundisium.net\/index.php\/wp-json\/wp\/v2\/media?parent=162229"}],"wp:term":[{"taxonomy":"category","embeddable":true,"href":"https:\/\/www.brundisium.net\/index.php\/wp-json\/wp\/v2\/categories?post=162229"},{"taxonomy":"post_tag","embeddable":true,"href":"https:\/\/www.brundisium.net\/index.php\/wp-json\/wp\/v2\/tags?post=162229"}],"curies":[{"name":"wp","href":"https:\/\/api.w.org\/{rel}","templated":true}]}}