{"id":162258,"date":"2019-10-11T15:06:20","date_gmt":"2019-10-11T13:06:20","guid":{"rendered":"http:\/\/www.brundisium.net\/?p=162258"},"modified":"2019-10-11T15:06:20","modified_gmt":"2019-10-11T13:06:20","slug":"e-nata-lagora-della-sinistra-a-brindisi","status":"publish","type":"post","link":"https:\/\/www.brundisium.net\/index.php\/e-nata-lagora-della-sinistra-a-brindisi\/","title":{"rendered":"\u00c8 nata \u201cL\u2019Agor\u00e0 della Sinistra\u201d a Brindisi"},"content":{"rendered":"<p>Mercoled\u00ec 9 ottobre si \u00e8 costituito a Brindisi il Circolo \u201cl\u2019Agor\u00e0 della Sinistra\u201d che fa riferimento alla organizzazione provinciale della Sinistra Italiana. La riunione \u00e8 stata molto partecipata con il contributo anche di compagne e compagni della provincia, di Leo Caroli, Responsabile della Task Force regionale per il Lavoro, Marilina Nocco della CGIL provinciale e Nico Bavaro, Segretario Regionale di Sinistra Italiana.<\/p>\n<p>Il Circolo rappresenta la realizzazione dello stretto intreccio politico ed organizzativo degli iscritti e simpatizzanti del Movimento \u201c\u00e8Viva\u201d, impegnato a livello nazionale nello sforzo della costruzione di una Sinistra unita, e degli iscritti e simpatizzanti di Sinistra Italiana, partito strutturato della Sinistra.<\/p>\n<p>&nbsp;<\/p>\n<p>Il Circolo vuole essere un coraggioso esempio di come si possono mettere insieme le disperse forze della Sinistra ed una scommessa sulla pi\u00f9 ampia interrelazione con i soggetti collettivi (tra cui in primis la CGIL ed i Sindacati Confederali) ed i cittadini per rispondere alle domande che sorgono drammatiche dal tessuto urbano, dalle condizioni ambientali e dal mondo del lavoro nonch\u00e9 per proporre, nel modo pi\u00f9 ampio e partecipato, dibattito e proposte di risoluzione.<\/p>\n<p>&nbsp;<\/p>\n<p>Un impegno importante che si vuole affrontare insieme alle compagne ed ai compagni di Rifondazione Comunista con cui \u00e8 condivisa una lunga storia di impegno comune e la sede in Via porta Lecce 134 ma anche insieme alle forze del Centro Sinistra con cui si partecipa al governo della Citt\u00e0, specie con quelle con cui vi \u00e8 significativa comunanza di visione sullo sviluppo di Brindisi.<br \/>\nNella riunione \u00e8 stato confermato il convinto appoggio e contributo al Sindaco Rossi ed alla Giunta di Centro Sinistra, come \u00e8 stato confermato lo stretto legame politico con l\u2019Assessore Cristiano D\u2019Errico e la Consigliera Livia Dell\u2019Anna.<\/p>\n<p>&nbsp;<\/p>\n<p>Il Circolo avvier\u00e0 una prima fase di confronti sulle tematiche sociali ed ambientali di Brindisi nonch\u00e9 di organizzazione interna.<br \/>\nPer questo lavoro iniziale e facendosi forti dei quattro anni di impegno comune gi\u00e0 sviluppato, \u00e8 stata affidata ad Enzo Casone la funzione di Coordinatore, il quale continuer\u00e0 ad interagire col Segretario Provinciale di Sinistra Italiana Pasquale Barba e promuover\u00e0 la pi\u00f9 ampia partecipazione nonch\u00e8 la individuazione di specifici gruppi di studio e lavoro.<\/p>\n<p>&nbsp;<\/p>\n<p>I valori e la rappresentanza della Sinistra esistono; bisogna avere la forza di renderli concreti e vivi nella societ\u00e0 moderna utilizzando forme nuove di partecipazione ed unit\u00e0.<\/p>\n","protected":false},"excerpt":{"rendered":"<p>Mercoled\u00ec 9 ottobre si \u00e8 costituito a Brindisi il Circolo \u201cl\u2019Agor\u00e0 della Sinistra\u201d che fa riferimento alla organizzazione provinciale della Sinistra Italiana. La riunione \u00e8 stata molto partecipata con il contributo anche di compagne e compagni della provincia, di Leo Caroli, Responsabile della Task Force regionale per il Lavoro, Marilina Nocco della CGIL provinciale e Nico Bavaro, Segretario Regionale di Sinistra Italiana. Il Circolo rappresenta la realizzazione dello stretto intreccio politico ed organizzativo degli iscritti e simpatizzanti del Movimento \u201c\u00e8Viva\u201d, impegnato a livello nazionale nello sforzo della costruzione di una Sinistra unita, e degli iscritti e simpatizzanti di Sinistra Italiana, partito strutturato della Sinistra. &nbsp; Il Circolo vuole essere un coraggioso esempio di come si possono mettere insieme le disperse forze della Sinistra ed una scommessa sulla pi\u00f9 ampia interrelazione con i soggetti collettivi (tra cui in primis la CGIL ed i Sindacati Confederali) ed i cittadini per rispondere alle domande che sorgono drammatiche dal tessuto urbano, dalle condizioni ambientali e dal mondo del lavoro nonch\u00e9 per proporre, nel modo&#8230;<\/p>\n","protected":false},"author":2,"featured_media":32990,"comment_status":"open","ping_status":"closed","sticky":false,"template":"","format":"standard","meta":{"footnotes":""},"categories":[7],"tags":[],"class_list":["post-162258","post","type-post","status-publish","format-standard","has-post-thumbnail","hentry","category-news"],"_links":{"self":[{"href":"https:\/\/www.brundisium.net\/index.php\/wp-json\/wp\/v2\/posts\/162258","targetHints":{"allow":["GET"]}}],"collection":[{"href":"https:\/\/www.brundisium.net\/index.php\/wp-json\/wp\/v2\/posts"}],"about":[{"href":"https:\/\/www.brundisium.net\/index.php\/wp-json\/wp\/v2\/types\/post"}],"author":[{"embeddable":true,"href":"https:\/\/www.brundisium.net\/index.php\/wp-json\/wp\/v2\/users\/2"}],"replies":[{"embeddable":true,"href":"https:\/\/www.brundisium.net\/index.php\/wp-json\/wp\/v2\/comments?post=162258"}],"version-history":[{"count":1,"href":"https:\/\/www.brundisium.net\/index.php\/wp-json\/wp\/v2\/posts\/162258\/revisions"}],"predecessor-version":[{"id":162259,"href":"https:\/\/www.brundisium.net\/index.php\/wp-json\/wp\/v2\/posts\/162258\/revisions\/162259"}],"wp:featuredmedia":[{"embeddable":true,"href":"https:\/\/www.brundisium.net\/index.php\/wp-json\/wp\/v2\/media\/32990"}],"wp:attachment":[{"href":"https:\/\/www.brundisium.net\/index.php\/wp-json\/wp\/v2\/media?parent=162258"}],"wp:term":[{"taxonomy":"category","embeddable":true,"href":"https:\/\/www.brundisium.net\/index.php\/wp-json\/wp\/v2\/categories?post=162258"},{"taxonomy":"post_tag","embeddable":true,"href":"https:\/\/www.brundisium.net\/index.php\/wp-json\/wp\/v2\/tags?post=162258"}],"curies":[{"name":"wp","href":"https:\/\/api.w.org\/{rel}","templated":true}]}}