{"id":162507,"date":"2019-10-16T18:00:37","date_gmt":"2019-10-16T16:00:37","guid":{"rendered":"http:\/\/www.brundisium.net\/?p=162507"},"modified":"2019-10-16T18:00:37","modified_gmt":"2019-10-16T16:00:37","slug":"approvato-lordine-del-giorno-per-garantire-liscrizione-anagrafica-dei-richiedenti-asilo-venerdi-18-liniziativa-diritti-in-comune-promossa-da-ora-tocca-a-noi","status":"publish","type":"post","link":"https:\/\/www.brundisium.net\/index.php\/approvato-lordine-del-giorno-per-garantire-liscrizione-anagrafica-dei-richiedenti-asilo-venerdi-18-liniziativa-diritti-in-comune-promossa-da-ora-tocca-a-noi\/","title":{"rendered":"Approvato l&#8217;ordine del giorno per garantire l&#8217;iscrizione anagrafica dei Richiedenti Asilo. Venerd\u00ec 18 l\u2019iniziativa \u201cDiritti In Comune\u201d promossa da Ora Tocca A Noi"},"content":{"rendered":"<p><img loading=\"lazy\" decoding=\"async\" class=\"size-medium wp-image-162508 alignleft\" src=\"http:\/\/www.brundisium.net\/brun\/wp-content\/uploads\/2019\/10\/Giulio-Gazzaneo2-290x300.jpg\" alt=\"\" width=\"290\" height=\"300\" srcset=\"https:\/\/www.brundisium.net\/brun\/wp-content\/uploads\/2019\/10\/Giulio-Gazzaneo2-290x300.jpg 290w, https:\/\/www.brundisium.net\/brun\/wp-content\/uploads\/2019\/10\/Giulio-Gazzaneo2.jpg 333w\" sizes=\"auto, (max-width: 290px) 100vw, 290px\" \/>\u201cOra tocca a noi\u201d esprime piena soddisfazione per l\u2019approvazione nello scorso Consiglio Comunale dell\u2019ordine del giorno proposto dal consigliere Giulio Gazzaneo che impegna il Sindaco di Brindisi Riccardo Rossi a garantire l\u2019iscrizione nei registri anagrafici dei richiedenti asilo, coerentemente con quanto previsto dalla normativa italiana, dai principi costituzionali e del diritto internazionale.<\/p>\n<p>&nbsp;<\/p>\n<p>Un diritto vigente ed esigibile che, dopo l\u2019approvazione del c.d. &#8220;decreto Salvini&#8221; a causa di una interpretazione errata, risultava compromesso e spesso disapplicato.<\/p>\n<p>&nbsp;<\/p>\n<p>Per il movimento questa proposta ha rappresentato una battaglia di civilt\u00e0 e giustizia, non per mero posizionamento ideologico, ma piuttosto per l\u2019impatto concreto che l\u2019iscrizione anagrafica assume per l\u2019accesso a diritti fondamentali tutelati dalla Costituzione.<\/p>\n<p>&nbsp;<\/p>\n<p>Il Consiglio Comunale di Brindisi circa un anno fa si schier\u00f2 contro il decreto sicurezza insieme a tanti altri comuni italiani, chiedendo al Ministero dell&#8217;Interno e al Governo di sospenderne gli effetti ed aprire un confronto con le citt\u00e0 italiane.<\/p>\n<p>&nbsp;<\/p>\n<p>L\u2019applicazione del decreto, poi convertito in legge, ha invece aperto la strada ad una gestione politica e mediatica delle politiche sull\u2019immigrazione aggressiva e denigratoria, fondata sulla diffusione di odio e paura verso lo straniero, su una becera e continua propaganda sulla pelle dei diritti delle persone.<\/p>\n<p>&nbsp;<\/p>\n<p>In questo contesto c&#8217;\u00e8 chi resiste e si oppone a tale disegno, ed ogni giorno continua a lavorare per la costruzione di una societ\u00e0 pi\u00f9 giusta, libera, multiculturale e democratica, in cui siano garantiti i diritti di tutti e soprattutto dei soggetti pi\u00f9 fragili, come chi chiede protezione umanitaria da un paese in guerra.<\/p>\n<p>&nbsp;<\/p>\n<p>Come amministrazione continueremo a lavorare in questa direzione, rinnovando l\u2019invito all\u2019attuale Governo ad abrogare i decreti sicurezza e procedere ad emanare una nuova legislazione in materia, frutto anche del supporto e del contributo degli enti locali.<\/p>\n<p>&nbsp;<\/p>\n<p>A tal proposito, il movimento \u201cOra tocca a noi\u201d promuove il dibattito \u201cDiritti in comune \u2013 La risposta degli enti locali ai decreti sicurezza\u201d in programma venerd\u00ec 18 ottobre alle ore 18:00 presso la Sala Conferenze di Palazzo Nervegna. Sar\u00e0 l\u2019occasione per approfondire la proposta appena approvata in Consiglio e si aprir\u00e0 la discussione, inoltre, circa l\u2019analisi di quali pratiche di governo dei territori si possano sviluppare per costruire un argine ed una alternativa al modello dei decreti sicurezza. Diversi gli ospiti di rilievo che siederanno al tavolo del confronto: dopo l\u2019introduzione del consigliere comunale Giulio Gazzaneo, interverranno Francesco Ferri, Migration Manager di ActionAid Italia, l\u2019avv. Paola Bacca di \u201cAvvocato\u00a0di Strada Onlus\u201d Brindisi, il Sindaco di Lecce Carlo Salvemini e il Sindaco di Brindisi Riccardo Rossi.<\/p>\n<p>&nbsp;<\/p>\n<p>&nbsp;<\/p>\n<p><em><strong>Comunicato stampa &#8211; Ora tocca a noi<\/strong><\/em><\/p>\n","protected":false},"excerpt":{"rendered":"<p>\u201cOra tocca a noi\u201d esprime piena soddisfazione per l\u2019approvazione nello scorso Consiglio Comunale dell\u2019ordine del giorno proposto dal consigliere Giulio Gazzaneo che impegna il Sindaco di Brindisi Riccardo Rossi a garantire l\u2019iscrizione nei registri anagrafici dei richiedenti asilo, coerentemente con quanto previsto dalla normativa italiana, dai principi costituzionali e del diritto internazionale. &nbsp; Un diritto vigente ed esigibile che, dopo l\u2019approvazione del c.d. &#8220;decreto Salvini&#8221; a causa di una interpretazione errata, risultava compromesso e spesso disapplicato. &nbsp; Per il movimento questa proposta ha rappresentato una battaglia di civilt\u00e0 e giustizia, non per mero posizionamento ideologico, ma piuttosto per l\u2019impatto concreto che l\u2019iscrizione anagrafica assume per l\u2019accesso a diritti fondamentali tutelati dalla Costituzione. &nbsp; Il Consiglio Comunale di Brindisi circa un anno fa si schier\u00f2 contro il decreto sicurezza insieme a tanti altri comuni italiani, chiedendo al Ministero dell&#8217;Interno e al Governo di sospenderne gli effetti ed aprire un confronto con le citt\u00e0 italiane. &nbsp; L\u2019applicazione del decreto, poi convertito in legge, ha invece aperto la strada ad una gestione politica&#8230;<\/p>\n","protected":false},"author":2,"featured_media":162509,"comment_status":"open","ping_status":"closed","sticky":false,"template":"","format":"standard","meta":{"footnotes":""},"categories":[7],"tags":[],"class_list":["post-162507","post","type-post","status-publish","format-standard","has-post-thumbnail","hentry","category-news"],"_links":{"self":[{"href":"https:\/\/www.brundisium.net\/index.php\/wp-json\/wp\/v2\/posts\/162507","targetHints":{"allow":["GET"]}}],"collection":[{"href":"https:\/\/www.brundisium.net\/index.php\/wp-json\/wp\/v2\/posts"}],"about":[{"href":"https:\/\/www.brundisium.net\/index.php\/wp-json\/wp\/v2\/types\/post"}],"author":[{"embeddable":true,"href":"https:\/\/www.brundisium.net\/index.php\/wp-json\/wp\/v2\/users\/2"}],"replies":[{"embeddable":true,"href":"https:\/\/www.brundisium.net\/index.php\/wp-json\/wp\/v2\/comments?post=162507"}],"version-history":[{"count":1,"href":"https:\/\/www.brundisium.net\/index.php\/wp-json\/wp\/v2\/posts\/162507\/revisions"}],"predecessor-version":[{"id":162510,"href":"https:\/\/www.brundisium.net\/index.php\/wp-json\/wp\/v2\/posts\/162507\/revisions\/162510"}],"wp:featuredmedia":[{"embeddable":true,"href":"https:\/\/www.brundisium.net\/index.php\/wp-json\/wp\/v2\/media\/162509"}],"wp:attachment":[{"href":"https:\/\/www.brundisium.net\/index.php\/wp-json\/wp\/v2\/media?parent=162507"}],"wp:term":[{"taxonomy":"category","embeddable":true,"href":"https:\/\/www.brundisium.net\/index.php\/wp-json\/wp\/v2\/categories?post=162507"},{"taxonomy":"post_tag","embeddable":true,"href":"https:\/\/www.brundisium.net\/index.php\/wp-json\/wp\/v2\/tags?post=162507"}],"curies":[{"name":"wp","href":"https:\/\/api.w.org\/{rel}","templated":true}]}}